{"id":94269,"date":"2014-01-22T13:40:19","date_gmt":"2014-01-22T15:40:19","guid":{"rendered":"http:\/\/www.agrund.com\/?p=94269"},"modified":"2014-01-22T13:32:21","modified_gmt":"2014-01-22T15:32:21","slug":"semana-de-alta-costura-vionnet-verao-2014","status":"publish","type":"post","link":"https:\/\/agrund.com\/index.php\/semana-de-alta-costura-vionnet-verao-2014\/","title":{"rendered":"Semana de Alta Costura :: Vionnet Ver\u00e3o 2014"},"content":{"rendered":"<p>A executiva de neg\u00f3cios, bilion\u00e1ria e dona da marca Vionnet, Goga Ashkenaz, convidou o estilista Hussein Chalayan para criar a cole\u00e7\u00e3o de alta costura ver\u00e3o 2014 da marca. Foram poucos e marcantes os looks apresentados, mas dava para ver que o estilista trouxe frescor ao corte no vi\u00e9s e ao pliss\u00ea. Os tecidos leves, como a organza, se sobrepunham e criavam desenho sobre a pele. Um jogo de vela e revela foi criado com um vermelho forte e um voil branco extra fino. Os detalhes nas golas tornavam os vestidos verdadeiras pe\u00e7as de arte. Confira!<\/p>\n<div id=\"attachment_94270\" style=\"width: 460px\" class=\"wp-caption aligncenter\"><a href=\"https:\/\/i0.wp.com\/www.agrund.com\/wp-content\/uploads\/sites\/6\/2014\/01\/semana-de-alta-costura-vionnet-verao-2014-1.jpg\"><img aria-describedby=\"caption-attachment-94270\" data-attachment-id=\"94270\" data-permalink=\"https:\/\/agrund.com\/index.php\/semana-de-alta-costura-vionnet-verao-2014\/semana-de-alta-costura-vionnet-verao-2014-1\/\" data-orig-file=\"https:\/\/i0.wp.com\/agrund.com\/wp-content\/uploads\/sites\/6\/2014\/01\/semana-de-alta-costura-vionnet-verao-2014-1.jpg?fit=450%2C675&amp;ssl=1\" data-orig-size=\"450,675\" data-comments-opened=\"1\" data-image-meta=\"{&quot;aperture&quot;:&quot;0&quot;,&quot;credit&quot;:&quot;&quot;,&quot;camera&quot;:&quot;&quot;,&quot;caption&quot;:&quot;&quot;,&quot;created_timestamp&quot;:&quot;0&quot;,&quot;copyright&quot;:&quot;Photo: Marcus Tondo \\\/ Indigitalimages.com&quot;,&quot;focal_length&quot;:&quot;0&quot;,&quot;iso&quot;:&quot;0&quot;,&quot;shutter_speed&quot;:&quot;0&quot;,&quot;title&quot;:&quot;&quot;}\" data-image-title=\"semana-de-alta-costura-vionnet-verao-2014 (1)\" data-image-description=\"\" data-image-caption=\"&lt;p&gt;Semana de Alta Costura :: Vionnet Ver\u00e3o 2014&lt;\/p&gt;\n\" data-medium-file=\"https:\/\/i0.wp.com\/agrund.com\/wp-content\/uploads\/sites\/6\/2014\/01\/semana-de-alta-costura-vionnet-verao-2014-1.jpg?fit=200%2C300&amp;ssl=1\" data-large-file=\"https:\/\/i0.wp.com\/agrund.com\/wp-content\/uploads\/sites\/6\/2014\/01\/semana-de-alta-costura-vionnet-verao-2014-1.jpg?fit=450%2C675&amp;ssl=1\" decoding=\"async\" loading=\"lazy\" class=\"size-large wp-image-94270\" alt=\"Semana de Alta Costura :: Vionnet Ver\u00e3o 2014\" src=\"https:\/\/i0.wp.com\/www.agrund.com\/wp-content\/uploads\/sites\/6\/cache\/2014\/01\/semana-de-alta-costura-vionnet-verao-2014-1\/1499357672.jpg?resize=450%2C675\" width=\"450\" height=\"675\" data-recalc-dims=\"1\" \/><\/a><p id=\"caption-attachment-94270\" class=\"wp-caption-text\">Semana de Alta Costura :: Vionnet Ver\u00e3o 2014<\/p><\/div>\n<div id=\"attachment_94271\" style=\"width: 460px\" class=\"wp-caption aligncenter\"><a href=\"https:\/\/i0.wp.com\/www.agrund.com\/wp-content\/uploads\/sites\/6\/2014\/01\/semana-de-alta-costura-vionnet-verao-2014-2.jpg\"><img aria-describedby=\"caption-attachment-94271\" data-attachment-id=\"94271\" data-permalink=\"https:\/\/agrund.com\/index.php\/semana-de-alta-costura-vionnet-verao-2014\/semana-de-alta-costura-vionnet-verao-2014-2\/\" data-orig-file=\"https:\/\/i0.wp.com\/agrund.com\/wp-content\/uploads\/sites\/6\/2014\/01\/semana-de-alta-costura-vionnet-verao-2014-2.jpg?fit=450%2C675&amp;ssl=1\" data-orig-size=\"450,675\" data-comments-opened=\"1\" data-image-meta=\"{&quot;aperture&quot;:&quot;0&quot;,&quot;credit&quot;:&quot;&quot;,&quot;camera&quot;:&quot;&quot;,&quot;caption&quot;:&quot;&quot;,&quot;created_timestamp&quot;:&quot;0&quot;,&quot;copyright&quot;:&quot;Photo: Marcus Tondo \\\/ Indigitalimages.com&quot;,&quot;focal_length&quot;:&quot;0&quot;,&quot;iso&quot;:&quot;0&quot;,&quot;shutter_speed&quot;:&quot;0&quot;,&quot;title&quot;:&quot;&quot;}\" data-image-title=\"semana-de-alta-costura-vionnet-verao-2014 (2)\" data-image-description=\"\" data-image-caption=\"&lt;p&gt;Semana de Alta Costura :: Vionnet Ver\u00e3o 2014&lt;\/p&gt;\n\" data-medium-file=\"https:\/\/i0.wp.com\/agrund.com\/wp-content\/uploads\/sites\/6\/2014\/01\/semana-de-alta-costura-vionnet-verao-2014-2.jpg?fit=200%2C300&amp;ssl=1\" data-large-file=\"https:\/\/i0.wp.com\/agrund.com\/wp-content\/uploads\/sites\/6\/2014\/01\/semana-de-alta-costura-vionnet-verao-2014-2.jpg?fit=450%2C675&amp;ssl=1\" decoding=\"async\" loading=\"lazy\" class=\"size-large wp-image-94271\" alt=\"Semana de Alta Costura :: Vionnet Ver\u00e3o 2014\" src=\"https:\/\/i0.wp.com\/www.agrund.com\/wp-content\/uploads\/sites\/6\/cache\/2014\/01\/semana-de-alta-costura-vionnet-verao-2014-2\/3620824587.jpg?resize=450%2C675\" width=\"450\" height=\"675\" data-recalc-dims=\"1\" \/><\/a><p id=\"caption-attachment-94271\" class=\"wp-caption-text\">Semana de Alta Costura :: Vionnet Ver\u00e3o 2014<\/p><\/div>\n<div id=\"attachment_94272\" style=\"width: 460px\" class=\"wp-caption aligncenter\"><a href=\"https:\/\/i0.wp.com\/www.agrund.com\/wp-content\/uploads\/sites\/6\/2014\/01\/semana-de-alta-costura-vionnet-verao-2014-3.jpg\"><img aria-describedby=\"caption-attachment-94272\" data-attachment-id=\"94272\" data-permalink=\"https:\/\/agrund.com\/index.php\/semana-de-alta-costura-vionnet-verao-2014\/semana-de-alta-costura-vionnet-verao-2014-3\/\" data-orig-file=\"https:\/\/i0.wp.com\/agrund.com\/wp-content\/uploads\/sites\/6\/2014\/01\/semana-de-alta-costura-vionnet-verao-2014-3.jpg?fit=450%2C675&amp;ssl=1\" data-orig-size=\"450,675\" data-comments-opened=\"1\" data-image-meta=\"{&quot;aperture&quot;:&quot;0&quot;,&quot;credit&quot;:&quot;&quot;,&quot;camera&quot;:&quot;&quot;,&quot;caption&quot;:&quot;&quot;,&quot;created_timestamp&quot;:&quot;0&quot;,&quot;copyright&quot;:&quot;Photo: Marcus Tondo \\\/ Indigitalimages.com&quot;,&quot;focal_length&quot;:&quot;0&quot;,&quot;iso&quot;:&quot;0&quot;,&quot;shutter_speed&quot;:&quot;0&quot;,&quot;title&quot;:&quot;&quot;}\" data-image-title=\"semana-de-alta-costura-vionnet-verao-2014 (3)\" data-image-description=\"\" data-image-caption=\"&lt;p&gt;Semana de Alta Costura :: Vionnet Ver\u00e3o 2014&lt;\/p&gt;\n\" data-medium-file=\"https:\/\/i0.wp.com\/agrund.com\/wp-content\/uploads\/sites\/6\/2014\/01\/semana-de-alta-costura-vionnet-verao-2014-3.jpg?fit=200%2C300&amp;ssl=1\" data-large-file=\"https:\/\/i0.wp.com\/agrund.com\/wp-content\/uploads\/sites\/6\/2014\/01\/semana-de-alta-costura-vionnet-verao-2014-3.jpg?fit=450%2C675&amp;ssl=1\" decoding=\"async\" loading=\"lazy\" class=\"size-large wp-image-94272\" alt=\"Semana de Alta Costura :: Vionnet Ver\u00e3o 2014\" src=\"https:\/\/i0.wp.com\/www.agrund.com\/wp-content\/uploads\/sites\/6\/cache\/2014\/01\/semana-de-alta-costura-vionnet-verao-2014-3\/461072021.jpg?resize=450%2C675\" width=\"450\" height=\"675\" data-recalc-dims=\"1\" \/><\/a><p id=\"caption-attachment-94272\" class=\"wp-caption-text\">Semana de Alta Costura :: Vionnet Ver\u00e3o 2014<\/p><\/div>\n<div id=\"attachment_94273\" style=\"width: 460px\" class=\"wp-caption aligncenter\"><a href=\"https:\/\/i0.wp.com\/www.agrund.com\/wp-content\/uploads\/sites\/6\/2014\/01\/semana-de-alta-costura-vionnet-verao-2014-4.jpg\"><img aria-describedby=\"caption-attachment-94273\" data-attachment-id=\"94273\" data-permalink=\"https:\/\/agrund.com\/index.php\/semana-de-alta-costura-vionnet-verao-2014\/semana-de-alta-costura-vionnet-verao-2014-4\/\" data-orig-file=\"https:\/\/i0.wp.com\/agrund.com\/wp-content\/uploads\/sites\/6\/2014\/01\/semana-de-alta-costura-vionnet-verao-2014-4.jpg?fit=450%2C675&amp;ssl=1\" data-orig-size=\"450,675\" data-comments-opened=\"1\" data-image-meta=\"{&quot;aperture&quot;:&quot;0&quot;,&quot;credit&quot;:&quot;&quot;,&quot;camera&quot;:&quot;&quot;,&quot;caption&quot;:&quot;&quot;,&quot;created_timestamp&quot;:&quot;0&quot;,&quot;copyright&quot;:&quot;Photo: Marcus Tondo \\\/ Indigitalimages.com&quot;,&quot;focal_length&quot;:&quot;0&quot;,&quot;iso&quot;:&quot;0&quot;,&quot;shutter_speed&quot;:&quot;0&quot;,&quot;title&quot;:&quot;&quot;}\" data-image-title=\"semana-de-alta-costura-vionnet-verao-2014 (4)\" data-image-description=\"\" data-image-caption=\"&lt;p&gt;Semana de Alta Costura :: Vionnet Ver\u00e3o 2014&lt;\/p&gt;\n\" data-medium-file=\"https:\/\/i0.wp.com\/agrund.com\/wp-content\/uploads\/sites\/6\/2014\/01\/semana-de-alta-costura-vionnet-verao-2014-4.jpg?fit=200%2C300&amp;ssl=1\" data-large-file=\"https:\/\/i0.wp.com\/agrund.com\/wp-content\/uploads\/sites\/6\/2014\/01\/semana-de-alta-costura-vionnet-verao-2014-4.jpg?fit=450%2C675&amp;ssl=1\" decoding=\"async\" loading=\"lazy\" class=\"size-large wp-image-94273\" alt=\"Semana de Alta Costura :: Vionnet Ver\u00e3o 2014\" src=\"https:\/\/i0.wp.com\/www.agrund.com\/wp-content\/uploads\/sites\/6\/cache\/2014\/01\/semana-de-alta-costura-vionnet-verao-2014-4\/297693068.jpg?resize=450%2C675\" width=\"450\" height=\"675\" data-recalc-dims=\"1\" \/><\/a><p id=\"caption-attachment-94273\" class=\"wp-caption-text\">Semana de Alta Costura :: Vionnet Ver\u00e3o 2014<\/p><\/div>\n<div id=\"attachment_94274\" style=\"width: 460px\" class=\"wp-caption aligncenter\"><a href=\"https:\/\/i0.wp.com\/www.agrund.com\/wp-content\/uploads\/sites\/6\/2014\/01\/semana-de-alta-costura-vionnet-verao-2014-5.jpg\"><img aria-describedby=\"caption-attachment-94274\" data-attachment-id=\"94274\" data-permalink=\"https:\/\/agrund.com\/index.php\/semana-de-alta-costura-vionnet-verao-2014\/semana-de-alta-costura-vionnet-verao-2014-5\/\" data-orig-file=\"https:\/\/i0.wp.com\/agrund.com\/wp-content\/uploads\/sites\/6\/2014\/01\/semana-de-alta-costura-vionnet-verao-2014-5.jpg?fit=450%2C675&amp;ssl=1\" data-orig-size=\"450,675\" data-comments-opened=\"1\" data-image-meta=\"{&quot;aperture&quot;:&quot;0&quot;,&quot;credit&quot;:&quot;&quot;,&quot;camera&quot;:&quot;&quot;,&quot;caption&quot;:&quot;&quot;,&quot;created_timestamp&quot;:&quot;0&quot;,&quot;copyright&quot;:&quot;Photo: Marcus Tondo \\\/ Indigitalimages.com&quot;,&quot;focal_length&quot;:&quot;0&quot;,&quot;iso&quot;:&quot;0&quot;,&quot;shutter_speed&quot;:&quot;0&quot;,&quot;title&quot;:&quot;&quot;}\" data-image-title=\"semana-de-alta-costura-vionnet-verao-2014 (5)\" data-image-description=\"\" data-image-caption=\"&lt;p&gt;Semana de Alta Costura :: Vionnet Ver\u00e3o 2014&lt;\/p&gt;\n\" data-medium-file=\"https:\/\/i0.wp.com\/agrund.com\/wp-content\/uploads\/sites\/6\/2014\/01\/semana-de-alta-costura-vionnet-verao-2014-5.jpg?fit=200%2C300&amp;ssl=1\" data-large-file=\"https:\/\/i0.wp.com\/agrund.com\/wp-content\/uploads\/sites\/6\/2014\/01\/semana-de-alta-costura-vionnet-verao-2014-5.jpg?fit=450%2C675&amp;ssl=1\" decoding=\"async\" loading=\"lazy\" class=\"size-large wp-image-94274\" alt=\"Semana de Alta Costura :: Vionnet Ver\u00e3o 2014\" src=\"https:\/\/i0.wp.com\/www.agrund.com\/wp-content\/uploads\/sites\/6\/cache\/2014\/01\/semana-de-alta-costura-vionnet-verao-2014-5\/3709103890.jpg?resize=450%2C675\" width=\"450\" height=\"675\" data-recalc-dims=\"1\" \/><\/a><p id=\"caption-attachment-94274\" class=\"wp-caption-text\">Semana de Alta Costura :: Vionnet Ver\u00e3o 2014<\/p><\/div>\n<div id=\"attachment_94275\" style=\"width: 460px\" class=\"wp-caption aligncenter\"><a href=\"https:\/\/i0.wp.com\/www.agrund.com\/wp-content\/uploads\/sites\/6\/2014\/01\/semana-de-alta-costura-vionnet-verao-2014-6.jpg\"><img aria-describedby=\"caption-attachment-94275\" data-attachment-id=\"94275\" data-permalink=\"https:\/\/agrund.com\/index.php\/semana-de-alta-costura-vionnet-verao-2014\/semana-de-alta-costura-vionnet-verao-2014-6\/\" data-orig-file=\"https:\/\/i0.wp.com\/agrund.com\/wp-content\/uploads\/sites\/6\/2014\/01\/semana-de-alta-costura-vionnet-verao-2014-6.jpg?fit=450%2C675&amp;ssl=1\" data-orig-size=\"450,675\" data-comments-opened=\"1\" data-image-meta=\"{&quot;aperture&quot;:&quot;0&quot;,&quot;credit&quot;:&quot;&quot;,&quot;camera&quot;:&quot;&quot;,&quot;caption&quot;:&quot;&quot;,&quot;created_timestamp&quot;:&quot;0&quot;,&quot;copyright&quot;:&quot;Photo: Marcus Tondo \\\/ Indigitalimages.com&quot;,&quot;focal_length&quot;:&quot;0&quot;,&quot;iso&quot;:&quot;0&quot;,&quot;shutter_speed&quot;:&quot;0&quot;,&quot;title&quot;:&quot;&quot;}\" data-image-title=\"semana-de-alta-costura-vionnet-verao-2014 (6)\" data-image-description=\"\" data-image-caption=\"&lt;p&gt;Semana de Alta Costura :: Vionnet Ver\u00e3o 2014&lt;\/p&gt;\n\" data-medium-file=\"https:\/\/i0.wp.com\/agrund.com\/wp-content\/uploads\/sites\/6\/2014\/01\/semana-de-alta-costura-vionnet-verao-2014-6.jpg?fit=200%2C300&amp;ssl=1\" data-large-file=\"https:\/\/i0.wp.com\/agrund.com\/wp-content\/uploads\/sites\/6\/2014\/01\/semana-de-alta-costura-vionnet-verao-2014-6.jpg?fit=450%2C675&amp;ssl=1\" decoding=\"async\" loading=\"lazy\" class=\"size-large wp-image-94275\" alt=\"Semana de Alta Costura :: Vionnet Ver\u00e3o 2014\" src=\"https:\/\/i0.wp.com\/www.agrund.com\/wp-content\/uploads\/sites\/6\/cache\/2014\/01\/semana-de-alta-costura-vionnet-verao-2014-6\/1402693873.jpg?resize=450%2C675\" width=\"450\" height=\"675\" data-recalc-dims=\"1\" \/><\/a><p id=\"caption-attachment-94275\" class=\"wp-caption-text\">Semana de Alta Costura :: Vionnet Ver\u00e3o 2014<\/p><\/div>\n<div id=\"attachment_94276\" style=\"width: 460px\" class=\"wp-caption aligncenter\"><a href=\"https:\/\/i0.wp.com\/www.agrund.com\/wp-content\/uploads\/sites\/6\/2014\/01\/semana-de-alta-costura-vionnet-verao-2014-7.jpg\"><img aria-describedby=\"caption-attachment-94276\" data-attachment-id=\"94276\" data-permalink=\"https:\/\/agrund.com\/index.php\/semana-de-alta-costura-vionnet-verao-2014\/semana-de-alta-costura-vionnet-verao-2014-7\/\" data-orig-file=\"https:\/\/i0.wp.com\/agrund.com\/wp-content\/uploads\/sites\/6\/2014\/01\/semana-de-alta-costura-vionnet-verao-2014-7.jpg?fit=450%2C675&amp;ssl=1\" data-orig-size=\"450,675\" data-comments-opened=\"1\" data-image-meta=\"{&quot;aperture&quot;:&quot;0&quot;,&quot;credit&quot;:&quot;&quot;,&quot;camera&quot;:&quot;&quot;,&quot;caption&quot;:&quot;&quot;,&quot;created_timestamp&quot;:&quot;0&quot;,&quot;copyright&quot;:&quot;Photo: Marcus Tondo \\\/ Indigitalimages.com&quot;,&quot;focal_length&quot;:&quot;0&quot;,&quot;iso&quot;:&quot;0&quot;,&quot;shutter_speed&quot;:&quot;0&quot;,&quot;title&quot;:&quot;&quot;}\" data-image-title=\"semana-de-alta-costura-vionnet-verao-2014 (7)\" data-image-description=\"\" data-image-caption=\"&lt;p&gt;Semana de Alta Costura :: Vionnet Ver\u00e3o 2014&lt;\/p&gt;\n\" data-medium-file=\"https:\/\/i0.wp.com\/agrund.com\/wp-content\/uploads\/sites\/6\/2014\/01\/semana-de-alta-costura-vionnet-verao-2014-7.jpg?fit=200%2C300&amp;ssl=1\" data-large-file=\"https:\/\/i0.wp.com\/agrund.com\/wp-content\/uploads\/sites\/6\/2014\/01\/semana-de-alta-costura-vionnet-verao-2014-7.jpg?fit=450%2C675&amp;ssl=1\" decoding=\"async\" loading=\"lazy\" class=\"size-large wp-image-94276\" alt=\"Semana de Alta Costura :: Vionnet Ver\u00e3o 2014\" src=\"https:\/\/i0.wp.com\/www.agrund.com\/wp-content\/uploads\/sites\/6\/cache\/2014\/01\/semana-de-alta-costura-vionnet-verao-2014-7\/2670815343.jpg?resize=450%2C675\" width=\"450\" height=\"675\" data-recalc-dims=\"1\" \/><\/a><p id=\"caption-attachment-94276\" class=\"wp-caption-text\">Semana de Alta Costura :: Vionnet Ver\u00e3o 2014<\/p><\/div>\n<div id=\"attachment_94277\" style=\"width: 460px\" class=\"wp-caption aligncenter\"><a href=\"https:\/\/i0.wp.com\/www.agrund.com\/wp-content\/uploads\/sites\/6\/2014\/01\/semana-de-alta-costura-vionnet-verao-2014-8.jpg\"><img aria-describedby=\"caption-attachment-94277\" data-attachment-id=\"94277\" data-permalink=\"https:\/\/agrund.com\/index.php\/semana-de-alta-costura-vionnet-verao-2014\/semana-de-alta-costura-vionnet-verao-2014-8\/\" data-orig-file=\"https:\/\/i0.wp.com\/agrund.com\/wp-content\/uploads\/sites\/6\/2014\/01\/semana-de-alta-costura-vionnet-verao-2014-8.jpg?fit=450%2C675&amp;ssl=1\" data-orig-size=\"450,675\" data-comments-opened=\"1\" data-image-meta=\"{&quot;aperture&quot;:&quot;0&quot;,&quot;credit&quot;:&quot;&quot;,&quot;camera&quot;:&quot;&quot;,&quot;caption&quot;:&quot;&quot;,&quot;created_timestamp&quot;:&quot;0&quot;,&quot;copyright&quot;:&quot;Photo: Marcus Tondo \\\/ Indigitalimages.com&quot;,&quot;focal_length&quot;:&quot;0&quot;,&quot;iso&quot;:&quot;0&quot;,&quot;shutter_speed&quot;:&quot;0&quot;,&quot;title&quot;:&quot;&quot;}\" data-image-title=\"semana-de-alta-costura-vionnet-verao-2014 (8)\" data-image-description=\"\" data-image-caption=\"&lt;p&gt;Semana de Alta Costura :: Vionnet Ver\u00e3o 2014&lt;\/p&gt;\n\" data-medium-file=\"https:\/\/i0.wp.com\/agrund.com\/wp-content\/uploads\/sites\/6\/2014\/01\/semana-de-alta-costura-vionnet-verao-2014-8.jpg?fit=200%2C300&amp;ssl=1\" data-large-file=\"https:\/\/i0.wp.com\/agrund.com\/wp-content\/uploads\/sites\/6\/2014\/01\/semana-de-alta-costura-vionnet-verao-2014-8.jpg?fit=450%2C675&amp;ssl=1\" decoding=\"async\" loading=\"lazy\" class=\"size-large wp-image-94277\" alt=\"Semana de Alta Costura :: Vionnet Ver\u00e3o 2014\" src=\"https:\/\/i0.wp.com\/www.agrund.com\/wp-content\/uploads\/sites\/6\/cache\/2014\/01\/semana-de-alta-costura-vionnet-verao-2014-8\/1175550659.jpg?resize=450%2C675\" width=\"450\" height=\"675\" data-recalc-dims=\"1\" \/><\/a><p id=\"caption-attachment-94277\" class=\"wp-caption-text\">Semana de Alta Costura :: Vionnet Ver\u00e3o 2014<\/p><\/div>\n<div id=\"attachment_94278\" style=\"width: 460px\" class=\"wp-caption aligncenter\"><a href=\"https:\/\/i0.wp.com\/www.agrund.com\/wp-content\/uploads\/sites\/6\/2014\/01\/semana-de-alta-costura-vionnet-verao-2014-9.jpg\"><img aria-describedby=\"caption-attachment-94278\" data-attachment-id=\"94278\" data-permalink=\"https:\/\/agrund.com\/index.php\/semana-de-alta-costura-vionnet-verao-2014\/semana-de-alta-costura-vionnet-verao-2014-9\/\" data-orig-file=\"https:\/\/i0.wp.com\/agrund.com\/wp-content\/uploads\/sites\/6\/2014\/01\/semana-de-alta-costura-vionnet-verao-2014-9.jpg?fit=450%2C675&amp;ssl=1\" data-orig-size=\"450,675\" data-comments-opened=\"1\" data-image-meta=\"{&quot;aperture&quot;:&quot;0&quot;,&quot;credit&quot;:&quot;&quot;,&quot;camera&quot;:&quot;&quot;,&quot;caption&quot;:&quot;&quot;,&quot;created_timestamp&quot;:&quot;0&quot;,&quot;copyright&quot;:&quot;Photo: Marcus Tondo \\\/ Indigitalimages.com&quot;,&quot;focal_length&quot;:&quot;0&quot;,&quot;iso&quot;:&quot;0&quot;,&quot;shutter_speed&quot;:&quot;0&quot;,&quot;title&quot;:&quot;&quot;}\" data-image-title=\"semana-de-alta-costura-vionnet-verao-2014 (9)\" data-image-description=\"\" data-image-caption=\"&lt;p&gt;Semana de Alta Costura :: Vionnet Ver\u00e3o 2014&lt;\/p&gt;\n\" data-medium-file=\"https:\/\/i0.wp.com\/agrund.com\/wp-content\/uploads\/sites\/6\/2014\/01\/semana-de-alta-costura-vionnet-verao-2014-9.jpg?fit=200%2C300&amp;ssl=1\" data-large-file=\"https:\/\/i0.wp.com\/agrund.com\/wp-content\/uploads\/sites\/6\/2014\/01\/semana-de-alta-costura-vionnet-verao-2014-9.jpg?fit=450%2C675&amp;ssl=1\" decoding=\"async\" loading=\"lazy\" class=\"size-large wp-image-94278\" alt=\"Semana de Alta Costura :: Vionnet Ver\u00e3o 2014\" src=\"https:\/\/i0.wp.com\/www.agrund.com\/wp-content\/uploads\/sites\/6\/cache\/2014\/01\/semana-de-alta-costura-vionnet-verao-2014-9\/2327542365.jpg?resize=450%2C675\" width=\"450\" height=\"675\" data-recalc-dims=\"1\" \/><\/a><p id=\"caption-attachment-94278\" class=\"wp-caption-text\">Semana de Alta Costura :: Vionnet Ver\u00e3o 2014<\/p><\/div>\n<div id=\"attachment_94279\" style=\"width: 460px\" class=\"wp-caption aligncenter\"><a href=\"https:\/\/i0.wp.com\/www.agrund.com\/wp-content\/uploads\/sites\/6\/2014\/01\/semana-de-alta-costura-vionnet-verao-2014-10.jpg\"><img aria-describedby=\"caption-attachment-94279\" data-attachment-id=\"94279\" data-permalink=\"https:\/\/agrund.com\/index.php\/semana-de-alta-costura-vionnet-verao-2014\/semana-de-alta-costura-vionnet-verao-2014-10\/\" data-orig-file=\"https:\/\/i0.wp.com\/agrund.com\/wp-content\/uploads\/sites\/6\/2014\/01\/semana-de-alta-costura-vionnet-verao-2014-10.jpg?fit=450%2C675&amp;ssl=1\" data-orig-size=\"450,675\" data-comments-opened=\"1\" data-image-meta=\"{&quot;aperture&quot;:&quot;0&quot;,&quot;credit&quot;:&quot;&quot;,&quot;camera&quot;:&quot;&quot;,&quot;caption&quot;:&quot;&quot;,&quot;created_timestamp&quot;:&quot;0&quot;,&quot;copyright&quot;:&quot;Photo: Marcus Tondo \\\/ Indigitalimages.com&quot;,&quot;focal_length&quot;:&quot;0&quot;,&quot;iso&quot;:&quot;0&quot;,&quot;shutter_speed&quot;:&quot;0&quot;,&quot;title&quot;:&quot;&quot;}\" data-image-title=\"semana-de-alta-costura-vionnet-verao-2014 (10)\" data-image-description=\"\" data-image-caption=\"&lt;p&gt;Semana de Alta Costura :: Vionnet Ver\u00e3o 2014&lt;\/p&gt;\n\" data-medium-file=\"https:\/\/i0.wp.com\/agrund.com\/wp-content\/uploads\/sites\/6\/2014\/01\/semana-de-alta-costura-vionnet-verao-2014-10.jpg?fit=200%2C300&amp;ssl=1\" data-large-file=\"https:\/\/i0.wp.com\/agrund.com\/wp-content\/uploads\/sites\/6\/2014\/01\/semana-de-alta-costura-vionnet-verao-2014-10.jpg?fit=450%2C675&amp;ssl=1\" decoding=\"async\" loading=\"lazy\" class=\"size-large wp-image-94279\" alt=\"Semana de Alta Costura :: Vionnet Ver\u00e3o 2014\" src=\"https:\/\/i0.wp.com\/www.agrund.com\/wp-content\/uploads\/sites\/6\/cache\/2014\/01\/semana-de-alta-costura-vionnet-verao-2014-10\/3926115203.jpg?resize=450%2C675\" width=\"450\" height=\"675\" data-recalc-dims=\"1\" \/><\/a><p id=\"caption-attachment-94279\" class=\"wp-caption-text\">Semana de Alta Costura :: Vionnet Ver\u00e3o 2014<\/p><\/div>\n<div id=\"attachment_94280\" style=\"width: 460px\" class=\"wp-caption aligncenter\"><a href=\"https:\/\/i0.wp.com\/www.agrund.com\/wp-content\/uploads\/sites\/6\/2014\/01\/semana-de-alta-costura-vionnet-verao-2014-11.jpg\"><img aria-describedby=\"caption-attachment-94280\" data-attachment-id=\"94280\" data-permalink=\"https:\/\/agrund.com\/index.php\/semana-de-alta-costura-vionnet-verao-2014\/semana-de-alta-costura-vionnet-verao-2014-11\/\" data-orig-file=\"https:\/\/i0.wp.com\/agrund.com\/wp-content\/uploads\/sites\/6\/2014\/01\/semana-de-alta-costura-vionnet-verao-2014-11.jpg?fit=450%2C675&amp;ssl=1\" data-orig-size=\"450,675\" data-comments-opened=\"1\" data-image-meta=\"{&quot;aperture&quot;:&quot;0&quot;,&quot;credit&quot;:&quot;&quot;,&quot;camera&quot;:&quot;&quot;,&quot;caption&quot;:&quot;&quot;,&quot;created_timestamp&quot;:&quot;0&quot;,&quot;copyright&quot;:&quot;Photo: Marcus Tondo \\\/ Indigitalimages.com&quot;,&quot;focal_length&quot;:&quot;0&quot;,&quot;iso&quot;:&quot;0&quot;,&quot;shutter_speed&quot;:&quot;0&quot;,&quot;title&quot;:&quot;&quot;}\" data-image-title=\"semana-de-alta-costura-vionnet-verao-2014 (11)\" data-image-description=\"\" data-image-caption=\"&lt;p&gt;Semana de Alta Costura :: Vionnet Ver\u00e3o 2014&lt;\/p&gt;\n\" data-medium-file=\"https:\/\/i0.wp.com\/agrund.com\/wp-content\/uploads\/sites\/6\/2014\/01\/semana-de-alta-costura-vionnet-verao-2014-11.jpg?fit=200%2C300&amp;ssl=1\" data-large-file=\"https:\/\/i0.wp.com\/agrund.com\/wp-content\/uploads\/sites\/6\/2014\/01\/semana-de-alta-costura-vionnet-verao-2014-11.jpg?fit=450%2C675&amp;ssl=1\" decoding=\"async\" loading=\"lazy\" class=\"size-large wp-image-94280\" alt=\"Semana de Alta Costura :: Vionnet Ver\u00e3o 2014\" src=\"https:\/\/i0.wp.com\/www.agrund.com\/wp-content\/uploads\/sites\/6\/cache\/2014\/01\/semana-de-alta-costura-vionnet-verao-2014-11\/648659741.jpg?resize=450%2C675\" width=\"450\" height=\"675\" data-recalc-dims=\"1\" \/><\/a><p id=\"caption-attachment-94280\" class=\"wp-caption-text\">Semana de Alta Costura :: Vionnet Ver\u00e3o 2014<\/p><\/div>\n<p>Imagens: Reprodu\u00e7\u00e3o.<\/p>\n","protected":false},"excerpt":{"rendered":"<p>A executiva de neg\u00f3cios, bilion\u00e1ria e dona da marca Vionnet, Goga Ashkenaz, convidou o estilista Hussein Chalayan para criar a cole\u00e7\u00e3o de alta costura ver\u00e3o 2014 da marca. Foram poucos e marcantes os looks apresentados, mas dava para ver que o estilista trouxe frescor ao corte no vi\u00e9s e ao pliss\u00ea. Os tecidos leves, como [&hellip;]<\/p>\n","protected":false},"author":1,"featured_media":94281,"comment_status":"open","ping_status":"open","sticky":false,"template":"","format":"standard","meta":{"jetpack_post_was_ever_published":false,"_jetpack_newsletter_access":"","jetpack_publicize_message":"","jetpack_is_tweetstorm":false,"jetpack_publicize_feature_enabled":true,"jetpack_social_post_already_shared":true,"jetpack_social_options":{"image_generator_settings":{"template":"highway","enabled":false}}},"categories":[9,2],"tags":[],"jetpack_publicize_connections":[],"jetpack_featured_media_url":"https:\/\/i0.wp.com\/agrund.com\/wp-content\/uploads\/sites\/6\/2014\/01\/slide131.jpg?fit=960%2C321&ssl=1","jetpack_sharing_enabled":true,"jetpack_shortlink":"https:\/\/wp.me\/p3Hz0n-owt","jetpack_likes_enabled":true,"_links":{"self":[{"href":"https:\/\/agrund.com\/index.php\/wp-json\/wp\/v2\/posts\/94269"}],"collection":[{"href":"https:\/\/agrund.com\/index.php\/wp-json\/wp\/v2\/posts"}],"about":[{"href":"https:\/\/agrund.com\/index.php\/wp-json\/wp\/v2\/types\/post"}],"author":[{"embeddable":true,"href":"https:\/\/agrund.com\/index.php\/wp-json\/wp\/v2\/users\/1"}],"replies":[{"embeddable":true,"href":"https:\/\/agrund.com\/index.php\/wp-json\/wp\/v2\/comments?post=94269"}],"version-history":[{"count":0,"href":"https:\/\/agrund.com\/index.php\/wp-json\/wp\/v2\/posts\/94269\/revisions"}],"wp:featuredmedia":[{"embeddable":true,"href":"https:\/\/agrund.com\/index.php\/wp-json\/wp\/v2\/media\/94281"}],"wp:attachment":[{"href":"https:\/\/agrund.com\/index.php\/wp-json\/wp\/v2\/media?parent=94269"}],"wp:term":[{"taxonomy":"category","embeddable":true,"href":"https:\/\/agrund.com\/index.php\/wp-json\/wp\/v2\/categories?post=94269"},{"taxonomy":"post_tag","embeddable":true,"href":"https:\/\/agrund.com\/index.php\/wp-json\/wp\/v2\/tags?post=94269"}],"curies":[{"name":"wp","href":"https:\/\/api.w.org\/{rel}","templated":true}]}}