{"id":94243,"date":"2014-01-22T12:40:33","date_gmt":"2014-01-22T14:40:33","guid":{"rendered":"http:\/\/www.agrund.com\/?p=94243"},"modified":"2014-01-22T12:35:35","modified_gmt":"2014-01-22T14:35:35","slug":"semana-de-alta-costura-chanel-verao-2014","status":"publish","type":"post","link":"https:\/\/agrund.com\/index.php\/semana-de-alta-costura-chanel-verao-2014\/","title":{"rendered":"Semana de Alta Costura :: Chanel Ver\u00e3o 2014"},"content":{"rendered":"<p>A cole\u00e7\u00e3o da Chanel Alta Costura Ver\u00e3o 2014 deixou todo mundo com vontade de praticar esportes. Calma! N\u00e3o eram roupas para academia. O universo esportivo inspirou Karl Lagerfeld em sua bela apresenta\u00e7\u00e3o. Vamos come\u00e7ar falando dos p\u00e9s. Os vestidos, saias e conjuntos foram todos apresentados com t\u00eanis. Isso mesmo, os t\u00eanis de alta costura que chegar\u00e3o \u00e1s lojas por tr\u00eas mil euros o par. E as roupas tinham sim uma forte refer\u00eancia para a moda de rua. O que percebemos foi uma cintura marcada, tipo corset, que recebia boleros, jaquetas, tops regatas nos melhores tecidos \u00e1 La Chanel. O brilho que se movimentava nas roupas deixava a pe\u00e7a mais sofisticada. No styling, a licen\u00e7a po\u00e9tica esportiva deu liberdade ao criador de usar joelheiras e cotoveleiras, al\u00e9m de claro, pol\u00eamicas pochetes. E a\u00ed, eu tenho certeza que agora o acess\u00f3rio volta forte, mas com o embasamento de Karl Lagerfeld para Maison Chanel. Definitivamente essa foi a cole\u00e7\u00e3o mais jovem que o estilista alem\u00e3o criou para a tradicional marca francesa, o que mostra que o mercado est\u00e1 interessado mesmo nesse segmento ou querendo que as pessoas mais maduras se sintam jovens usando essas produ\u00e7\u00f5es.<\/p>\n<div id=\"attachment_94244\" style=\"width: 460px\" class=\"wp-caption aligncenter\"><a href=\"https:\/\/i0.wp.com\/www.agrund.com\/wp-content\/uploads\/sites\/6\/2014\/01\/semana-de-alta-costura-chanel-verao-2014-1.jpg\"><img aria-describedby=\"caption-attachment-94244\" data-attachment-id=\"94244\" data-permalink=\"https:\/\/agrund.com\/index.php\/semana-de-alta-costura-chanel-verao-2014\/semana-de-alta-costura-chanel-verao-2014-1\/\" data-orig-file=\"https:\/\/i0.wp.com\/agrund.com\/wp-content\/uploads\/sites\/6\/2014\/01\/semana-de-alta-costura-chanel-verao-2014-1.jpg?fit=450%2C675&amp;ssl=1\" data-orig-size=\"450,675\" data-comments-opened=\"1\" data-image-meta=\"{&quot;aperture&quot;:&quot;0&quot;,&quot;credit&quot;:&quot;&quot;,&quot;camera&quot;:&quot;&quot;,&quot;caption&quot;:&quot;&quot;,&quot;created_timestamp&quot;:&quot;0&quot;,&quot;copyright&quot;:&quot;Photo: Yannis Vlamos \\\/ Indigitalimages.com&quot;,&quot;focal_length&quot;:&quot;0&quot;,&quot;iso&quot;:&quot;0&quot;,&quot;shutter_speed&quot;:&quot;0&quot;,&quot;title&quot;:&quot;&quot;}\" data-image-title=\"semana-de-alta-costura-chanel-verao-2014 (1)\" data-image-description=\"\" data-image-caption=\"&lt;p&gt;Semana de Alta Costura :: Chanel Ver\u00e3o 2014&lt;\/p&gt;\n\" data-medium-file=\"https:\/\/i0.wp.com\/agrund.com\/wp-content\/uploads\/sites\/6\/2014\/01\/semana-de-alta-costura-chanel-verao-2014-1.jpg?fit=200%2C300&amp;ssl=1\" data-large-file=\"https:\/\/i0.wp.com\/agrund.com\/wp-content\/uploads\/sites\/6\/2014\/01\/semana-de-alta-costura-chanel-verao-2014-1.jpg?fit=450%2C675&amp;ssl=1\" decoding=\"async\" loading=\"lazy\" class=\"size-large wp-image-94244\" alt=\"Semana de Alta Costura :: Chanel Ver\u00e3o 2014\" src=\"https:\/\/i0.wp.com\/www.agrund.com\/wp-content\/uploads\/sites\/6\/cache\/2014\/01\/semana-de-alta-costura-chanel-verao-2014-1\/2068352490.jpg?resize=450%2C675\" width=\"450\" height=\"675\" data-recalc-dims=\"1\" \/><\/a><p id=\"caption-attachment-94244\" class=\"wp-caption-text\">Semana de Alta Costura :: Chanel Ver\u00e3o 2014<\/p><\/div>\n<div id=\"attachment_94245\" style=\"width: 460px\" class=\"wp-caption aligncenter\"><a href=\"https:\/\/i0.wp.com\/www.agrund.com\/wp-content\/uploads\/sites\/6\/2014\/01\/semana-de-alta-costura-chanel-verao-2014-13.jpg\"><img aria-describedby=\"caption-attachment-94245\" data-attachment-id=\"94245\" data-permalink=\"https:\/\/agrund.com\/index.php\/semana-de-alta-costura-chanel-verao-2014\/semana-de-alta-costura-chanel-verao-2014-13\/\" data-orig-file=\"https:\/\/i0.wp.com\/agrund.com\/wp-content\/uploads\/sites\/6\/2014\/01\/semana-de-alta-costura-chanel-verao-2014-13.jpg?fit=450%2C675&amp;ssl=1\" data-orig-size=\"450,675\" data-comments-opened=\"1\" data-image-meta=\"{&quot;aperture&quot;:&quot;0&quot;,&quot;credit&quot;:&quot;&quot;,&quot;camera&quot;:&quot;&quot;,&quot;caption&quot;:&quot;&quot;,&quot;created_timestamp&quot;:&quot;0&quot;,&quot;copyright&quot;:&quot;Photo: Yannis Vlamos \\\/ Indigitalimages.com&quot;,&quot;focal_length&quot;:&quot;0&quot;,&quot;iso&quot;:&quot;0&quot;,&quot;shutter_speed&quot;:&quot;0&quot;,&quot;title&quot;:&quot;&quot;}\" data-image-title=\"semana-de-alta-costura-chanel-verao-2014 (13)\" data-image-description=\"\" data-image-caption=\"&lt;p&gt;Semana de Alta Costura :: Chanel Ver\u00e3o 2014&lt;\/p&gt;\n\" data-medium-file=\"https:\/\/i0.wp.com\/agrund.com\/wp-content\/uploads\/sites\/6\/2014\/01\/semana-de-alta-costura-chanel-verao-2014-13.jpg?fit=200%2C300&amp;ssl=1\" data-large-file=\"https:\/\/i0.wp.com\/agrund.com\/wp-content\/uploads\/sites\/6\/2014\/01\/semana-de-alta-costura-chanel-verao-2014-13.jpg?fit=450%2C675&amp;ssl=1\" decoding=\"async\" loading=\"lazy\" class=\"size-large wp-image-94245\" alt=\"Semana de Alta Costura :: Chanel Ver\u00e3o 2014\" src=\"https:\/\/i0.wp.com\/www.agrund.com\/wp-content\/uploads\/sites\/6\/cache\/2014\/01\/semana-de-alta-costura-chanel-verao-2014-13\/2184399613.jpg?resize=450%2C675\" width=\"450\" height=\"675\" data-recalc-dims=\"1\" \/><\/a><p id=\"caption-attachment-94245\" class=\"wp-caption-text\">Semana de Alta Costura :: Chanel Ver\u00e3o 2014<\/p><\/div>\n<div id=\"attachment_94246\" style=\"width: 460px\" class=\"wp-caption aligncenter\"><a href=\"https:\/\/i0.wp.com\/www.agrund.com\/wp-content\/uploads\/sites\/6\/2014\/01\/semana-de-alta-costura-chanel-verao-2014-14.jpg\"><img aria-describedby=\"caption-attachment-94246\" data-attachment-id=\"94246\" data-permalink=\"https:\/\/agrund.com\/index.php\/semana-de-alta-costura-chanel-verao-2014\/semana-de-alta-costura-chanel-verao-2014-14\/\" data-orig-file=\"https:\/\/i0.wp.com\/agrund.com\/wp-content\/uploads\/sites\/6\/2014\/01\/semana-de-alta-costura-chanel-verao-2014-14.jpg?fit=450%2C675&amp;ssl=1\" data-orig-size=\"450,675\" data-comments-opened=\"1\" data-image-meta=\"{&quot;aperture&quot;:&quot;0&quot;,&quot;credit&quot;:&quot;&quot;,&quot;camera&quot;:&quot;&quot;,&quot;caption&quot;:&quot;&quot;,&quot;created_timestamp&quot;:&quot;0&quot;,&quot;copyright&quot;:&quot;Photo: Yannis Vlamos \\\/ Indigitalimages.com&quot;,&quot;focal_length&quot;:&quot;0&quot;,&quot;iso&quot;:&quot;0&quot;,&quot;shutter_speed&quot;:&quot;0&quot;,&quot;title&quot;:&quot;&quot;}\" data-image-title=\"semana-de-alta-costura-chanel-verao-2014 (14)\" data-image-description=\"\" data-image-caption=\"&lt;p&gt;Semana de Alta Costura :: Chanel Ver\u00e3o 2014&lt;\/p&gt;\n\" data-medium-file=\"https:\/\/i0.wp.com\/agrund.com\/wp-content\/uploads\/sites\/6\/2014\/01\/semana-de-alta-costura-chanel-verao-2014-14.jpg?fit=200%2C300&amp;ssl=1\" data-large-file=\"https:\/\/i0.wp.com\/agrund.com\/wp-content\/uploads\/sites\/6\/2014\/01\/semana-de-alta-costura-chanel-verao-2014-14.jpg?fit=450%2C675&amp;ssl=1\" decoding=\"async\" loading=\"lazy\" class=\"size-large wp-image-94246\" alt=\"Semana de Alta Costura :: Chanel Ver\u00e3o 2014\" src=\"https:\/\/i0.wp.com\/www.agrund.com\/wp-content\/uploads\/sites\/6\/cache\/2014\/01\/semana-de-alta-costura-chanel-verao-2014-14\/2297840612.jpg?resize=450%2C675\" width=\"450\" height=\"675\" data-recalc-dims=\"1\" \/><\/a><p id=\"caption-attachment-94246\" class=\"wp-caption-text\">Semana de Alta Costura :: Chanel Ver\u00e3o 2014<\/p><\/div>\n<div id=\"attachment_94247\" style=\"width: 460px\" class=\"wp-caption aligncenter\"><a href=\"https:\/\/i0.wp.com\/www.agrund.com\/wp-content\/uploads\/sites\/6\/2014\/01\/semana-de-alta-costura-chanel-verao-2014-15.jpg\"><img aria-describedby=\"caption-attachment-94247\" data-attachment-id=\"94247\" data-permalink=\"https:\/\/agrund.com\/index.php\/semana-de-alta-costura-chanel-verao-2014\/semana-de-alta-costura-chanel-verao-2014-15\/\" data-orig-file=\"https:\/\/i0.wp.com\/agrund.com\/wp-content\/uploads\/sites\/6\/2014\/01\/semana-de-alta-costura-chanel-verao-2014-15.jpg?fit=450%2C675&amp;ssl=1\" data-orig-size=\"450,675\" data-comments-opened=\"1\" data-image-meta=\"{&quot;aperture&quot;:&quot;0&quot;,&quot;credit&quot;:&quot;&quot;,&quot;camera&quot;:&quot;&quot;,&quot;caption&quot;:&quot;&quot;,&quot;created_timestamp&quot;:&quot;0&quot;,&quot;copyright&quot;:&quot;Photo: Yannis Vlamos \\\/ Indigitalimages.com&quot;,&quot;focal_length&quot;:&quot;0&quot;,&quot;iso&quot;:&quot;0&quot;,&quot;shutter_speed&quot;:&quot;0&quot;,&quot;title&quot;:&quot;&quot;}\" data-image-title=\"semana-de-alta-costura-chanel-verao-2014 (15)\" data-image-description=\"\" data-image-caption=\"&lt;p&gt;Semana de Alta Costura :: Chanel Ver\u00e3o 2014&lt;\/p&gt;\n\" data-medium-file=\"https:\/\/i0.wp.com\/agrund.com\/wp-content\/uploads\/sites\/6\/2014\/01\/semana-de-alta-costura-chanel-verao-2014-15.jpg?fit=200%2C300&amp;ssl=1\" data-large-file=\"https:\/\/i0.wp.com\/agrund.com\/wp-content\/uploads\/sites\/6\/2014\/01\/semana-de-alta-costura-chanel-verao-2014-15.jpg?fit=450%2C675&amp;ssl=1\" decoding=\"async\" loading=\"lazy\" class=\"size-large wp-image-94247\" alt=\"Semana de Alta Costura :: Chanel Ver\u00e3o 2014\" src=\"https:\/\/i0.wp.com\/www.agrund.com\/wp-content\/uploads\/sites\/6\/cache\/2014\/01\/semana-de-alta-costura-chanel-verao-2014-15\/1146897274.jpg?resize=450%2C675\" width=\"450\" height=\"675\" data-recalc-dims=\"1\" \/><\/a><p id=\"caption-attachment-94247\" class=\"wp-caption-text\">Semana de Alta Costura :: Chanel Ver\u00e3o 2014<\/p><\/div>\n<div id=\"attachment_94248\" style=\"width: 460px\" class=\"wp-caption aligncenter\"><a href=\"https:\/\/i0.wp.com\/www.agrund.com\/wp-content\/uploads\/sites\/6\/2014\/01\/semana-de-alta-costura-chanel-verao-2014-16.jpg\"><img aria-describedby=\"caption-attachment-94248\" data-attachment-id=\"94248\" data-permalink=\"https:\/\/agrund.com\/index.php\/semana-de-alta-costura-chanel-verao-2014\/semana-de-alta-costura-chanel-verao-2014-16\/\" data-orig-file=\"https:\/\/i0.wp.com\/agrund.com\/wp-content\/uploads\/sites\/6\/2014\/01\/semana-de-alta-costura-chanel-verao-2014-16.jpg?fit=450%2C675&amp;ssl=1\" data-orig-size=\"450,675\" data-comments-opened=\"1\" data-image-meta=\"{&quot;aperture&quot;:&quot;0&quot;,&quot;credit&quot;:&quot;&quot;,&quot;camera&quot;:&quot;&quot;,&quot;caption&quot;:&quot;&quot;,&quot;created_timestamp&quot;:&quot;0&quot;,&quot;copyright&quot;:&quot;Photo: Yannis Vlamos \\\/ Indigitalimages.com&quot;,&quot;focal_length&quot;:&quot;0&quot;,&quot;iso&quot;:&quot;0&quot;,&quot;shutter_speed&quot;:&quot;0&quot;,&quot;title&quot;:&quot;&quot;}\" data-image-title=\"semana-de-alta-costura-chanel-verao-2014 (16)\" data-image-description=\"\" data-image-caption=\"&lt;p&gt;Semana de Alta Costura :: Chanel Ver\u00e3o 2014&lt;\/p&gt;\n\" data-medium-file=\"https:\/\/i0.wp.com\/agrund.com\/wp-content\/uploads\/sites\/6\/2014\/01\/semana-de-alta-costura-chanel-verao-2014-16.jpg?fit=200%2C300&amp;ssl=1\" data-large-file=\"https:\/\/i0.wp.com\/agrund.com\/wp-content\/uploads\/sites\/6\/2014\/01\/semana-de-alta-costura-chanel-verao-2014-16.jpg?fit=450%2C675&amp;ssl=1\" decoding=\"async\" loading=\"lazy\" class=\"size-large wp-image-94248\" alt=\"Semana de Alta Costura :: Chanel Ver\u00e3o 2014\" src=\"https:\/\/i0.wp.com\/www.agrund.com\/wp-content\/uploads\/sites\/6\/cache\/2014\/01\/semana-de-alta-costura-chanel-verao-2014-16\/3402843289.jpg?resize=450%2C675\" width=\"450\" height=\"675\" data-recalc-dims=\"1\" \/><\/a><p id=\"caption-attachment-94248\" class=\"wp-caption-text\">Semana de Alta Costura :: Chanel Ver\u00e3o 2014<\/p><\/div>\n<div id=\"attachment_94249\" style=\"width: 460px\" class=\"wp-caption aligncenter\"><a href=\"https:\/\/i0.wp.com\/www.agrund.com\/wp-content\/uploads\/sites\/6\/2014\/01\/semana-de-alta-costura-chanel-verao-2014-17.jpg\"><img aria-describedby=\"caption-attachment-94249\" data-attachment-id=\"94249\" data-permalink=\"https:\/\/agrund.com\/index.php\/semana-de-alta-costura-chanel-verao-2014\/semana-de-alta-costura-chanel-verao-2014-17\/\" data-orig-file=\"https:\/\/i0.wp.com\/agrund.com\/wp-content\/uploads\/sites\/6\/2014\/01\/semana-de-alta-costura-chanel-verao-2014-17.jpg?fit=450%2C675&amp;ssl=1\" data-orig-size=\"450,675\" data-comments-opened=\"1\" data-image-meta=\"{&quot;aperture&quot;:&quot;0&quot;,&quot;credit&quot;:&quot;&quot;,&quot;camera&quot;:&quot;&quot;,&quot;caption&quot;:&quot;&quot;,&quot;created_timestamp&quot;:&quot;0&quot;,&quot;copyright&quot;:&quot;Photo: Yannis Vlamos \\\/ Indigitalimages.com&quot;,&quot;focal_length&quot;:&quot;0&quot;,&quot;iso&quot;:&quot;0&quot;,&quot;shutter_speed&quot;:&quot;0&quot;,&quot;title&quot;:&quot;&quot;}\" data-image-title=\"semana-de-alta-costura-chanel-verao-2014 (17)\" data-image-description=\"\" data-image-caption=\"&lt;p&gt;Semana de Alta Costura :: Chanel Ver\u00e3o 2014&lt;\/p&gt;\n\" data-medium-file=\"https:\/\/i0.wp.com\/agrund.com\/wp-content\/uploads\/sites\/6\/2014\/01\/semana-de-alta-costura-chanel-verao-2014-17.jpg?fit=200%2C300&amp;ssl=1\" data-large-file=\"https:\/\/i0.wp.com\/agrund.com\/wp-content\/uploads\/sites\/6\/2014\/01\/semana-de-alta-costura-chanel-verao-2014-17.jpg?fit=450%2C675&amp;ssl=1\" decoding=\"async\" loading=\"lazy\" class=\"size-large wp-image-94249\" alt=\"Semana de Alta Costura :: Chanel Ver\u00e3o 2014\" src=\"https:\/\/i0.wp.com\/www.agrund.com\/wp-content\/uploads\/sites\/6\/cache\/2014\/01\/semana-de-alta-costura-chanel-verao-2014-17\/108610567.jpg?resize=450%2C675\" width=\"450\" height=\"675\" data-recalc-dims=\"1\" \/><\/a><p id=\"caption-attachment-94249\" class=\"wp-caption-text\">Semana de Alta Costura :: Chanel Ver\u00e3o 2014<\/p><\/div>\n<div id=\"attachment_94250\" style=\"width: 460px\" class=\"wp-caption aligncenter\"><a href=\"https:\/\/i0.wp.com\/www.agrund.com\/wp-content\/uploads\/sites\/6\/2014\/01\/semana-de-alta-costura-chanel-verao-2014-18.jpg\"><img aria-describedby=\"caption-attachment-94250\" data-attachment-id=\"94250\" data-permalink=\"https:\/\/agrund.com\/index.php\/semana-de-alta-costura-chanel-verao-2014\/semana-de-alta-costura-chanel-verao-2014-18\/\" data-orig-file=\"https:\/\/i0.wp.com\/agrund.com\/wp-content\/uploads\/sites\/6\/2014\/01\/semana-de-alta-costura-chanel-verao-2014-18.jpg?fit=450%2C675&amp;ssl=1\" data-orig-size=\"450,675\" data-comments-opened=\"1\" data-image-meta=\"{&quot;aperture&quot;:&quot;0&quot;,&quot;credit&quot;:&quot;&quot;,&quot;camera&quot;:&quot;&quot;,&quot;caption&quot;:&quot;&quot;,&quot;created_timestamp&quot;:&quot;0&quot;,&quot;copyright&quot;:&quot;Photo: Yannis Vlamos \\\/ Indigitalimages.com&quot;,&quot;focal_length&quot;:&quot;0&quot;,&quot;iso&quot;:&quot;0&quot;,&quot;shutter_speed&quot;:&quot;0&quot;,&quot;title&quot;:&quot;&quot;}\" data-image-title=\"semana-de-alta-costura-chanel-verao-2014 (18)\" data-image-description=\"\" data-image-caption=\"&lt;p&gt;Semana de Alta Costura :: Chanel Ver\u00e3o 2014&lt;\/p&gt;\n\" data-medium-file=\"https:\/\/i0.wp.com\/agrund.com\/wp-content\/uploads\/sites\/6\/2014\/01\/semana-de-alta-costura-chanel-verao-2014-18.jpg?fit=200%2C300&amp;ssl=1\" data-large-file=\"https:\/\/i0.wp.com\/agrund.com\/wp-content\/uploads\/sites\/6\/2014\/01\/semana-de-alta-costura-chanel-verao-2014-18.jpg?fit=450%2C675&amp;ssl=1\" decoding=\"async\" loading=\"lazy\" class=\"size-large wp-image-94250\" alt=\"Semana de Alta Costura :: Chanel Ver\u00e3o 2014\" src=\"https:\/\/i0.wp.com\/www.agrund.com\/wp-content\/uploads\/sites\/6\/cache\/2014\/01\/semana-de-alta-costura-chanel-verao-2014-18\/3747174059.jpg?resize=450%2C675\" width=\"450\" height=\"675\" data-recalc-dims=\"1\" \/><\/a><p id=\"caption-attachment-94250\" class=\"wp-caption-text\">Semana de Alta Costura :: Chanel Ver\u00e3o 2014<\/p><\/div>\n<div id=\"attachment_94251\" style=\"width: 460px\" class=\"wp-caption aligncenter\"><a href=\"https:\/\/i0.wp.com\/www.agrund.com\/wp-content\/uploads\/sites\/6\/2014\/01\/semana-de-alta-costura-chanel-verao-2014-19.jpg\"><img aria-describedby=\"caption-attachment-94251\" data-attachment-id=\"94251\" data-permalink=\"https:\/\/agrund.com\/index.php\/semana-de-alta-costura-chanel-verao-2014\/semana-de-alta-costura-chanel-verao-2014-19\/\" data-orig-file=\"https:\/\/i0.wp.com\/agrund.com\/wp-content\/uploads\/sites\/6\/2014\/01\/semana-de-alta-costura-chanel-verao-2014-19.jpg?fit=450%2C675&amp;ssl=1\" data-orig-size=\"450,675\" data-comments-opened=\"1\" data-image-meta=\"{&quot;aperture&quot;:&quot;0&quot;,&quot;credit&quot;:&quot;&quot;,&quot;camera&quot;:&quot;&quot;,&quot;caption&quot;:&quot;&quot;,&quot;created_timestamp&quot;:&quot;0&quot;,&quot;copyright&quot;:&quot;Photo: Yannis Vlamos \\\/ Indigitalimages.com&quot;,&quot;focal_length&quot;:&quot;0&quot;,&quot;iso&quot;:&quot;0&quot;,&quot;shutter_speed&quot;:&quot;0&quot;,&quot;title&quot;:&quot;&quot;}\" data-image-title=\"semana-de-alta-costura-chanel-verao-2014 (19)\" data-image-description=\"\" data-image-caption=\"&lt;p&gt;Semana de Alta Costura :: Chanel Ver\u00e3o 2014&lt;\/p&gt;\n\" data-medium-file=\"https:\/\/i0.wp.com\/agrund.com\/wp-content\/uploads\/sites\/6\/2014\/01\/semana-de-alta-costura-chanel-verao-2014-19.jpg?fit=200%2C300&amp;ssl=1\" data-large-file=\"https:\/\/i0.wp.com\/agrund.com\/wp-content\/uploads\/sites\/6\/2014\/01\/semana-de-alta-costura-chanel-verao-2014-19.jpg?fit=450%2C675&amp;ssl=1\" decoding=\"async\" loading=\"lazy\" class=\"size-large wp-image-94251\" alt=\"Semana de Alta Costura :: Chanel Ver\u00e3o 2014\" src=\"https:\/\/i0.wp.com\/www.agrund.com\/wp-content\/uploads\/sites\/6\/cache\/2014\/01\/semana-de-alta-costura-chanel-verao-2014-19\/334714421.jpg?resize=450%2C675\" width=\"450\" height=\"675\" data-recalc-dims=\"1\" \/><\/a><p id=\"caption-attachment-94251\" class=\"wp-caption-text\">Semana de Alta Costura :: Chanel Ver\u00e3o 2014<\/p><\/div>\n<div id=\"attachment_94252\" style=\"width: 460px\" class=\"wp-caption aligncenter\"><a href=\"https:\/\/i0.wp.com\/www.agrund.com\/wp-content\/uploads\/sites\/6\/2014\/01\/semana-de-alta-costura-chanel-verao-2014-20.jpg\"><img aria-describedby=\"caption-attachment-94252\" data-attachment-id=\"94252\" data-permalink=\"https:\/\/agrund.com\/index.php\/semana-de-alta-costura-chanel-verao-2014\/semana-de-alta-costura-chanel-verao-2014-20\/\" data-orig-file=\"https:\/\/i0.wp.com\/agrund.com\/wp-content\/uploads\/sites\/6\/2014\/01\/semana-de-alta-costura-chanel-verao-2014-20.jpg?fit=450%2C675&amp;ssl=1\" data-orig-size=\"450,675\" data-comments-opened=\"1\" data-image-meta=\"{&quot;aperture&quot;:&quot;0&quot;,&quot;credit&quot;:&quot;&quot;,&quot;camera&quot;:&quot;&quot;,&quot;caption&quot;:&quot;&quot;,&quot;created_timestamp&quot;:&quot;0&quot;,&quot;copyright&quot;:&quot;Photo: Yannis Vlamos \\\/ Indigitalimages.com&quot;,&quot;focal_length&quot;:&quot;0&quot;,&quot;iso&quot;:&quot;0&quot;,&quot;shutter_speed&quot;:&quot;0&quot;,&quot;title&quot;:&quot;&quot;}\" data-image-title=\"semana-de-alta-costura-chanel-verao-2014 (20)\" data-image-description=\"\" data-image-caption=\"&lt;p&gt;Semana de Alta Costura :: Chanel Ver\u00e3o 2014&lt;\/p&gt;\n\" data-medium-file=\"https:\/\/i0.wp.com\/agrund.com\/wp-content\/uploads\/sites\/6\/2014\/01\/semana-de-alta-costura-chanel-verao-2014-20.jpg?fit=200%2C300&amp;ssl=1\" data-large-file=\"https:\/\/i0.wp.com\/agrund.com\/wp-content\/uploads\/sites\/6\/2014\/01\/semana-de-alta-costura-chanel-verao-2014-20.jpg?fit=450%2C675&amp;ssl=1\" decoding=\"async\" loading=\"lazy\" class=\"size-large wp-image-94252\" alt=\"Semana de Alta Costura :: Chanel Ver\u00e3o 2014\" src=\"https:\/\/i0.wp.com\/www.agrund.com\/wp-content\/uploads\/sites\/6\/cache\/2014\/01\/semana-de-alta-costura-chanel-verao-2014-20\/892432859.jpg?resize=450%2C675\" width=\"450\" height=\"675\" data-recalc-dims=\"1\" \/><\/a><p id=\"caption-attachment-94252\" class=\"wp-caption-text\">Semana de Alta Costura :: Chanel Ver\u00e3o 2014<\/p><\/div>\n<div id=\"attachment_94253\" style=\"width: 460px\" class=\"wp-caption aligncenter\"><a href=\"https:\/\/i0.wp.com\/www.agrund.com\/wp-content\/uploads\/sites\/6\/2014\/01\/semana-de-alta-costura-chanel-verao-2014-21.jpg\"><img aria-describedby=\"caption-attachment-94253\" data-attachment-id=\"94253\" data-permalink=\"https:\/\/agrund.com\/index.php\/semana-de-alta-costura-chanel-verao-2014\/semana-de-alta-costura-chanel-verao-2014-21\/\" data-orig-file=\"https:\/\/i0.wp.com\/agrund.com\/wp-content\/uploads\/sites\/6\/2014\/01\/semana-de-alta-costura-chanel-verao-2014-21.jpg?fit=450%2C675&amp;ssl=1\" data-orig-size=\"450,675\" data-comments-opened=\"1\" data-image-meta=\"{&quot;aperture&quot;:&quot;0&quot;,&quot;credit&quot;:&quot;&quot;,&quot;camera&quot;:&quot;&quot;,&quot;caption&quot;:&quot;&quot;,&quot;created_timestamp&quot;:&quot;0&quot;,&quot;copyright&quot;:&quot;Photo: Yannis Vlamos \\\/ Indigitalimages.com&quot;,&quot;focal_length&quot;:&quot;0&quot;,&quot;iso&quot;:&quot;0&quot;,&quot;shutter_speed&quot;:&quot;0&quot;,&quot;title&quot;:&quot;&quot;}\" data-image-title=\"semana-de-alta-costura-chanel-verao-2014 (21)\" data-image-description=\"\" data-image-caption=\"&lt;p&gt;Semana de Alta Costura :: Chanel Ver\u00e3o 2014&lt;\/p&gt;\n\" data-medium-file=\"https:\/\/i0.wp.com\/agrund.com\/wp-content\/uploads\/sites\/6\/2014\/01\/semana-de-alta-costura-chanel-verao-2014-21.jpg?fit=200%2C300&amp;ssl=1\" data-large-file=\"https:\/\/i0.wp.com\/agrund.com\/wp-content\/uploads\/sites\/6\/2014\/01\/semana-de-alta-costura-chanel-verao-2014-21.jpg?fit=450%2C675&amp;ssl=1\" decoding=\"async\" loading=\"lazy\" class=\"size-large wp-image-94253\" alt=\"Semana de Alta Costura :: Chanel Ver\u00e3o 2014\" src=\"https:\/\/i0.wp.com\/www.agrund.com\/wp-content\/uploads\/sites\/6\/cache\/2014\/01\/semana-de-alta-costura-chanel-verao-2014-21\/4187713861.jpg?resize=450%2C675\" width=\"450\" height=\"675\" data-recalc-dims=\"1\" \/><\/a><p id=\"caption-attachment-94253\" class=\"wp-caption-text\">Semana de Alta Costura :: Chanel Ver\u00e3o 2014<\/p><\/div>\n<div id=\"attachment_94254\" style=\"width: 460px\" class=\"wp-caption aligncenter\"><a href=\"https:\/\/i0.wp.com\/www.agrund.com\/wp-content\/uploads\/sites\/6\/2014\/01\/semana-de-alta-costura-chanel-verao-2014-22.jpg\"><img aria-describedby=\"caption-attachment-94254\" data-attachment-id=\"94254\" data-permalink=\"https:\/\/agrund.com\/index.php\/semana-de-alta-costura-chanel-verao-2014\/semana-de-alta-costura-chanel-verao-2014-22\/\" data-orig-file=\"https:\/\/i0.wp.com\/agrund.com\/wp-content\/uploads\/sites\/6\/2014\/01\/semana-de-alta-costura-chanel-verao-2014-22.jpg?fit=450%2C675&amp;ssl=1\" data-orig-size=\"450,675\" data-comments-opened=\"1\" data-image-meta=\"{&quot;aperture&quot;:&quot;0&quot;,&quot;credit&quot;:&quot;&quot;,&quot;camera&quot;:&quot;&quot;,&quot;caption&quot;:&quot;&quot;,&quot;created_timestamp&quot;:&quot;0&quot;,&quot;copyright&quot;:&quot;Photo: Yannis Vlamos \\\/ Indigitalimages.com&quot;,&quot;focal_length&quot;:&quot;0&quot;,&quot;iso&quot;:&quot;0&quot;,&quot;shutter_speed&quot;:&quot;0&quot;,&quot;title&quot;:&quot;&quot;}\" data-image-title=\"semana-de-alta-costura-chanel-verao-2014 (22)\" data-image-description=\"\" data-image-caption=\"&lt;p&gt;Semana de Alta Costura :: Chanel Ver\u00e3o 2014&lt;\/p&gt;\n\" data-medium-file=\"https:\/\/i0.wp.com\/agrund.com\/wp-content\/uploads\/sites\/6\/2014\/01\/semana-de-alta-costura-chanel-verao-2014-22.jpg?fit=200%2C300&amp;ssl=1\" data-large-file=\"https:\/\/i0.wp.com\/agrund.com\/wp-content\/uploads\/sites\/6\/2014\/01\/semana-de-alta-costura-chanel-verao-2014-22.jpg?fit=450%2C675&amp;ssl=1\" decoding=\"async\" loading=\"lazy\" class=\"size-large wp-image-94254\" alt=\"Semana de Alta Costura :: Chanel Ver\u00e3o 2014\" src=\"https:\/\/i0.wp.com\/www.agrund.com\/wp-content\/uploads\/sites\/6\/cache\/2014\/01\/semana-de-alta-costura-chanel-verao-2014-22\/1997829798.jpg?resize=450%2C675\" width=\"450\" height=\"675\" data-recalc-dims=\"1\" \/><\/a><p id=\"caption-attachment-94254\" class=\"wp-caption-text\">Semana de Alta Costura :: Chanel Ver\u00e3o 2014<\/p><\/div>\n<div id=\"attachment_94255\" style=\"width: 460px\" class=\"wp-caption aligncenter\"><a href=\"https:\/\/i0.wp.com\/www.agrund.com\/wp-content\/uploads\/sites\/6\/2014\/01\/semana-de-alta-costura-chanel-verao-2014-23.jpg\"><img aria-describedby=\"caption-attachment-94255\" data-attachment-id=\"94255\" data-permalink=\"https:\/\/agrund.com\/index.php\/semana-de-alta-costura-chanel-verao-2014\/semana-de-alta-costura-chanel-verao-2014-23\/\" data-orig-file=\"https:\/\/i0.wp.com\/agrund.com\/wp-content\/uploads\/sites\/6\/2014\/01\/semana-de-alta-costura-chanel-verao-2014-23.jpg?fit=450%2C675&amp;ssl=1\" data-orig-size=\"450,675\" data-comments-opened=\"1\" data-image-meta=\"{&quot;aperture&quot;:&quot;0&quot;,&quot;credit&quot;:&quot;&quot;,&quot;camera&quot;:&quot;&quot;,&quot;caption&quot;:&quot;&quot;,&quot;created_timestamp&quot;:&quot;0&quot;,&quot;copyright&quot;:&quot;Photo: Yannis Vlamos \\\/ Indigitalimages.com&quot;,&quot;focal_length&quot;:&quot;0&quot;,&quot;iso&quot;:&quot;0&quot;,&quot;shutter_speed&quot;:&quot;0&quot;,&quot;title&quot;:&quot;&quot;}\" data-image-title=\"semana-de-alta-costura-chanel-verao-2014 (23)\" data-image-description=\"\" data-image-caption=\"&lt;p&gt;Semana de Alta Costura :: Chanel Ver\u00e3o 2014&lt;\/p&gt;\n\" data-medium-file=\"https:\/\/i0.wp.com\/agrund.com\/wp-content\/uploads\/sites\/6\/2014\/01\/semana-de-alta-costura-chanel-verao-2014-23.jpg?fit=200%2C300&amp;ssl=1\" data-large-file=\"https:\/\/i0.wp.com\/agrund.com\/wp-content\/uploads\/sites\/6\/2014\/01\/semana-de-alta-costura-chanel-verao-2014-23.jpg?fit=450%2C675&amp;ssl=1\" decoding=\"async\" loading=\"lazy\" class=\"size-large wp-image-94255\" alt=\"Semana de Alta Costura :: Chanel Ver\u00e3o 2014\" src=\"https:\/\/i0.wp.com\/www.agrund.com\/wp-content\/uploads\/sites\/6\/cache\/2014\/01\/semana-de-alta-costura-chanel-verao-2014-23\/3149821496.jpg?resize=450%2C675\" width=\"450\" height=\"675\" data-recalc-dims=\"1\" \/><\/a><p id=\"caption-attachment-94255\" class=\"wp-caption-text\">Semana de Alta Costura :: Chanel Ver\u00e3o 2014<\/p><\/div>\n<div id=\"attachment_94256\" style=\"width: 460px\" class=\"wp-caption aligncenter\"><a href=\"https:\/\/i0.wp.com\/www.agrund.com\/wp-content\/uploads\/sites\/6\/2014\/01\/semana-de-alta-costura-chanel-verao-2014-24.jpg\"><img aria-describedby=\"caption-attachment-94256\" data-attachment-id=\"94256\" data-permalink=\"https:\/\/agrund.com\/index.php\/semana-de-alta-costura-chanel-verao-2014\/semana-de-alta-costura-chanel-verao-2014-24\/\" data-orig-file=\"https:\/\/i0.wp.com\/agrund.com\/wp-content\/uploads\/sites\/6\/2014\/01\/semana-de-alta-costura-chanel-verao-2014-24.jpg?fit=450%2C675&amp;ssl=1\" data-orig-size=\"450,675\" data-comments-opened=\"1\" data-image-meta=\"{&quot;aperture&quot;:&quot;0&quot;,&quot;credit&quot;:&quot;&quot;,&quot;camera&quot;:&quot;&quot;,&quot;caption&quot;:&quot;&quot;,&quot;created_timestamp&quot;:&quot;0&quot;,&quot;copyright&quot;:&quot;Photo: Yannis Vlamos \\\/ Indigitalimages.com&quot;,&quot;focal_length&quot;:&quot;0&quot;,&quot;iso&quot;:&quot;0&quot;,&quot;shutter_speed&quot;:&quot;0&quot;,&quot;title&quot;:&quot;&quot;}\" data-image-title=\"semana-de-alta-costura-chanel-verao-2014 (24)\" data-image-description=\"\" data-image-caption=\"&lt;p&gt;Semana de Alta Costura :: Chanel Ver\u00e3o 2014&lt;\/p&gt;\n\" data-medium-file=\"https:\/\/i0.wp.com\/agrund.com\/wp-content\/uploads\/sites\/6\/2014\/01\/semana-de-alta-costura-chanel-verao-2014-24.jpg?fit=200%2C300&amp;ssl=1\" data-large-file=\"https:\/\/i0.wp.com\/agrund.com\/wp-content\/uploads\/sites\/6\/2014\/01\/semana-de-alta-costura-chanel-verao-2014-24.jpg?fit=450%2C675&amp;ssl=1\" decoding=\"async\" loading=\"lazy\" class=\"size-large wp-image-94256\" alt=\"Semana de Alta Costura :: Chanel Ver\u00e3o 2014\" src=\"https:\/\/i0.wp.com\/www.agrund.com\/wp-content\/uploads\/sites\/6\/cache\/2014\/01\/semana-de-alta-costura-chanel-verao-2014-24\/2977660705.jpg?resize=450%2C675\" width=\"450\" height=\"675\" data-recalc-dims=\"1\" \/><\/a><p id=\"caption-attachment-94256\" class=\"wp-caption-text\">Semana de Alta Costura :: Chanel Ver\u00e3o 2014<\/p><\/div>\n<div id=\"attachment_94257\" style=\"width: 460px\" class=\"wp-caption aligncenter\"><a href=\"https:\/\/i0.wp.com\/www.agrund.com\/wp-content\/uploads\/sites\/6\/2014\/01\/semana-de-alta-costura-chanel-verao-2014-25.jpg\"><img aria-describedby=\"caption-attachment-94257\" data-attachment-id=\"94257\" data-permalink=\"https:\/\/agrund.com\/index.php\/semana-de-alta-costura-chanel-verao-2014\/semana-de-alta-costura-chanel-verao-2014-25\/\" data-orig-file=\"https:\/\/i0.wp.com\/agrund.com\/wp-content\/uploads\/sites\/6\/2014\/01\/semana-de-alta-costura-chanel-verao-2014-25.jpg?fit=450%2C675&amp;ssl=1\" data-orig-size=\"450,675\" data-comments-opened=\"1\" data-image-meta=\"{&quot;aperture&quot;:&quot;0&quot;,&quot;credit&quot;:&quot;&quot;,&quot;camera&quot;:&quot;&quot;,&quot;caption&quot;:&quot;&quot;,&quot;created_timestamp&quot;:&quot;0&quot;,&quot;copyright&quot;:&quot;Photo: Yannis Vlamos \\\/ Indigitalimages.com&quot;,&quot;focal_length&quot;:&quot;0&quot;,&quot;iso&quot;:&quot;0&quot;,&quot;shutter_speed&quot;:&quot;0&quot;,&quot;title&quot;:&quot;&quot;}\" data-image-title=\"semana-de-alta-costura-chanel-verao-2014 (25)\" data-image-description=\"\" data-image-caption=\"&lt;p&gt;Semana de Alta Costura :: Chanel Ver\u00e3o 2014&lt;\/p&gt;\n\" data-medium-file=\"https:\/\/i0.wp.com\/agrund.com\/wp-content\/uploads\/sites\/6\/2014\/01\/semana-de-alta-costura-chanel-verao-2014-25.jpg?fit=200%2C300&amp;ssl=1\" data-large-file=\"https:\/\/i0.wp.com\/agrund.com\/wp-content\/uploads\/sites\/6\/2014\/01\/semana-de-alta-costura-chanel-verao-2014-25.jpg?fit=450%2C675&amp;ssl=1\" decoding=\"async\" loading=\"lazy\" class=\"size-large wp-image-94257\" alt=\"Semana de Alta Costura :: Chanel Ver\u00e3o 2014\" src=\"https:\/\/i0.wp.com\/www.agrund.com\/wp-content\/uploads\/sites\/6\/cache\/2014\/01\/semana-de-alta-costura-chanel-verao-2014-25\/2110881727.jpg?resize=450%2C675\" width=\"450\" height=\"675\" data-recalc-dims=\"1\" \/><\/a><p id=\"caption-attachment-94257\" class=\"wp-caption-text\">Semana de Alta Costura :: Chanel Ver\u00e3o 2014<\/p><\/div>\n<div id=\"attachment_94258\" style=\"width: 460px\" class=\"wp-caption aligncenter\"><a href=\"https:\/\/i0.wp.com\/www.agrund.com\/wp-content\/uploads\/sites\/6\/2014\/01\/semana-de-alta-costura-chanel-verao-2014-26.jpg\"><img aria-describedby=\"caption-attachment-94258\" data-attachment-id=\"94258\" data-permalink=\"https:\/\/agrund.com\/index.php\/semana-de-alta-costura-chanel-verao-2014\/semana-de-alta-costura-chanel-verao-2014-26\/\" data-orig-file=\"https:\/\/i0.wp.com\/agrund.com\/wp-content\/uploads\/sites\/6\/2014\/01\/semana-de-alta-costura-chanel-verao-2014-26.jpg?fit=450%2C675&amp;ssl=1\" data-orig-size=\"450,675\" data-comments-opened=\"1\" data-image-meta=\"{&quot;aperture&quot;:&quot;0&quot;,&quot;credit&quot;:&quot;&quot;,&quot;camera&quot;:&quot;&quot;,&quot;caption&quot;:&quot;&quot;,&quot;created_timestamp&quot;:&quot;0&quot;,&quot;copyright&quot;:&quot;Photo: Yannis Vlamos \\\/ Indigitalimages.com&quot;,&quot;focal_length&quot;:&quot;0&quot;,&quot;iso&quot;:&quot;0&quot;,&quot;shutter_speed&quot;:&quot;0&quot;,&quot;title&quot;:&quot;&quot;}\" data-image-title=\"semana-de-alta-costura-chanel-verao-2014 (26)\" data-image-description=\"\" data-image-caption=\"&lt;p&gt;Semana de Alta Costura :: Chanel Ver\u00e3o 2014&lt;\/p&gt;\n\" data-medium-file=\"https:\/\/i0.wp.com\/agrund.com\/wp-content\/uploads\/sites\/6\/2014\/01\/semana-de-alta-costura-chanel-verao-2014-26.jpg?fit=200%2C300&amp;ssl=1\" data-large-file=\"https:\/\/i0.wp.com\/agrund.com\/wp-content\/uploads\/sites\/6\/2014\/01\/semana-de-alta-costura-chanel-verao-2014-26.jpg?fit=450%2C675&amp;ssl=1\" decoding=\"async\" loading=\"lazy\" class=\"size-large wp-image-94258\" alt=\"Semana de Alta Costura :: Chanel Ver\u00e3o 2014\" src=\"https:\/\/i0.wp.com\/www.agrund.com\/wp-content\/uploads\/sites\/6\/cache\/2014\/01\/semana-de-alta-costura-chanel-verao-2014-26\/4083054684.jpg?resize=450%2C675\" width=\"450\" height=\"675\" data-recalc-dims=\"1\" \/><\/a><p id=\"caption-attachment-94258\" class=\"wp-caption-text\">Semana de Alta Costura :: Chanel Ver\u00e3o 2014<\/p><\/div>\n<div id=\"attachment_94259\" style=\"width: 460px\" class=\"wp-caption aligncenter\"><a href=\"https:\/\/i0.wp.com\/www.agrund.com\/wp-content\/uploads\/sites\/6\/2014\/01\/semana-de-alta-costura-chanel-verao-2014-27.jpg\"><img aria-describedby=\"caption-attachment-94259\" data-attachment-id=\"94259\" data-permalink=\"https:\/\/agrund.com\/index.php\/semana-de-alta-costura-chanel-verao-2014\/semana-de-alta-costura-chanel-verao-2014-27\/\" data-orig-file=\"https:\/\/i0.wp.com\/agrund.com\/wp-content\/uploads\/sites\/6\/2014\/01\/semana-de-alta-costura-chanel-verao-2014-27.jpg?fit=450%2C675&amp;ssl=1\" data-orig-size=\"450,675\" data-comments-opened=\"1\" data-image-meta=\"{&quot;aperture&quot;:&quot;0&quot;,&quot;credit&quot;:&quot;&quot;,&quot;camera&quot;:&quot;&quot;,&quot;caption&quot;:&quot;&quot;,&quot;created_timestamp&quot;:&quot;0&quot;,&quot;copyright&quot;:&quot;Photo: Yannis Vlamos \\\/ Indigitalimages.com&quot;,&quot;focal_length&quot;:&quot;0&quot;,&quot;iso&quot;:&quot;0&quot;,&quot;shutter_speed&quot;:&quot;0&quot;,&quot;title&quot;:&quot;&quot;}\" data-image-title=\"semana-de-alta-costura-chanel-verao-2014 (27)\" data-image-description=\"\" data-image-caption=\"&lt;p&gt;Semana de Alta Costura :: Chanel Ver\u00e3o 2014&lt;\/p&gt;\n\" data-medium-file=\"https:\/\/i0.wp.com\/agrund.com\/wp-content\/uploads\/sites\/6\/2014\/01\/semana-de-alta-costura-chanel-verao-2014-27.jpg?fit=200%2C300&amp;ssl=1\" data-large-file=\"https:\/\/i0.wp.com\/agrund.com\/wp-content\/uploads\/sites\/6\/2014\/01\/semana-de-alta-costura-chanel-verao-2014-27.jpg?fit=450%2C675&amp;ssl=1\" decoding=\"async\" loading=\"lazy\" class=\"size-large wp-image-94259\" alt=\"Semana de Alta Costura :: Chanel Ver\u00e3o 2014\" src=\"https:\/\/i0.wp.com\/www.agrund.com\/wp-content\/uploads\/sites\/6\/cache\/2014\/01\/semana-de-alta-costura-chanel-verao-2014-27\/1072986306.jpg?resize=450%2C675\" width=\"450\" height=\"675\" data-recalc-dims=\"1\" \/><\/a><p id=\"caption-attachment-94259\" class=\"wp-caption-text\">Semana de Alta Costura :: Chanel Ver\u00e3o 2014<\/p><\/div>\n<div id=\"attachment_94260\" style=\"width: 460px\" class=\"wp-caption aligncenter\"><a href=\"https:\/\/i0.wp.com\/www.agrund.com\/wp-content\/uploads\/sites\/6\/2014\/01\/semana-de-alta-costura-chanel-verao-2014-28.jpg\"><img aria-describedby=\"caption-attachment-94260\" data-attachment-id=\"94260\" data-permalink=\"https:\/\/agrund.com\/index.php\/semana-de-alta-costura-chanel-verao-2014\/semana-de-alta-costura-chanel-verao-2014-28\/\" data-orig-file=\"https:\/\/i0.wp.com\/agrund.com\/wp-content\/uploads\/sites\/6\/2014\/01\/semana-de-alta-costura-chanel-verao-2014-28.jpg?fit=450%2C675&amp;ssl=1\" data-orig-size=\"450,675\" data-comments-opened=\"1\" data-image-meta=\"{&quot;aperture&quot;:&quot;0&quot;,&quot;credit&quot;:&quot;&quot;,&quot;camera&quot;:&quot;&quot;,&quot;caption&quot;:&quot;&quot;,&quot;created_timestamp&quot;:&quot;0&quot;,&quot;copyright&quot;:&quot;Photo: Yannis Vlamos \\\/ Indigitalimages.com&quot;,&quot;focal_length&quot;:&quot;0&quot;,&quot;iso&quot;:&quot;0&quot;,&quot;shutter_speed&quot;:&quot;0&quot;,&quot;title&quot;:&quot;&quot;}\" data-image-title=\"semana-de-alta-costura-chanel-verao-2014 (28)\" data-image-description=\"\" data-image-caption=\"&lt;p&gt;Semana de Alta Costura :: Chanel Ver\u00e3o 2014&lt;\/p&gt;\n\" data-medium-file=\"https:\/\/i0.wp.com\/agrund.com\/wp-content\/uploads\/sites\/6\/2014\/01\/semana-de-alta-costura-chanel-verao-2014-28.jpg?fit=200%2C300&amp;ssl=1\" data-large-file=\"https:\/\/i0.wp.com\/agrund.com\/wp-content\/uploads\/sites\/6\/2014\/01\/semana-de-alta-costura-chanel-verao-2014-28.jpg?fit=450%2C675&amp;ssl=1\" decoding=\"async\" loading=\"lazy\" class=\"size-large wp-image-94260\" alt=\"Semana de Alta Costura :: Chanel Ver\u00e3o 2014\" src=\"https:\/\/i0.wp.com\/www.agrund.com\/wp-content\/uploads\/sites\/6\/cache\/2014\/01\/semana-de-alta-costura-chanel-verao-2014-28\/3872680558.jpg?resize=450%2C675\" width=\"450\" height=\"675\" data-recalc-dims=\"1\" \/><\/a><p id=\"caption-attachment-94260\" class=\"wp-caption-text\">Semana de Alta Costura :: Chanel Ver\u00e3o 2014<\/p><\/div>\n<p>Imagens: Reprodu\u00e7\u00e3o.<\/p>\n","protected":false},"excerpt":{"rendered":"<p>A cole\u00e7\u00e3o da Chanel Alta Costura Ver\u00e3o 2014 deixou todo mundo com vontade de praticar esportes. Calma! N\u00e3o eram roupas para academia. O universo esportivo inspirou Karl Lagerfeld em sua bela apresenta\u00e7\u00e3o. Vamos come\u00e7ar falando dos p\u00e9s. Os vestidos, saias e conjuntos foram todos apresentados com t\u00eanis. Isso mesmo, os t\u00eanis de alta costura que [&hellip;]<\/p>\n","protected":false},"author":1,"featured_media":94261,"comment_status":"open","ping_status":"open","sticky":false,"template":"","format":"standard","meta":{"jetpack_post_was_ever_published":false,"_jetpack_newsletter_access":"","jetpack_publicize_message":"","jetpack_is_tweetstorm":false,"jetpack_publicize_feature_enabled":true,"jetpack_social_post_already_shared":true,"jetpack_social_options":{"image_generator_settings":{"template":"highway","enabled":false}}},"categories":[9,2],"tags":[],"jetpack_publicize_connections":[],"jetpack_featured_media_url":"https:\/\/i0.wp.com\/agrund.com\/wp-content\/uploads\/sites\/6\/2014\/01\/slide129.jpg?fit=959%2C321&ssl=1","jetpack_sharing_enabled":true,"jetpack_shortlink":"https:\/\/wp.me\/p3Hz0n-ow3","jetpack_likes_enabled":true,"_links":{"self":[{"href":"https:\/\/agrund.com\/index.php\/wp-json\/wp\/v2\/posts\/94243"}],"collection":[{"href":"https:\/\/agrund.com\/index.php\/wp-json\/wp\/v2\/posts"}],"about":[{"href":"https:\/\/agrund.com\/index.php\/wp-json\/wp\/v2\/types\/post"}],"author":[{"embeddable":true,"href":"https:\/\/agrund.com\/index.php\/wp-json\/wp\/v2\/users\/1"}],"replies":[{"embeddable":true,"href":"https:\/\/agrund.com\/index.php\/wp-json\/wp\/v2\/comments?post=94243"}],"version-history":[{"count":0,"href":"https:\/\/agrund.com\/index.php\/wp-json\/wp\/v2\/posts\/94243\/revisions"}],"wp:featuredmedia":[{"embeddable":true,"href":"https:\/\/agrund.com\/index.php\/wp-json\/wp\/v2\/media\/94261"}],"wp:attachment":[{"href":"https:\/\/agrund.com\/index.php\/wp-json\/wp\/v2\/media?parent=94243"}],"wp:term":[{"taxonomy":"category","embeddable":true,"href":"https:\/\/agrund.com\/index.php\/wp-json\/wp\/v2\/categories?post=94243"},{"taxonomy":"post_tag","embeddable":true,"href":"https:\/\/agrund.com\/index.php\/wp-json\/wp\/v2\/tags?post=94243"}],"curies":[{"name":"wp","href":"https:\/\/api.w.org\/{rel}","templated":true}]}}