{"id":94147,"date":"2014-01-21T23:00:22","date_gmt":"2014-01-22T01:00:22","guid":{"rendered":"http:\/\/www.agrund.com\/?p=94147"},"modified":"2014-01-21T17:23:52","modified_gmt":"2014-01-21T19:23:52","slug":"lacoste-apresenta-seu-verao-urbano","status":"publish","type":"post","link":"https:\/\/agrund.com\/index.php\/lacoste-apresenta-seu-verao-urbano\/","title":{"rendered":"Lacoste apresenta seu ver\u00e3o urbano"},"content":{"rendered":"<p>As campanhas para o ver\u00e3o 2014 est\u00e3o a todo vapor no hemisf\u00e9rio norte e agora chegou a vez da Lacoste. Nos cliques, a marca prop\u00f4s mostrar que suas cole\u00e7\u00f5es s\u00e3o perfeitas tamb\u00e9m para o ambiente urbano atrav\u00e9s do tema &#8220;Life is a beautiful sport&#8221;, que em portug\u00eas \u00e9 &#8220;A vida \u00e9 um lindo esporte&#8221;.<br \/>\nAs fotos, assinadas por Jacobs Sutton, trazem os modelos Kati Nescher e Roch Barbot em meio as paisagens urbanas, escalando pr\u00e9dios e tubula\u00e7\u00f5es. Confira os dois cliques divulgados:<\/p>\n<div id=\"attachment_94148\" style=\"width: 560px\" class=\"wp-caption aligncenter\"><a href=\"https:\/\/i0.wp.com\/www.agrund.com\/wp-content\/uploads\/sites\/6\/2014\/01\/lacoste-apresenta-seu-verao-urbano-1.jpg\"><img aria-describedby=\"caption-attachment-94148\" data-attachment-id=\"94148\" data-permalink=\"https:\/\/agrund.com\/index.php\/lacoste-apresenta-seu-verao-urbano\/lacoste-apresenta-seu-verao-urbano-1\/\" data-orig-file=\"https:\/\/i0.wp.com\/agrund.com\/wp-content\/uploads\/sites\/6\/2014\/01\/lacoste-apresenta-seu-verao-urbano-1.jpg?fit=550%2C368&amp;ssl=1\" data-orig-size=\"550,368\" data-comments-opened=\"1\" data-image-meta=\"{&quot;aperture&quot;:&quot;0&quot;,&quot;credit&quot;:&quot;&quot;,&quot;camera&quot;:&quot;&quot;,&quot;caption&quot;:&quot;&quot;,&quot;created_timestamp&quot;:&quot;0&quot;,&quot;copyright&quot;:&quot;&quot;,&quot;focal_length&quot;:&quot;0&quot;,&quot;iso&quot;:&quot;0&quot;,&quot;shutter_speed&quot;:&quot;0&quot;,&quot;title&quot;:&quot;&quot;}\" data-image-title=\"lacoste-apresenta-seu-verao-urbano (1)\" data-image-description=\"\" data-image-caption=\"&lt;p&gt;Lacoste apresenta seu ver\u00e3o urbano&lt;\/p&gt;\n\" data-medium-file=\"https:\/\/i0.wp.com\/agrund.com\/wp-content\/uploads\/sites\/6\/2014\/01\/lacoste-apresenta-seu-verao-urbano-1.jpg?fit=300%2C200&amp;ssl=1\" data-large-file=\"https:\/\/i0.wp.com\/agrund.com\/wp-content\/uploads\/sites\/6\/2014\/01\/lacoste-apresenta-seu-verao-urbano-1.jpg?fit=550%2C368&amp;ssl=1\" decoding=\"async\" loading=\"lazy\" class=\"size-large wp-image-94148\" alt=\"Lacoste apresenta seu ver\u00e3o urbano\" src=\"https:\/\/i0.wp.com\/www.agrund.com\/wp-content\/uploads\/sites\/6\/cache\/2014\/01\/lacoste-apresenta-seu-verao-urbano-1\/3699186041.jpg?resize=550%2C368\" width=\"550\" height=\"368\" data-recalc-dims=\"1\" \/><\/a><p id=\"caption-attachment-94148\" class=\"wp-caption-text\">Lacoste apresenta seu ver\u00e3o urbano<\/p><\/div>\n<div id=\"attachment_94149\" style=\"width: 560px\" class=\"wp-caption aligncenter\"><a href=\"https:\/\/i0.wp.com\/www.agrund.com\/wp-content\/uploads\/sites\/6\/2014\/01\/lacoste-apresenta-seu-verao-urbano-2.jpg\"><img aria-describedby=\"caption-attachment-94149\" data-attachment-id=\"94149\" data-permalink=\"https:\/\/agrund.com\/index.php\/lacoste-apresenta-seu-verao-urbano\/lacoste-apresenta-seu-verao-urbano-2\/\" data-orig-file=\"https:\/\/i0.wp.com\/agrund.com\/wp-content\/uploads\/sites\/6\/2014\/01\/lacoste-apresenta-seu-verao-urbano-2.jpg?fit=550%2C368&amp;ssl=1\" data-orig-size=\"550,368\" data-comments-opened=\"1\" data-image-meta=\"{&quot;aperture&quot;:&quot;0&quot;,&quot;credit&quot;:&quot;&quot;,&quot;camera&quot;:&quot;&quot;,&quot;caption&quot;:&quot;&quot;,&quot;created_timestamp&quot;:&quot;0&quot;,&quot;copyright&quot;:&quot;&quot;,&quot;focal_length&quot;:&quot;0&quot;,&quot;iso&quot;:&quot;0&quot;,&quot;shutter_speed&quot;:&quot;0&quot;,&quot;title&quot;:&quot;&quot;}\" data-image-title=\"lacoste-apresenta-seu-verao-urbano (2)\" data-image-description=\"\" data-image-caption=\"&lt;p&gt;Lacoste apresenta seu ver\u00e3o urbano&lt;\/p&gt;\n\" data-medium-file=\"https:\/\/i0.wp.com\/agrund.com\/wp-content\/uploads\/sites\/6\/2014\/01\/lacoste-apresenta-seu-verao-urbano-2.jpg?fit=300%2C200&amp;ssl=1\" data-large-file=\"https:\/\/i0.wp.com\/agrund.com\/wp-content\/uploads\/sites\/6\/2014\/01\/lacoste-apresenta-seu-verao-urbano-2.jpg?fit=550%2C368&amp;ssl=1\" decoding=\"async\" loading=\"lazy\" class=\"size-large wp-image-94149\" alt=\"Lacoste apresenta seu ver\u00e3o urbano\" src=\"https:\/\/i0.wp.com\/www.agrund.com\/wp-content\/uploads\/sites\/6\/cache\/2014\/01\/lacoste-apresenta-seu-verao-urbano-2\/1391599258.jpg?resize=550%2C368\" width=\"550\" height=\"368\" data-recalc-dims=\"1\" \/><\/a><p id=\"caption-attachment-94149\" class=\"wp-caption-text\">Lacoste apresenta seu ver\u00e3o urbano<\/p><\/div>\n<p>Imagens: Reprodu\u00e7\u00e3o.<\/p>\n","protected":false},"excerpt":{"rendered":"<p>As campanhas para o ver\u00e3o 2014 est\u00e3o a todo vapor no hemisf\u00e9rio norte e agora chegou a vez da Lacoste. Nos cliques, a marca prop\u00f4s mostrar que suas cole\u00e7\u00f5es s\u00e3o perfeitas tamb\u00e9m para o ambiente urbano atrav\u00e9s do tema &#8220;Life is a beautiful sport&#8221;, que em portug\u00eas \u00e9 &#8220;A vida \u00e9 um lindo esporte&#8221;. As [&hellip;]<\/p>\n","protected":false},"author":1,"featured_media":94150,"comment_status":"open","ping_status":"open","sticky":false,"template":"","format":"standard","meta":{"jetpack_post_was_ever_published":false,"_jetpack_newsletter_access":"","jetpack_publicize_message":"","jetpack_is_tweetstorm":false,"jetpack_publicize_feature_enabled":true,"jetpack_social_post_already_shared":true,"jetpack_social_options":{"image_generator_settings":{"template":"highway","enabled":false}}},"categories":[2],"tags":[],"jetpack_publicize_connections":[],"jetpack_featured_media_url":"https:\/\/i0.wp.com\/agrund.com\/wp-content\/uploads\/sites\/6\/2014\/01\/slidelacoste.jpg?fit=960%2C300&ssl=1","jetpack_sharing_enabled":true,"jetpack_shortlink":"https:\/\/wp.me\/p3Hz0n-ouv","jetpack_likes_enabled":true,"_links":{"self":[{"href":"https:\/\/agrund.com\/index.php\/wp-json\/wp\/v2\/posts\/94147"}],"collection":[{"href":"https:\/\/agrund.com\/index.php\/wp-json\/wp\/v2\/posts"}],"about":[{"href":"https:\/\/agrund.com\/index.php\/wp-json\/wp\/v2\/types\/post"}],"author":[{"embeddable":true,"href":"https:\/\/agrund.com\/index.php\/wp-json\/wp\/v2\/users\/1"}],"replies":[{"embeddable":true,"href":"https:\/\/agrund.com\/index.php\/wp-json\/wp\/v2\/comments?post=94147"}],"version-history":[{"count":0,"href":"https:\/\/agrund.com\/index.php\/wp-json\/wp\/v2\/posts\/94147\/revisions"}],"wp:featuredmedia":[{"embeddable":true,"href":"https:\/\/agrund.com\/index.php\/wp-json\/wp\/v2\/media\/94150"}],"wp:attachment":[{"href":"https:\/\/agrund.com\/index.php\/wp-json\/wp\/v2\/media?parent=94147"}],"wp:term":[{"taxonomy":"category","embeddable":true,"href":"https:\/\/agrund.com\/index.php\/wp-json\/wp\/v2\/categories?post=94147"},{"taxonomy":"post_tag","embeddable":true,"href":"https:\/\/agrund.com\/index.php\/wp-json\/wp\/v2\/tags?post=94147"}],"curies":[{"name":"wp","href":"https:\/\/api.w.org\/{rel}","templated":true}]}}