{"id":94134,"date":"2014-01-21T20:00:44","date_gmt":"2014-01-21T22:00:44","guid":{"rendered":"http:\/\/www.agrund.com\/?p=94134"},"modified":"2014-01-21T17:17:15","modified_gmt":"2014-01-21T19:17:15","slug":"adele-volta-aos-palcos-em-2015","status":"publish","type":"post","link":"https:\/\/agrund.com\/index.php\/adele-volta-aos-palcos-em-2015\/","title":{"rendered":"Adele volta aos palcos em 2015"},"content":{"rendered":"<p>A cantora Adele j\u00e1 come\u00e7ou a organizar os detalhes da sua nova temporada de shows depois de um longo per\u00edodo afastada dos palcos e dos est\u00fadios cuidando do seu filho Angelo, de 15 meses, fruto do relacionamento com o namorado Simon Konecki.<br \/>\nUma fonte disse ao jornal Daily Mirror: &#8220;No momento as discuss\u00f5es giram em torno de uma turn\u00ea no Reino Unido e Am\u00e9rica do Norte, mas possivelmente ela pode fazer algo ao redor do mundo em 2015. Ela conseguiu fazer o que queria nos \u00faltimos dois anos, focar em ser m\u00e3e, e vai continuar fazendo isso depois que come\u00e7ar a promover o novo material. Ela est\u00e1 de volta ao trabalho, mas est\u00e1 gravando no seu pr\u00f3prio ritmo. Seu apelo foi sempre a qualidade de sua m\u00fasica, por isso ela n\u00e3o est\u00e1 com pressa para liberar um novo \u00e1lbum&#8221;.<br \/>\nA cantora de 25 anos prometeu fazer uma nova turn\u00ea depois que Angelo completasse dois anos, embora ela j\u00e1 tenha feito alguns trabalhos em est\u00fadio com o compositor James Ford e cantor\/compositor Kid Harpoon, que j\u00e1 trabalhou com nomes como Florence and the Machine.<br \/>\nSua \u00faltima turn\u00ea acompanhou seu multi-platinado disco &#8217;21&#8217;, lan\u00e7ado em 2011, embora ela tenha sido for\u00e7ada a cancelar apresenta\u00e7\u00f5es depois de sofrer uma hemorragia em suas cordas vocais.<br \/>\nEla passou por uma cirurgia e tem sido inflex\u00edvel sobre voltar aos palcos nesse momento, mesmo que o seu novo \u00e1lbum seja lan\u00e7ado no final de 2014.<\/p>\n<div id=\"attachment_94135\" style=\"width: 541px\" class=\"wp-caption aligncenter\"><a href=\"https:\/\/i0.wp.com\/www.agrund.com\/wp-content\/uploads\/sites\/6\/2014\/01\/adele-volta-aos-palcos-em-2015.jpg\"><img aria-describedby=\"caption-attachment-94135\" data-attachment-id=\"94135\" data-permalink=\"https:\/\/agrund.com\/index.php\/adele-volta-aos-palcos-em-2015\/adele-volta-aos-palcos-em-2015\/\" data-orig-file=\"https:\/\/i0.wp.com\/agrund.com\/wp-content\/uploads\/sites\/6\/2014\/01\/adele-volta-aos-palcos-em-2015.jpg?fit=531%2C795&amp;ssl=1\" data-orig-size=\"531,795\" data-comments-opened=\"1\" data-image-meta=\"{&quot;aperture&quot;:&quot;0&quot;,&quot;credit&quot;:&quot;&quot;,&quot;camera&quot;:&quot;&quot;,&quot;caption&quot;:&quot;&quot;,&quot;created_timestamp&quot;:&quot;0&quot;,&quot;copyright&quot;:&quot;&quot;,&quot;focal_length&quot;:&quot;0&quot;,&quot;iso&quot;:&quot;0&quot;,&quot;shutter_speed&quot;:&quot;0&quot;,&quot;title&quot;:&quot;&quot;}\" data-image-title=\"adele-volta-aos-palcos-em-2015\" data-image-description=\"\" data-image-caption=\"&lt;p&gt;Adele volta aos palcos em 2015&lt;\/p&gt;\n\" data-medium-file=\"https:\/\/i0.wp.com\/agrund.com\/wp-content\/uploads\/sites\/6\/2014\/01\/adele-volta-aos-palcos-em-2015.jpg?fit=200%2C300&amp;ssl=1\" data-large-file=\"https:\/\/i0.wp.com\/agrund.com\/wp-content\/uploads\/sites\/6\/2014\/01\/adele-volta-aos-palcos-em-2015.jpg?fit=531%2C795&amp;ssl=1\" decoding=\"async\" loading=\"lazy\" class=\"size-large wp-image-94135\" alt=\"Adele volta aos palcos em 2015\" src=\"https:\/\/i0.wp.com\/www.agrund.com\/wp-content\/uploads\/sites\/6\/cache\/2014\/01\/adele-volta-aos-palcos-em-2015\/3804902282.jpg?resize=531%2C795\" width=\"531\" height=\"795\" data-recalc-dims=\"1\" \/><\/a><p id=\"caption-attachment-94135\" class=\"wp-caption-text\">Adele volta aos palcos em 2015<\/p><\/div>\n<p>Imagem: Reprodu\u00e7\u00e3o.<\/p>\n","protected":false},"excerpt":{"rendered":"<p>A cantora Adele j\u00e1 come\u00e7ou a organizar os detalhes da sua nova temporada de shows depois de um longo per\u00edodo afastada dos palcos e dos est\u00fadios cuidando do seu filho Angelo, de 15 meses, fruto do relacionamento com o namorado Simon Konecki. Uma fonte disse ao jornal Daily Mirror: &#8220;No momento as discuss\u00f5es giram em [&hellip;]<\/p>\n","protected":false},"author":1,"featured_media":94136,"comment_status":"open","ping_status":"open","sticky":false,"template":"","format":"standard","meta":{"jetpack_post_was_ever_published":false,"_jetpack_newsletter_access":"","jetpack_publicize_message":"","jetpack_is_tweetstorm":false,"jetpack_publicize_feature_enabled":true,"jetpack_social_post_already_shared":true,"jetpack_social_options":{"image_generator_settings":{"template":"highway","enabled":false}}},"categories":[2],"tags":[],"jetpack_publicize_connections":[],"jetpack_featured_media_url":"https:\/\/i0.wp.com\/agrund.com\/wp-content\/uploads\/sites\/6\/2014\/01\/slide121.jpg?fit=960%2C300&ssl=1","jetpack_sharing_enabled":true,"jetpack_shortlink":"https:\/\/wp.me\/p3Hz0n-oui","jetpack_likes_enabled":true,"_links":{"self":[{"href":"https:\/\/agrund.com\/index.php\/wp-json\/wp\/v2\/posts\/94134"}],"collection":[{"href":"https:\/\/agrund.com\/index.php\/wp-json\/wp\/v2\/posts"}],"about":[{"href":"https:\/\/agrund.com\/index.php\/wp-json\/wp\/v2\/types\/post"}],"author":[{"embeddable":true,"href":"https:\/\/agrund.com\/index.php\/wp-json\/wp\/v2\/users\/1"}],"replies":[{"embeddable":true,"href":"https:\/\/agrund.com\/index.php\/wp-json\/wp\/v2\/comments?post=94134"}],"version-history":[{"count":0,"href":"https:\/\/agrund.com\/index.php\/wp-json\/wp\/v2\/posts\/94134\/revisions"}],"wp:featuredmedia":[{"embeddable":true,"href":"https:\/\/agrund.com\/index.php\/wp-json\/wp\/v2\/media\/94136"}],"wp:attachment":[{"href":"https:\/\/agrund.com\/index.php\/wp-json\/wp\/v2\/media?parent=94134"}],"wp:term":[{"taxonomy":"category","embeddable":true,"href":"https:\/\/agrund.com\/index.php\/wp-json\/wp\/v2\/categories?post=94134"},{"taxonomy":"post_tag","embeddable":true,"href":"https:\/\/agrund.com\/index.php\/wp-json\/wp\/v2\/tags?post=94134"}],"curies":[{"name":"wp","href":"https:\/\/api.w.org\/{rel}","templated":true}]}}