{"id":94122,"date":"2014-01-21T18:00:19","date_gmt":"2014-01-21T20:00:19","guid":{"rendered":"http:\/\/www.agrund.com\/?p=94122"},"modified":"2014-01-21T10:03:49","modified_gmt":"2014-01-21T12:03:49","slug":"isabeli-fontana-e-a-garota-da-capa-2","status":"publish","type":"post","link":"https:\/\/agrund.com\/index.php\/isabeli-fontana-e-a-garota-da-capa-2\/","title":{"rendered":"Isabeli Fontana \u00e9 a garota da capa"},"content":{"rendered":"<p>Isabelli Fontana foi a escolhida para estrelar a capa da edi\u00e7\u00e3o fevereiro de 2014 da Vogue Ucr\u00e2nia. No clique de Marcin Tyszka, a brasileira aparece em um look Dolce &amp; Gabbana transparente com aplica\u00e7\u00f5es de flores.<\/p>\n<p>A escolha do make foi apenas uma pele corrigida com um poderoso batom vermelho e nos cabelos um efeito &#8216;wet&#8217; que \u00e9 a cara do ver\u00e3o. Confira:<\/p>\n<div id=\"attachment_94123\" style=\"width: 560px\" class=\"wp-caption aligncenter\"><a href=\"https:\/\/i0.wp.com\/www.agrund.com\/wp-content\/uploads\/sites\/6\/2014\/01\/isabeli-fontana-e-a-garota-da-capa-2.jpg\"><img aria-describedby=\"caption-attachment-94123\" data-attachment-id=\"94123\" data-permalink=\"https:\/\/agrund.com\/index.php\/isabeli-fontana-e-a-garota-da-capa-2\/isabeli-fontana-e-a-garota-da-capa-2\/\" data-orig-file=\"https:\/\/i0.wp.com\/agrund.com\/wp-content\/uploads\/sites\/6\/2014\/01\/isabeli-fontana-e-a-garota-da-capa-2.jpg?fit=550%2C713&amp;ssl=1\" data-orig-size=\"550,713\" data-comments-opened=\"1\" data-image-meta=\"{&quot;aperture&quot;:&quot;0&quot;,&quot;credit&quot;:&quot;&quot;,&quot;camera&quot;:&quot;&quot;,&quot;caption&quot;:&quot;&quot;,&quot;created_timestamp&quot;:&quot;0&quot;,&quot;copyright&quot;:&quot;&quot;,&quot;focal_length&quot;:&quot;0&quot;,&quot;iso&quot;:&quot;0&quot;,&quot;shutter_speed&quot;:&quot;0&quot;,&quot;title&quot;:&quot;&quot;}\" data-image-title=\"isabeli-fontana-e-a-garota-da-capa-2\" data-image-description=\"\" data-image-caption=\"&lt;p&gt;Isabeli Fontana \u00e9 a garota da capa&lt;\/p&gt;\n\" data-medium-file=\"https:\/\/i0.wp.com\/agrund.com\/wp-content\/uploads\/sites\/6\/2014\/01\/isabeli-fontana-e-a-garota-da-capa-2.jpg?fit=231%2C300&amp;ssl=1\" data-large-file=\"https:\/\/i0.wp.com\/agrund.com\/wp-content\/uploads\/sites\/6\/2014\/01\/isabeli-fontana-e-a-garota-da-capa-2.jpg?fit=550%2C713&amp;ssl=1\" decoding=\"async\" loading=\"lazy\" class=\"size-large wp-image-94123\" alt=\"Isabeli Fontana \u00e9 a garota da capa\" src=\"https:\/\/i0.wp.com\/www.agrund.com\/wp-content\/uploads\/sites\/6\/cache\/2014\/01\/isabeli-fontana-e-a-garota-da-capa-2\/419350204.jpg?resize=550%2C713\" width=\"550\" height=\"713\" data-recalc-dims=\"1\" \/><\/a><p id=\"caption-attachment-94123\" class=\"wp-caption-text\">Isabeli Fontana \u00e9 a garota da capa<\/p><\/div>\n<p>Imagem: Reprodu\u00e7\u00e3o.<\/p>\n","protected":false},"excerpt":{"rendered":"<p>Isabelli Fontana foi a escolhida para estrelar a capa da edi\u00e7\u00e3o fevereiro de 2014 da Vogue Ucr\u00e2nia. No clique de Marcin Tyszka, a brasileira aparece em um look Dolce &amp; Gabbana transparente com aplica\u00e7\u00f5es de flores. A escolha do make foi apenas uma pele corrigida com um poderoso batom vermelho e nos cabelos um efeito [&hellip;]<\/p>\n","protected":false},"author":1,"featured_media":94124,"comment_status":"open","ping_status":"open","sticky":false,"template":"","format":"standard","meta":{"jetpack_post_was_ever_published":false,"_jetpack_newsletter_access":"","jetpack_publicize_message":"","jetpack_is_tweetstorm":false,"jetpack_publicize_feature_enabled":true,"jetpack_social_post_already_shared":true,"jetpack_social_options":{"image_generator_settings":{"template":"highway","enabled":false}}},"categories":[2],"tags":[],"jetpack_publicize_connections":[],"jetpack_featured_media_url":"https:\/\/i0.wp.com\/agrund.com\/wp-content\/uploads\/sites\/6\/2014\/01\/slidecapa3.jpg?fit=960%2C300&ssl=1","jetpack_sharing_enabled":true,"jetpack_shortlink":"https:\/\/wp.me\/p3Hz0n-ou6","jetpack_likes_enabled":true,"_links":{"self":[{"href":"https:\/\/agrund.com\/index.php\/wp-json\/wp\/v2\/posts\/94122"}],"collection":[{"href":"https:\/\/agrund.com\/index.php\/wp-json\/wp\/v2\/posts"}],"about":[{"href":"https:\/\/agrund.com\/index.php\/wp-json\/wp\/v2\/types\/post"}],"author":[{"embeddable":true,"href":"https:\/\/agrund.com\/index.php\/wp-json\/wp\/v2\/users\/1"}],"replies":[{"embeddable":true,"href":"https:\/\/agrund.com\/index.php\/wp-json\/wp\/v2\/comments?post=94122"}],"version-history":[{"count":0,"href":"https:\/\/agrund.com\/index.php\/wp-json\/wp\/v2\/posts\/94122\/revisions"}],"wp:featuredmedia":[{"embeddable":true,"href":"https:\/\/agrund.com\/index.php\/wp-json\/wp\/v2\/media\/94124"}],"wp:attachment":[{"href":"https:\/\/agrund.com\/index.php\/wp-json\/wp\/v2\/media?parent=94122"}],"wp:term":[{"taxonomy":"category","embeddable":true,"href":"https:\/\/agrund.com\/index.php\/wp-json\/wp\/v2\/categories?post=94122"},{"taxonomy":"post_tag","embeddable":true,"href":"https:\/\/agrund.com\/index.php\/wp-json\/wp\/v2\/tags?post=94122"}],"curies":[{"name":"wp","href":"https:\/\/api.w.org\/{rel}","templated":true}]}}