{"id":94118,"date":"2014-01-21T16:00:52","date_gmt":"2014-01-21T18:00:52","guid":{"rendered":"http:\/\/www.agrund.com\/?p=94118"},"modified":"2014-01-21T10:02:14","modified_gmt":"2014-01-21T12:02:14","slug":"oscar-oprah-winfrey-insiste-que-nao-ficou-chateada-por-ter-ficado-de-fora-dessa","status":"publish","type":"post","link":"https:\/\/agrund.com\/index.php\/oscar-oprah-winfrey-insiste-que-nao-ficou-chateada-por-ter-ficado-de-fora-dessa\/","title":{"rendered":"Oscar :: Oprah Winfrey insiste que n\u00e3o ficou chateada por ter ficado de fora dessa"},"content":{"rendered":"<p>Oprah Winfrey rebateu os rumores de que teria ficado chateada por n\u00e3o ter sido indicada ao Oscar. Ela era cotada para concorrer \u00e0 estatueta de melhor atriz coadjuvante pela atua\u00e7\u00e3o no drama &#8220;O Mordomo da Casa Branca&#8221;.<br \/>\n&#8220;N\u00e3o acho que fui esnobada em momento algum. Quem ousa em dizer que eu fui&#8230; esnobada? T\u00e1 de brincadeira? Nunca, nunca, nunca!&#8221;, disse Winfrey. Provando que n\u00e3o guarda nenhum remorso, a apresentadora americana ainda elogiou as indicadas na categoria de melhor atriz coadjuvante: Julia Roberts, Lupita Nyong&#8217;o, Jennifer Lawrence, June Squibb e Sally Hawkins. Inclusive postou em suas redes sociais uma foto com a atriz queniana Lupita.<br \/>\nApesar de ter ficado de fora da lista de nomeados ao Oscar, Oprah Winfrey ganhou uma nomea\u00e7\u00e3o ao BAFTA (British Academy of Film and Television Arts) por interpretar Gloria Gaines- a mulher de Cecil Gaines (Forest Whitaker), um mordomo que trabalhou para sete presidentes dos Estados Unidos- no aclamado hist\u00f3rico filme &#8220;O Mordomo da Casa Branca&#8221;, do diretor Lee Daniels.<\/p>\n<div id=\"attachment_94119\" style=\"width: 560px\" class=\"wp-caption aligncenter\"><a href=\"https:\/\/i0.wp.com\/www.agrund.com\/wp-content\/uploads\/sites\/6\/2014\/01\/oscar-oprah-winfrey-insiste-que-nao-ficou-chateada-por-ter-ficado-de-fora-dessa.jpg\"><img aria-describedby=\"caption-attachment-94119\" data-attachment-id=\"94119\" data-permalink=\"https:\/\/agrund.com\/index.php\/oscar-oprah-winfrey-insiste-que-nao-ficou-chateada-por-ter-ficado-de-fora-dessa\/oscar-oprah-winfrey-insiste-que-nao-ficou-chateada-por-ter-ficado-de-fora-dessa\/\" data-orig-file=\"https:\/\/i0.wp.com\/agrund.com\/wp-content\/uploads\/sites\/6\/2014\/01\/oscar-oprah-winfrey-insiste-que-nao-ficou-chateada-por-ter-ficado-de-fora-dessa.jpg?fit=550%2C367&amp;ssl=1\" data-orig-size=\"550,367\" data-comments-opened=\"1\" data-image-meta=\"{&quot;aperture&quot;:&quot;0&quot;,&quot;credit&quot;:&quot;&quot;,&quot;camera&quot;:&quot;&quot;,&quot;caption&quot;:&quot;&quot;,&quot;created_timestamp&quot;:&quot;0&quot;,&quot;copyright&quot;:&quot;&quot;,&quot;focal_length&quot;:&quot;0&quot;,&quot;iso&quot;:&quot;0&quot;,&quot;shutter_speed&quot;:&quot;0&quot;,&quot;title&quot;:&quot;&quot;}\" data-image-title=\"oscar-oprah-winfrey-insiste-que-nao-ficou-chateada-por-ter-ficado-de-fora-dessa\" data-image-description=\"\" data-image-caption=\"&lt;p&gt;Oscar :: Oprah Winfrey insiste que n\u00e3o ficou chateada por ter ficado de fora dessa&lt;\/p&gt;\n\" data-medium-file=\"https:\/\/i0.wp.com\/agrund.com\/wp-content\/uploads\/sites\/6\/2014\/01\/oscar-oprah-winfrey-insiste-que-nao-ficou-chateada-por-ter-ficado-de-fora-dessa.jpg?fit=300%2C200&amp;ssl=1\" data-large-file=\"https:\/\/i0.wp.com\/agrund.com\/wp-content\/uploads\/sites\/6\/2014\/01\/oscar-oprah-winfrey-insiste-que-nao-ficou-chateada-por-ter-ficado-de-fora-dessa.jpg?fit=550%2C367&amp;ssl=1\" decoding=\"async\" loading=\"lazy\" class=\"size-large wp-image-94119\" alt=\"Oscar :: Oprah Winfrey insiste que n\u00e3o ficou chateada por ter ficado de fora dessa\" src=\"https:\/\/i0.wp.com\/www.agrund.com\/wp-content\/uploads\/sites\/6\/cache\/2014\/01\/oscar-oprah-winfrey-insiste-que-nao-ficou-chateada-por-ter-ficado-de-fora-dessa\/275196864.jpg?resize=550%2C367\" width=\"550\" height=\"367\" data-recalc-dims=\"1\" \/><\/a><p id=\"caption-attachment-94119\" class=\"wp-caption-text\">Oscar :: Oprah Winfrey insiste que n\u00e3o ficou chateada por ter ficado de fora dessa<\/p><\/div>\n<p>Imagem: Reprodu\u00e7\u00e3o.<\/p>\n","protected":false},"excerpt":{"rendered":"<p>Oprah Winfrey rebateu os rumores de que teria ficado chateada por n\u00e3o ter sido indicada ao Oscar. Ela era cotada para concorrer \u00e0 estatueta de melhor atriz coadjuvante pela atua\u00e7\u00e3o no drama &#8220;O Mordomo da Casa Branca&#8221;. &#8220;N\u00e3o acho que fui esnobada em momento algum. Quem ousa em dizer que eu fui&#8230; esnobada? T\u00e1 de [&hellip;]<\/p>\n","protected":false},"author":1,"featured_media":94120,"comment_status":"open","ping_status":"open","sticky":false,"template":"","format":"standard","meta":{"jetpack_post_was_ever_published":false,"_jetpack_newsletter_access":"","jetpack_publicize_message":"","jetpack_is_tweetstorm":false,"jetpack_publicize_feature_enabled":true,"jetpack_social_post_already_shared":true,"jetpack_social_options":{"image_generator_settings":{"template":"highway","enabled":false}}},"categories":[2],"tags":[],"jetpack_publicize_connections":[],"jetpack_featured_media_url":"https:\/\/i0.wp.com\/agrund.com\/wp-content\/uploads\/sites\/6\/2014\/01\/slideoprah.jpg?fit=960%2C300&ssl=1","jetpack_sharing_enabled":true,"jetpack_shortlink":"https:\/\/wp.me\/p3Hz0n-ou2","jetpack_likes_enabled":true,"_links":{"self":[{"href":"https:\/\/agrund.com\/index.php\/wp-json\/wp\/v2\/posts\/94118"}],"collection":[{"href":"https:\/\/agrund.com\/index.php\/wp-json\/wp\/v2\/posts"}],"about":[{"href":"https:\/\/agrund.com\/index.php\/wp-json\/wp\/v2\/types\/post"}],"author":[{"embeddable":true,"href":"https:\/\/agrund.com\/index.php\/wp-json\/wp\/v2\/users\/1"}],"replies":[{"embeddable":true,"href":"https:\/\/agrund.com\/index.php\/wp-json\/wp\/v2\/comments?post=94118"}],"version-history":[{"count":0,"href":"https:\/\/agrund.com\/index.php\/wp-json\/wp\/v2\/posts\/94118\/revisions"}],"wp:featuredmedia":[{"embeddable":true,"href":"https:\/\/agrund.com\/index.php\/wp-json\/wp\/v2\/media\/94120"}],"wp:attachment":[{"href":"https:\/\/agrund.com\/index.php\/wp-json\/wp\/v2\/media?parent=94118"}],"wp:term":[{"taxonomy":"category","embeddable":true,"href":"https:\/\/agrund.com\/index.php\/wp-json\/wp\/v2\/categories?post=94118"},{"taxonomy":"post_tag","embeddable":true,"href":"https:\/\/agrund.com\/index.php\/wp-json\/wp\/v2\/tags?post=94118"}],"curies":[{"name":"wp","href":"https:\/\/api.w.org\/{rel}","templated":true}]}}