{"id":94107,"date":"2014-01-21T14:00:20","date_gmt":"2014-01-21T16:00:20","guid":{"rendered":"http:\/\/www.agrund.com\/?p=94107"},"modified":"2014-01-21T09:58:43","modified_gmt":"2014-01-21T11:58:43","slug":"alexandre-herchcovitch-celebra-20-anos-de-carreira-com-colecao-capsula","status":"publish","type":"post","link":"https:\/\/agrund.com\/index.php\/alexandre-herchcovitch-celebra-20-anos-de-carreira-com-colecao-capsula\/","title":{"rendered":"Alexandre Herchcovitch celebra 20 anos de carreira com cole\u00e7\u00e3o c\u00e1psula"},"content":{"rendered":"<p>Para celebrar seus 20 anos de carreira, o estilista Alexandre Herchcovitch lan\u00e7a uma cole\u00e7\u00e3o c\u00e1psula com pe\u00e7as \u00edcones das duas \u00faltimas d\u00e9cadas de sua marca. No total s\u00e3o 35 pe\u00e7as reeditadas, que foram originalmente lan\u00e7adas entre 2000 e 2012, que incluem tops, palet\u00f3s, vestidos, saias, cal\u00e7as, camisas e camisetas. A cole\u00e7\u00e3o j\u00e1 est\u00e1 \u00e0 vendas nas lojas Herchcovitch;Alexandre de SP e RJ e em multimarcas selecionadas. Confira algumas pe\u00e7as da cole\u00e7\u00e3o comemorativa:<\/p>\n<div id=\"attachment_94108\" style=\"width: 560px\" class=\"wp-caption aligncenter\"><a href=\"https:\/\/i0.wp.com\/www.agrund.com\/wp-content\/uploads\/sites\/6\/2014\/01\/alexandre-herchcovitch-celebra-20-anos-de-carreira-com-colecao-capsula-1.jpg\"><img aria-describedby=\"caption-attachment-94108\" data-attachment-id=\"94108\" data-permalink=\"https:\/\/agrund.com\/index.php\/alexandre-herchcovitch-celebra-20-anos-de-carreira-com-colecao-capsula\/alexandre-herchcovitch-celebra-20-anos-de-carreira-com-colecao-capsula-1\/\" data-orig-file=\"https:\/\/i0.wp.com\/agrund.com\/wp-content\/uploads\/sites\/6\/2014\/01\/alexandre-herchcovitch-celebra-20-anos-de-carreira-com-colecao-capsula-1.jpg?fit=550%2C289&amp;ssl=1\" data-orig-size=\"550,289\" data-comments-opened=\"1\" data-image-meta=\"{&quot;aperture&quot;:&quot;0&quot;,&quot;credit&quot;:&quot;&quot;,&quot;camera&quot;:&quot;&quot;,&quot;caption&quot;:&quot;&quot;,&quot;created_timestamp&quot;:&quot;0&quot;,&quot;copyright&quot;:&quot;&quot;,&quot;focal_length&quot;:&quot;0&quot;,&quot;iso&quot;:&quot;0&quot;,&quot;shutter_speed&quot;:&quot;0&quot;,&quot;title&quot;:&quot;&quot;}\" data-image-title=\"alexandre-herchcovitch-celebra-20-anos-de-carreira-com-colecao-capsula (1)\" data-image-description=\"\" data-image-caption=\"&lt;p&gt;Alexandre Herchcovitch celebra 20 anos de carreira com cole\u00e7\u00e3o c\u00e1psula&lt;\/p&gt;\n\" data-medium-file=\"https:\/\/i0.wp.com\/agrund.com\/wp-content\/uploads\/sites\/6\/2014\/01\/alexandre-herchcovitch-celebra-20-anos-de-carreira-com-colecao-capsula-1.jpg?fit=300%2C157&amp;ssl=1\" data-large-file=\"https:\/\/i0.wp.com\/agrund.com\/wp-content\/uploads\/sites\/6\/2014\/01\/alexandre-herchcovitch-celebra-20-anos-de-carreira-com-colecao-capsula-1.jpg?fit=550%2C289&amp;ssl=1\" decoding=\"async\" loading=\"lazy\" class=\"size-large wp-image-94108\" alt=\"Alexandre Herchcovitch celebra 20 anos de carreira com cole\u00e7\u00e3o c\u00e1psula\" src=\"https:\/\/i0.wp.com\/www.agrund.com\/wp-content\/uploads\/sites\/6\/cache\/2014\/01\/alexandre-herchcovitch-celebra-20-anos-de-carreira-com-colecao-capsula-1\/190397721.jpg?resize=550%2C289\" width=\"550\" height=\"289\" data-recalc-dims=\"1\" \/><\/a><p id=\"caption-attachment-94108\" class=\"wp-caption-text\">Alexandre Herchcovitch celebra 20 anos de carreira com cole\u00e7\u00e3o c\u00e1psula<\/p><\/div>\n<div id=\"attachment_94109\" style=\"width: 560px\" class=\"wp-caption aligncenter\"><a href=\"https:\/\/i0.wp.com\/www.agrund.com\/wp-content\/uploads\/sites\/6\/2014\/01\/alexandre-herchcovitch-celebra-20-anos-de-carreira-com-colecao-capsula-2.jpg\"><img aria-describedby=\"caption-attachment-94109\" data-attachment-id=\"94109\" data-permalink=\"https:\/\/agrund.com\/index.php\/alexandre-herchcovitch-celebra-20-anos-de-carreira-com-colecao-capsula\/alexandre-herchcovitch-celebra-20-anos-de-carreira-com-colecao-capsula-2\/\" data-orig-file=\"https:\/\/i0.wp.com\/agrund.com\/wp-content\/uploads\/sites\/6\/2014\/01\/alexandre-herchcovitch-celebra-20-anos-de-carreira-com-colecao-capsula-2.jpg?fit=550%2C289&amp;ssl=1\" data-orig-size=\"550,289\" data-comments-opened=\"1\" data-image-meta=\"{&quot;aperture&quot;:&quot;0&quot;,&quot;credit&quot;:&quot;&quot;,&quot;camera&quot;:&quot;&quot;,&quot;caption&quot;:&quot;&quot;,&quot;created_timestamp&quot;:&quot;0&quot;,&quot;copyright&quot;:&quot;&quot;,&quot;focal_length&quot;:&quot;0&quot;,&quot;iso&quot;:&quot;0&quot;,&quot;shutter_speed&quot;:&quot;0&quot;,&quot;title&quot;:&quot;&quot;}\" data-image-title=\"alexandre-herchcovitch-celebra-20-anos-de-carreira-com-colecao-capsula (2)\" data-image-description=\"\" data-image-caption=\"&lt;p&gt;Alexandre Herchcovitch celebra 20 anos de carreira com cole\u00e7\u00e3o c\u00e1psula&lt;\/p&gt;\n\" data-medium-file=\"https:\/\/i0.wp.com\/agrund.com\/wp-content\/uploads\/sites\/6\/2014\/01\/alexandre-herchcovitch-celebra-20-anos-de-carreira-com-colecao-capsula-2.jpg?fit=300%2C157&amp;ssl=1\" data-large-file=\"https:\/\/i0.wp.com\/agrund.com\/wp-content\/uploads\/sites\/6\/2014\/01\/alexandre-herchcovitch-celebra-20-anos-de-carreira-com-colecao-capsula-2.jpg?fit=550%2C289&amp;ssl=1\" decoding=\"async\" loading=\"lazy\" class=\"size-large wp-image-94109\" alt=\"Alexandre Herchcovitch celebra 20 anos de carreira com cole\u00e7\u00e3o c\u00e1psula\" src=\"https:\/\/i0.wp.com\/www.agrund.com\/wp-content\/uploads\/sites\/6\/cache\/2014\/01\/alexandre-herchcovitch-celebra-20-anos-de-carreira-com-colecao-capsula-2\/2245409530.jpg?resize=550%2C289\" width=\"550\" height=\"289\" data-recalc-dims=\"1\" \/><\/a><p id=\"caption-attachment-94109\" class=\"wp-caption-text\">Alexandre Herchcovitch celebra 20 anos de carreira com cole\u00e7\u00e3o c\u00e1psula<\/p><\/div>\n<div id=\"attachment_94110\" style=\"width: 560px\" class=\"wp-caption aligncenter\"><a href=\"https:\/\/i0.wp.com\/www.agrund.com\/wp-content\/uploads\/sites\/6\/2014\/01\/alexandre-herchcovitch-celebra-20-anos-de-carreira-com-colecao-capsula-3.jpg\"><img aria-describedby=\"caption-attachment-94110\" data-attachment-id=\"94110\" data-permalink=\"https:\/\/agrund.com\/index.php\/alexandre-herchcovitch-celebra-20-anos-de-carreira-com-colecao-capsula\/alexandre-herchcovitch-celebra-20-anos-de-carreira-com-colecao-capsula-3\/\" data-orig-file=\"https:\/\/i0.wp.com\/agrund.com\/wp-content\/uploads\/sites\/6\/2014\/01\/alexandre-herchcovitch-celebra-20-anos-de-carreira-com-colecao-capsula-3.jpg?fit=550%2C289&amp;ssl=1\" data-orig-size=\"550,289\" data-comments-opened=\"1\" data-image-meta=\"{&quot;aperture&quot;:&quot;0&quot;,&quot;credit&quot;:&quot;&quot;,&quot;camera&quot;:&quot;&quot;,&quot;caption&quot;:&quot;&quot;,&quot;created_timestamp&quot;:&quot;0&quot;,&quot;copyright&quot;:&quot;&quot;,&quot;focal_length&quot;:&quot;0&quot;,&quot;iso&quot;:&quot;0&quot;,&quot;shutter_speed&quot;:&quot;0&quot;,&quot;title&quot;:&quot;&quot;}\" data-image-title=\"alexandre-herchcovitch-celebra-20-anos-de-carreira-com-colecao-capsula (3)\" data-image-description=\"\" data-image-caption=\"&lt;p&gt;Alexandre Herchcovitch celebra 20 anos de carreira com cole\u00e7\u00e3o c\u00e1psula&lt;\/p&gt;\n\" data-medium-file=\"https:\/\/i0.wp.com\/agrund.com\/wp-content\/uploads\/sites\/6\/2014\/01\/alexandre-herchcovitch-celebra-20-anos-de-carreira-com-colecao-capsula-3.jpg?fit=300%2C157&amp;ssl=1\" data-large-file=\"https:\/\/i0.wp.com\/agrund.com\/wp-content\/uploads\/sites\/6\/2014\/01\/alexandre-herchcovitch-celebra-20-anos-de-carreira-com-colecao-capsula-3.jpg?fit=550%2C289&amp;ssl=1\" decoding=\"async\" loading=\"lazy\" class=\"size-large wp-image-94110\" alt=\"Alexandre Herchcovitch celebra 20 anos de carreira com cole\u00e7\u00e3o c\u00e1psula\" src=\"https:\/\/i0.wp.com\/www.agrund.com\/wp-content\/uploads\/sites\/6\/cache\/2014\/01\/alexandre-herchcovitch-celebra-20-anos-de-carreira-com-colecao-capsula-3\/1232878180.jpg?resize=550%2C289\" width=\"550\" height=\"289\" data-recalc-dims=\"1\" \/><\/a><p id=\"caption-attachment-94110\" class=\"wp-caption-text\">Alexandre Herchcovitch celebra 20 anos de carreira com cole\u00e7\u00e3o c\u00e1psula<\/p><\/div>\n<div id=\"attachment_94111\" style=\"width: 560px\" class=\"wp-caption aligncenter\"><a href=\"https:\/\/i0.wp.com\/www.agrund.com\/wp-content\/uploads\/sites\/6\/2014\/01\/alexandre-herchcovitch-celebra-20-anos-de-carreira-com-colecao-capsula-4.jpg\"><img aria-describedby=\"caption-attachment-94111\" data-attachment-id=\"94111\" data-permalink=\"https:\/\/agrund.com\/index.php\/alexandre-herchcovitch-celebra-20-anos-de-carreira-com-colecao-capsula\/alexandre-herchcovitch-celebra-20-anos-de-carreira-com-colecao-capsula-4\/\" data-orig-file=\"https:\/\/i0.wp.com\/agrund.com\/wp-content\/uploads\/sites\/6\/2014\/01\/alexandre-herchcovitch-celebra-20-anos-de-carreira-com-colecao-capsula-4.jpg?fit=550%2C289&amp;ssl=1\" data-orig-size=\"550,289\" data-comments-opened=\"1\" data-image-meta=\"{&quot;aperture&quot;:&quot;0&quot;,&quot;credit&quot;:&quot;&quot;,&quot;camera&quot;:&quot;&quot;,&quot;caption&quot;:&quot;&quot;,&quot;created_timestamp&quot;:&quot;0&quot;,&quot;copyright&quot;:&quot;&quot;,&quot;focal_length&quot;:&quot;0&quot;,&quot;iso&quot;:&quot;0&quot;,&quot;shutter_speed&quot;:&quot;0&quot;,&quot;title&quot;:&quot;&quot;}\" data-image-title=\"alexandre-herchcovitch-celebra-20-anos-de-carreira-com-colecao-capsula (4)\" data-image-description=\"\" data-image-caption=\"&lt;p&gt;Alexandre Herchcovitch celebra 20 anos de carreira com cole\u00e7\u00e3o c\u00e1psula&lt;\/p&gt;\n\" data-medium-file=\"https:\/\/i0.wp.com\/agrund.com\/wp-content\/uploads\/sites\/6\/2014\/01\/alexandre-herchcovitch-celebra-20-anos-de-carreira-com-colecao-capsula-4.jpg?fit=300%2C157&amp;ssl=1\" data-large-file=\"https:\/\/i0.wp.com\/agrund.com\/wp-content\/uploads\/sites\/6\/2014\/01\/alexandre-herchcovitch-celebra-20-anos-de-carreira-com-colecao-capsula-4.jpg?fit=550%2C289&amp;ssl=1\" decoding=\"async\" loading=\"lazy\" class=\"size-large wp-image-94111\" alt=\"Alexandre Herchcovitch celebra 20 anos de carreira com cole\u00e7\u00e3o c\u00e1psula\" src=\"https:\/\/i0.wp.com\/www.agrund.com\/wp-content\/uploads\/sites\/6\/cache\/2014\/01\/alexandre-herchcovitch-celebra-20-anos-de-carreira-com-colecao-capsula-4\/1136210813.jpg?resize=550%2C289\" width=\"550\" height=\"289\" data-recalc-dims=\"1\" \/><\/a><p id=\"caption-attachment-94111\" class=\"wp-caption-text\">Alexandre Herchcovitch celebra 20 anos de carreira com cole\u00e7\u00e3o c\u00e1psula<\/p><\/div>\n<div id=\"attachment_94112\" style=\"width: 560px\" class=\"wp-caption aligncenter\"><a href=\"https:\/\/i0.wp.com\/www.agrund.com\/wp-content\/uploads\/sites\/6\/2014\/01\/alexandre-herchcovitch-celebra-20-anos-de-carreira-com-colecao-capsula-5.jpg\"><img aria-describedby=\"caption-attachment-94112\" data-attachment-id=\"94112\" data-permalink=\"https:\/\/agrund.com\/index.php\/alexandre-herchcovitch-celebra-20-anos-de-carreira-com-colecao-capsula\/alexandre-herchcovitch-celebra-20-anos-de-carreira-com-colecao-capsula-5\/\" data-orig-file=\"https:\/\/i0.wp.com\/agrund.com\/wp-content\/uploads\/sites\/6\/2014\/01\/alexandre-herchcovitch-celebra-20-anos-de-carreira-com-colecao-capsula-5.jpg?fit=550%2C289&amp;ssl=1\" data-orig-size=\"550,289\" data-comments-opened=\"1\" data-image-meta=\"{&quot;aperture&quot;:&quot;0&quot;,&quot;credit&quot;:&quot;&quot;,&quot;camera&quot;:&quot;&quot;,&quot;caption&quot;:&quot;&quot;,&quot;created_timestamp&quot;:&quot;0&quot;,&quot;copyright&quot;:&quot;&quot;,&quot;focal_length&quot;:&quot;0&quot;,&quot;iso&quot;:&quot;0&quot;,&quot;shutter_speed&quot;:&quot;0&quot;,&quot;title&quot;:&quot;&quot;}\" data-image-title=\"alexandre-herchcovitch-celebra-20-anos-de-carreira-com-colecao-capsula (5)\" data-image-description=\"\" data-image-caption=\"&lt;p&gt;Alexandre Herchcovitch celebra 20 anos de carreira com cole\u00e7\u00e3o c\u00e1psula&lt;\/p&gt;\n\" data-medium-file=\"https:\/\/i0.wp.com\/agrund.com\/wp-content\/uploads\/sites\/6\/2014\/01\/alexandre-herchcovitch-celebra-20-anos-de-carreira-com-colecao-capsula-5.jpg?fit=300%2C157&amp;ssl=1\" data-large-file=\"https:\/\/i0.wp.com\/agrund.com\/wp-content\/uploads\/sites\/6\/2014\/01\/alexandre-herchcovitch-celebra-20-anos-de-carreira-com-colecao-capsula-5.jpg?fit=550%2C289&amp;ssl=1\" decoding=\"async\" loading=\"lazy\" class=\"size-large wp-image-94112\" alt=\"Alexandre Herchcovitch celebra 20 anos de carreira com cole\u00e7\u00e3o c\u00e1psula\" src=\"https:\/\/i0.wp.com\/www.agrund.com\/wp-content\/uploads\/sites\/6\/cache\/2014\/01\/alexandre-herchcovitch-celebra-20-anos-de-carreira-com-colecao-capsula-5\/2400400355.jpg?resize=550%2C289\" width=\"550\" height=\"289\" data-recalc-dims=\"1\" \/><\/a><p id=\"caption-attachment-94112\" class=\"wp-caption-text\">Alexandre Herchcovitch celebra 20 anos de carreira com cole\u00e7\u00e3o c\u00e1psula<\/p><\/div>\n<div id=\"attachment_94113\" style=\"width: 560px\" class=\"wp-caption aligncenter\"><a href=\"https:\/\/i0.wp.com\/www.agrund.com\/wp-content\/uploads\/sites\/6\/2014\/01\/alexandre-herchcovitch-celebra-20-anos-de-carreira-com-colecao-capsula-6.jpg\"><img aria-describedby=\"caption-attachment-94113\" data-attachment-id=\"94113\" data-permalink=\"https:\/\/agrund.com\/index.php\/alexandre-herchcovitch-celebra-20-anos-de-carreira-com-colecao-capsula\/alexandre-herchcovitch-celebra-20-anos-de-carreira-com-colecao-capsula-6\/\" data-orig-file=\"https:\/\/i0.wp.com\/agrund.com\/wp-content\/uploads\/sites\/6\/2014\/01\/alexandre-herchcovitch-celebra-20-anos-de-carreira-com-colecao-capsula-6.jpg?fit=550%2C289&amp;ssl=1\" data-orig-size=\"550,289\" data-comments-opened=\"1\" data-image-meta=\"{&quot;aperture&quot;:&quot;0&quot;,&quot;credit&quot;:&quot;&quot;,&quot;camera&quot;:&quot;&quot;,&quot;caption&quot;:&quot;&quot;,&quot;created_timestamp&quot;:&quot;0&quot;,&quot;copyright&quot;:&quot;&quot;,&quot;focal_length&quot;:&quot;0&quot;,&quot;iso&quot;:&quot;0&quot;,&quot;shutter_speed&quot;:&quot;0&quot;,&quot;title&quot;:&quot;&quot;}\" data-image-title=\"alexandre-herchcovitch-celebra-20-anos-de-carreira-com-colecao-capsula (6)\" data-image-description=\"\" data-image-caption=\"&lt;p&gt;Alexandre Herchcovitch celebra 20 anos de carreira com cole\u00e7\u00e3o c\u00e1psula&lt;\/p&gt;\n\" data-medium-file=\"https:\/\/i0.wp.com\/agrund.com\/wp-content\/uploads\/sites\/6\/2014\/01\/alexandre-herchcovitch-celebra-20-anos-de-carreira-com-colecao-capsula-6.jpg?fit=300%2C157&amp;ssl=1\" data-large-file=\"https:\/\/i0.wp.com\/agrund.com\/wp-content\/uploads\/sites\/6\/2014\/01\/alexandre-herchcovitch-celebra-20-anos-de-carreira-com-colecao-capsula-6.jpg?fit=550%2C289&amp;ssl=1\" decoding=\"async\" loading=\"lazy\" class=\"size-large wp-image-94113\" alt=\"Alexandre Herchcovitch celebra 20 anos de carreira com cole\u00e7\u00e3o c\u00e1psula\" src=\"https:\/\/i0.wp.com\/www.agrund.com\/wp-content\/uploads\/sites\/6\/cache\/2014\/01\/alexandre-herchcovitch-celebra-20-anos-de-carreira-com-colecao-capsula-6\/27014144.jpg?resize=550%2C289\" width=\"550\" height=\"289\" data-recalc-dims=\"1\" \/><\/a><p id=\"caption-attachment-94113\" class=\"wp-caption-text\">Alexandre Herchcovitch celebra 20 anos de carreira com cole\u00e7\u00e3o c\u00e1psula<\/p><\/div>\n<div id=\"attachment_94114\" style=\"width: 560px\" class=\"wp-caption aligncenter\"><a href=\"https:\/\/i0.wp.com\/www.agrund.com\/wp-content\/uploads\/sites\/6\/2014\/01\/alexandre-herchcovitch-celebra-20-anos-de-carreira-com-colecao-capsula-7.jpg\"><img aria-describedby=\"caption-attachment-94114\" data-attachment-id=\"94114\" data-permalink=\"https:\/\/agrund.com\/index.php\/alexandre-herchcovitch-celebra-20-anos-de-carreira-com-colecao-capsula\/alexandre-herchcovitch-celebra-20-anos-de-carreira-com-colecao-capsula-7\/\" data-orig-file=\"https:\/\/i0.wp.com\/agrund.com\/wp-content\/uploads\/sites\/6\/2014\/01\/alexandre-herchcovitch-celebra-20-anos-de-carreira-com-colecao-capsula-7.jpg?fit=550%2C289&amp;ssl=1\" data-orig-size=\"550,289\" data-comments-opened=\"1\" data-image-meta=\"{&quot;aperture&quot;:&quot;0&quot;,&quot;credit&quot;:&quot;&quot;,&quot;camera&quot;:&quot;&quot;,&quot;caption&quot;:&quot;&quot;,&quot;created_timestamp&quot;:&quot;0&quot;,&quot;copyright&quot;:&quot;&quot;,&quot;focal_length&quot;:&quot;0&quot;,&quot;iso&quot;:&quot;0&quot;,&quot;shutter_speed&quot;:&quot;0&quot;,&quot;title&quot;:&quot;&quot;}\" data-image-title=\"alexandre-herchcovitch-celebra-20-anos-de-carreira-com-colecao-capsula (7)\" data-image-description=\"\" data-image-caption=\"&lt;p&gt;Alexandre Herchcovitch celebra 20 anos de carreira com cole\u00e7\u00e3o c\u00e1psula&lt;\/p&gt;\n\" data-medium-file=\"https:\/\/i0.wp.com\/agrund.com\/wp-content\/uploads\/sites\/6\/2014\/01\/alexandre-herchcovitch-celebra-20-anos-de-carreira-com-colecao-capsula-7.jpg?fit=300%2C157&amp;ssl=1\" data-large-file=\"https:\/\/i0.wp.com\/agrund.com\/wp-content\/uploads\/sites\/6\/2014\/01\/alexandre-herchcovitch-celebra-20-anos-de-carreira-com-colecao-capsula-7.jpg?fit=550%2C289&amp;ssl=1\" decoding=\"async\" loading=\"lazy\" class=\"size-large wp-image-94114\" alt=\"Alexandre Herchcovitch celebra 20 anos de carreira com cole\u00e7\u00e3o c\u00e1psula\" src=\"https:\/\/i0.wp.com\/www.agrund.com\/wp-content\/uploads\/sites\/6\/cache\/2014\/01\/alexandre-herchcovitch-celebra-20-anos-de-carreira-com-colecao-capsula-7\/3442881694.jpg?resize=550%2C289\" width=\"550\" height=\"289\" data-recalc-dims=\"1\" \/><\/a><p id=\"caption-attachment-94114\" class=\"wp-caption-text\">Alexandre Herchcovitch celebra 20 anos de carreira com cole\u00e7\u00e3o c\u00e1psula<\/p><\/div>\n<div id=\"attachment_94115\" style=\"width: 560px\" class=\"wp-caption aligncenter\"><a href=\"https:\/\/i0.wp.com\/www.agrund.com\/wp-content\/uploads\/sites\/6\/2014\/01\/alexandre-herchcovitch-celebra-20-anos-de-carreira-com-colecao-capsula-8.jpg\"><img aria-describedby=\"caption-attachment-94115\" data-attachment-id=\"94115\" data-permalink=\"https:\/\/agrund.com\/index.php\/alexandre-herchcovitch-celebra-20-anos-de-carreira-com-colecao-capsula\/alexandre-herchcovitch-celebra-20-anos-de-carreira-com-colecao-capsula-8\/\" data-orig-file=\"https:\/\/i0.wp.com\/agrund.com\/wp-content\/uploads\/sites\/6\/2014\/01\/alexandre-herchcovitch-celebra-20-anos-de-carreira-com-colecao-capsula-8.jpg?fit=550%2C289&amp;ssl=1\" data-orig-size=\"550,289\" data-comments-opened=\"1\" data-image-meta=\"{&quot;aperture&quot;:&quot;0&quot;,&quot;credit&quot;:&quot;&quot;,&quot;camera&quot;:&quot;&quot;,&quot;caption&quot;:&quot;&quot;,&quot;created_timestamp&quot;:&quot;0&quot;,&quot;copyright&quot;:&quot;&quot;,&quot;focal_length&quot;:&quot;0&quot;,&quot;iso&quot;:&quot;0&quot;,&quot;shutter_speed&quot;:&quot;0&quot;,&quot;title&quot;:&quot;&quot;}\" data-image-title=\"alexandre-herchcovitch-celebra-20-anos-de-carreira-com-colecao-capsula (8)\" data-image-description=\"\" data-image-caption=\"&lt;p&gt;Alexandre Herchcovitch celebra 20 anos de carreira com cole\u00e7\u00e3o c\u00e1psula&lt;\/p&gt;\n\" data-medium-file=\"https:\/\/i0.wp.com\/agrund.com\/wp-content\/uploads\/sites\/6\/2014\/01\/alexandre-herchcovitch-celebra-20-anos-de-carreira-com-colecao-capsula-8.jpg?fit=300%2C157&amp;ssl=1\" data-large-file=\"https:\/\/i0.wp.com\/agrund.com\/wp-content\/uploads\/sites\/6\/2014\/01\/alexandre-herchcovitch-celebra-20-anos-de-carreira-com-colecao-capsula-8.jpg?fit=550%2C289&amp;ssl=1\" decoding=\"async\" loading=\"lazy\" class=\"size-large wp-image-94115\" alt=\"Alexandre Herchcovitch celebra 20 anos de carreira com cole\u00e7\u00e3o c\u00e1psula\" src=\"https:\/\/i0.wp.com\/www.agrund.com\/wp-content\/uploads\/sites\/6\/cache\/2014\/01\/alexandre-herchcovitch-celebra-20-anos-de-carreira-com-colecao-capsula-8\/336995890.jpg?resize=550%2C289\" width=\"550\" height=\"289\" data-recalc-dims=\"1\" \/><\/a><p id=\"caption-attachment-94115\" class=\"wp-caption-text\">Alexandre Herchcovitch celebra 20 anos de carreira com cole\u00e7\u00e3o c\u00e1psula<\/p><\/div>\n<p>Imagens: Divulga\u00e7\u00e3o.<\/p>\n","protected":false},"excerpt":{"rendered":"<p>Para celebrar seus 20 anos de carreira, o estilista Alexandre Herchcovitch lan\u00e7a uma cole\u00e7\u00e3o c\u00e1psula com pe\u00e7as \u00edcones das duas \u00faltimas d\u00e9cadas de sua marca. No total s\u00e3o 35 pe\u00e7as reeditadas, que foram originalmente lan\u00e7adas entre 2000 e 2012, que incluem tops, palet\u00f3s, vestidos, saias, cal\u00e7as, camisas e camisetas. A cole\u00e7\u00e3o j\u00e1 est\u00e1 \u00e0 vendas [&hellip;]<\/p>\n","protected":false},"author":1,"featured_media":94116,"comment_status":"open","ping_status":"open","sticky":false,"template":"","format":"standard","meta":{"jetpack_post_was_ever_published":false,"_jetpack_newsletter_access":"","jetpack_publicize_message":"","jetpack_is_tweetstorm":false,"jetpack_publicize_feature_enabled":true,"jetpack_social_post_already_shared":true,"jetpack_social_options":{"image_generator_settings":{"template":"highway","enabled":false}}},"categories":[2],"tags":[],"jetpack_publicize_connections":[],"jetpack_featured_media_url":"https:\/\/i0.wp.com\/agrund.com\/wp-content\/uploads\/sites\/6\/2014\/01\/slide312.jpg?fit=960%2C300&ssl=1","jetpack_sharing_enabled":true,"jetpack_shortlink":"https:\/\/wp.me\/p3Hz0n-otR","jetpack_likes_enabled":true,"_links":{"self":[{"href":"https:\/\/agrund.com\/index.php\/wp-json\/wp\/v2\/posts\/94107"}],"collection":[{"href":"https:\/\/agrund.com\/index.php\/wp-json\/wp\/v2\/posts"}],"about":[{"href":"https:\/\/agrund.com\/index.php\/wp-json\/wp\/v2\/types\/post"}],"author":[{"embeddable":true,"href":"https:\/\/agrund.com\/index.php\/wp-json\/wp\/v2\/users\/1"}],"replies":[{"embeddable":true,"href":"https:\/\/agrund.com\/index.php\/wp-json\/wp\/v2\/comments?post=94107"}],"version-history":[{"count":0,"href":"https:\/\/agrund.com\/index.php\/wp-json\/wp\/v2\/posts\/94107\/revisions"}],"wp:featuredmedia":[{"embeddable":true,"href":"https:\/\/agrund.com\/index.php\/wp-json\/wp\/v2\/media\/94116"}],"wp:attachment":[{"href":"https:\/\/agrund.com\/index.php\/wp-json\/wp\/v2\/media?parent=94107"}],"wp:term":[{"taxonomy":"category","embeddable":true,"href":"https:\/\/agrund.com\/index.php\/wp-json\/wp\/v2\/categories?post=94107"},{"taxonomy":"post_tag","embeddable":true,"href":"https:\/\/agrund.com\/index.php\/wp-json\/wp\/v2\/tags?post=94107"}],"curies":[{"name":"wp","href":"https:\/\/api.w.org\/{rel}","templated":true}]}}