{"id":93993,"date":"2014-01-20T14:00:39","date_gmt":"2014-01-20T16:00:39","guid":{"rendered":"http:\/\/www.agrund.com\/?p=93993"},"modified":"2014-01-20T09:12:01","modified_gmt":"2014-01-20T11:12:01","slug":"milao-so-para-homens-inverno-20142015","status":"publish","type":"post","link":"https:\/\/agrund.com\/index.php\/milao-so-para-homens-inverno-20142015\/","title":{"rendered":"Mil\u00e3o s\u00f3 para homens \u2013 Inverno 2014\/2015"},"content":{"rendered":"<p>Cada semana de moda tem sua peculiaridade e a de Mil\u00e3o \u00e9 considerada a semana da alfaiataria italiana. Como sempre, escolhi algumas tend\u00eancias que sair\u00e3o das passarelas e se instalar\u00e3o nas ruas no inverno 2014\/2015. Diante de tanta informa\u00e7\u00e3o, optei por selecionar algumas tend\u00eancias que s\u00e3o mais a cara do homem brasileiro e que usadas de maneira correta podem vestir a maioria dos tipos de corpos. Basta ter um pouco de bom senso. Ent\u00e3o agora se liguem no que aconteceu na Semana de Moda de Mil\u00e3o.<\/p>\n<p>N\u00e3o tenha medo de ser pego de cal\u00e7as curtas&#8230; Nem jaquetas, nem camisetas! Ali\u00e1s, todas as pe\u00e7as apareceram curtas e criando belas sobreposi\u00e7\u00f5es. Aqui no Brasil podemos experimentar por sobreposi\u00e7\u00f5es com tecidos mais finos. Olha s\u00f3 o que Neil Barrett e a inglesa Vivienne Westwood apresentaram na Semana Masculina de Moda de Mil\u00e3o:<\/p>\n<div id=\"attachment_93994\" style=\"width: 460px\" class=\"wp-caption aligncenter\"><a href=\"https:\/\/i0.wp.com\/www.agrund.com\/wp-content\/uploads\/sites\/6\/2014\/01\/1-Neil-Barrett-Tudo-curto.jpg\"><img aria-describedby=\"caption-attachment-93994\" data-attachment-id=\"93994\" data-permalink=\"https:\/\/agrund.com\/index.php\/milao-so-para-homens-inverno-20142015\/1-neil-barrett-tudo-curto\/\" data-orig-file=\"https:\/\/i0.wp.com\/agrund.com\/wp-content\/uploads\/sites\/6\/2014\/01\/1-Neil-Barrett-Tudo-curto.jpg?fit=450%2C675&amp;ssl=1\" data-orig-size=\"450,675\" data-comments-opened=\"1\" data-image-meta=\"{&quot;aperture&quot;:&quot;0&quot;,&quot;credit&quot;:&quot;&quot;,&quot;camera&quot;:&quot;&quot;,&quot;caption&quot;:&quot;&quot;,&quot;created_timestamp&quot;:&quot;0&quot;,&quot;copyright&quot;:&quot;Photo: Yanni Vlamos \\\/ Indigitalimages.com&quot;,&quot;focal_length&quot;:&quot;0&quot;,&quot;iso&quot;:&quot;0&quot;,&quot;shutter_speed&quot;:&quot;0&quot;,&quot;title&quot;:&quot;&quot;}\" data-image-title=\"Moda Masculina :: Mil\u00e3o s\u00f3 para homens \u2013 Inverno 2014\/2015 \" data-image-description=\"\" data-image-caption=\"&lt;p&gt;Neil Barrett&lt;\/p&gt;\n\" data-medium-file=\"https:\/\/i0.wp.com\/agrund.com\/wp-content\/uploads\/sites\/6\/2014\/01\/1-Neil-Barrett-Tudo-curto.jpg?fit=200%2C300&amp;ssl=1\" data-large-file=\"https:\/\/i0.wp.com\/agrund.com\/wp-content\/uploads\/sites\/6\/2014\/01\/1-Neil-Barrett-Tudo-curto.jpg?fit=450%2C675&amp;ssl=1\" decoding=\"async\" loading=\"lazy\" class=\"size-full wp-image-93994\" alt=\"Moda Masculina :: Mil\u00e3o s\u00f3 para homens \u2013 Inverno 2014\/2015 \" src=\"https:\/\/i0.wp.com\/www.agrund.com\/wp-content\/uploads\/sites\/6\/2014\/01\/1-Neil-Barrett-Tudo-curto.jpg?resize=450%2C675\" width=\"450\" height=\"675\" srcset=\"https:\/\/i0.wp.com\/agrund.com\/wp-content\/uploads\/sites\/6\/2014\/01\/1-Neil-Barrett-Tudo-curto.jpg?w=450&amp;ssl=1 450w, https:\/\/i0.wp.com\/agrund.com\/wp-content\/uploads\/sites\/6\/2014\/01\/1-Neil-Barrett-Tudo-curto.jpg?resize=200%2C300&amp;ssl=1 200w\" sizes=\"(max-width: 450px) 100vw, 450px\" data-recalc-dims=\"1\" \/><\/a><p id=\"caption-attachment-93994\" class=\"wp-caption-text\">Neil Barrett<\/p><\/div>\n<div id=\"attachment_93995\" style=\"width: 460px\" class=\"wp-caption aligncenter\"><a href=\"https:\/\/i0.wp.com\/www.agrund.com\/wp-content\/uploads\/sites\/6\/2014\/01\/1-Vivienne-Westwood-Tudo-curto.jpg\"><img aria-describedby=\"caption-attachment-93995\" data-attachment-id=\"93995\" data-permalink=\"https:\/\/agrund.com\/index.php\/milao-so-para-homens-inverno-20142015\/1-vivienne-westwood-tudo-curto\/\" data-orig-file=\"https:\/\/i0.wp.com\/agrund.com\/wp-content\/uploads\/sites\/6\/2014\/01\/1-Vivienne-Westwood-Tudo-curto.jpg?fit=450%2C675&amp;ssl=1\" data-orig-size=\"450,675\" data-comments-opened=\"1\" data-image-meta=\"{&quot;aperture&quot;:&quot;0&quot;,&quot;credit&quot;:&quot;&quot;,&quot;camera&quot;:&quot;&quot;,&quot;caption&quot;:&quot;&quot;,&quot;created_timestamp&quot;:&quot;0&quot;,&quot;copyright&quot;:&quot;Photo: Umberto Fratini \\\/ Indigitalimages.com&quot;,&quot;focal_length&quot;:&quot;0&quot;,&quot;iso&quot;:&quot;0&quot;,&quot;shutter_speed&quot;:&quot;0&quot;,&quot;title&quot;:&quot;&quot;}\" data-image-title=\"Moda Masculina :: Mil\u00e3o s\u00f3 para homens \u2013 Inverno 2014\/2015 \" data-image-description=\"\" data-image-caption=\"&lt;p&gt;Vivienne Westwood&lt;\/p&gt;\n\" data-medium-file=\"https:\/\/i0.wp.com\/agrund.com\/wp-content\/uploads\/sites\/6\/2014\/01\/1-Vivienne-Westwood-Tudo-curto.jpg?fit=200%2C300&amp;ssl=1\" data-large-file=\"https:\/\/i0.wp.com\/agrund.com\/wp-content\/uploads\/sites\/6\/2014\/01\/1-Vivienne-Westwood-Tudo-curto.jpg?fit=450%2C675&amp;ssl=1\" decoding=\"async\" loading=\"lazy\" class=\"size-full wp-image-93995\" alt=\"Moda Masculina :: Mil\u00e3o s\u00f3 para homens \u2013 Inverno 2014\/2015 \" src=\"https:\/\/i0.wp.com\/www.agrund.com\/wp-content\/uploads\/sites\/6\/2014\/01\/1-Vivienne-Westwood-Tudo-curto.jpg?resize=450%2C675\" width=\"450\" height=\"675\" srcset=\"https:\/\/i0.wp.com\/agrund.com\/wp-content\/uploads\/sites\/6\/2014\/01\/1-Vivienne-Westwood-Tudo-curto.jpg?w=450&amp;ssl=1 450w, https:\/\/i0.wp.com\/agrund.com\/wp-content\/uploads\/sites\/6\/2014\/01\/1-Vivienne-Westwood-Tudo-curto.jpg?resize=200%2C300&amp;ssl=1 200w\" sizes=\"(max-width: 450px) 100vw, 450px\" data-recalc-dims=\"1\" \/><\/a><p id=\"caption-attachment-93995\" class=\"wp-caption-text\">Vivienne Westwood<\/p><\/div>\n<p>Se tem uma cor que todos os estilistas est\u00e3o chamando de sua \u00e9 o verde. Cada um escolheu seu tom, do mais fechado e aveludado na passarela de Dolce &amp; Gabbana para os tons de pistache da PRADA. E o mais legal \u00e9 que o verde fica bem praticamente com todas as cores. Tente!<\/p>\n<div id=\"attachment_93996\" style=\"width: 459px\" class=\"wp-caption aligncenter\"><a href=\"https:\/\/i0.wp.com\/www.agrund.com\/wp-content\/uploads\/sites\/6\/2014\/01\/2-DolceGabbana-Verde.jpg\"><img aria-describedby=\"caption-attachment-93996\" data-attachment-id=\"93996\" data-permalink=\"https:\/\/agrund.com\/index.php\/milao-so-para-homens-inverno-20142015\/2-dolcegabbana-verde\/\" data-orig-file=\"https:\/\/i0.wp.com\/agrund.com\/wp-content\/uploads\/sites\/6\/2014\/01\/2-DolceGabbana-Verde.jpg?fit=449%2C675&amp;ssl=1\" data-orig-size=\"449,675\" data-comments-opened=\"1\" data-image-meta=\"{&quot;aperture&quot;:&quot;5.6&quot;,&quot;credit&quot;:&quot;&quot;,&quot;camera&quot;:&quot;NIKON D4&quot;,&quot;caption&quot;:&quot;&quot;,&quot;created_timestamp&quot;:&quot;1389454650&quot;,&quot;copyright&quot;:&quot;Photo: Yannis Vlamos \\\/ Indigitalimages.com&quot;,&quot;focal_length&quot;:&quot;200&quot;,&quot;iso&quot;:&quot;800&quot;,&quot;shutter_speed&quot;:&quot;0.002&quot;,&quot;title&quot;:&quot;&quot;}\" data-image-title=\"Moda Masculina :: Mil\u00e3o s\u00f3 para homens \u2013 Inverno 2014\/2015 \" data-image-description=\"\" data-image-caption=\"&lt;p&gt;Dolce &amp;amp; Gabbana&lt;\/p&gt;\n\" data-medium-file=\"https:\/\/i0.wp.com\/agrund.com\/wp-content\/uploads\/sites\/6\/2014\/01\/2-DolceGabbana-Verde.jpg?fit=199%2C300&amp;ssl=1\" data-large-file=\"https:\/\/i0.wp.com\/agrund.com\/wp-content\/uploads\/sites\/6\/2014\/01\/2-DolceGabbana-Verde.jpg?fit=449%2C675&amp;ssl=1\" decoding=\"async\" loading=\"lazy\" class=\"size-full wp-image-93996\" alt=\"Moda Masculina :: Mil\u00e3o s\u00f3 para homens \u2013 Inverno 2014\/2015 \" src=\"https:\/\/i0.wp.com\/www.agrund.com\/wp-content\/uploads\/sites\/6\/2014\/01\/2-DolceGabbana-Verde.jpg?resize=449%2C675\" width=\"449\" height=\"675\" srcset=\"https:\/\/i0.wp.com\/agrund.com\/wp-content\/uploads\/sites\/6\/2014\/01\/2-DolceGabbana-Verde.jpg?w=449&amp;ssl=1 449w, https:\/\/i0.wp.com\/agrund.com\/wp-content\/uploads\/sites\/6\/2014\/01\/2-DolceGabbana-Verde.jpg?resize=199%2C300&amp;ssl=1 199w\" sizes=\"(max-width: 449px) 100vw, 449px\" data-recalc-dims=\"1\" \/><\/a><p id=\"caption-attachment-93996\" class=\"wp-caption-text\">Dolce &amp; Gabbana<\/p><\/div>\n<div id=\"attachment_93997\" style=\"width: 460px\" class=\"wp-caption aligncenter\"><a href=\"https:\/\/i0.wp.com\/www.agrund.com\/wp-content\/uploads\/sites\/6\/2014\/01\/2-Prada-Verde.jpg\"><img aria-describedby=\"caption-attachment-93997\" data-attachment-id=\"93997\" data-permalink=\"https:\/\/agrund.com\/index.php\/milao-so-para-homens-inverno-20142015\/2-prada-verde\/\" data-orig-file=\"https:\/\/i0.wp.com\/agrund.com\/wp-content\/uploads\/sites\/6\/2014\/01\/2-Prada-Verde.jpg?fit=450%2C675&amp;ssl=1\" data-orig-size=\"450,675\" data-comments-opened=\"1\" data-image-meta=\"{&quot;aperture&quot;:&quot;3.2&quot;,&quot;credit&quot;:&quot;Monica Feudi&quot;,&quot;camera&quot;:&quot;Canon EOS-1D X&quot;,&quot;caption&quot;:&quot;&quot;,&quot;created_timestamp&quot;:&quot;1389555768&quot;,&quot;copyright&quot;:&quot;Photo: Monica Feudi \\\/ FeudiGuaineri.com&quot;,&quot;focal_length&quot;:&quot;160&quot;,&quot;iso&quot;:&quot;2000&quot;,&quot;shutter_speed&quot;:&quot;0.003125&quot;,&quot;title&quot;:&quot;&quot;}\" data-image-title=\"Moda Masculina :: Mil\u00e3o s\u00f3 para homens \u2013 Inverno 2014\/2015 \" data-image-description=\"\" data-image-caption=\"&lt;p&gt;Prada&lt;\/p&gt;\n\" data-medium-file=\"https:\/\/i0.wp.com\/agrund.com\/wp-content\/uploads\/sites\/6\/2014\/01\/2-Prada-Verde.jpg?fit=200%2C300&amp;ssl=1\" data-large-file=\"https:\/\/i0.wp.com\/agrund.com\/wp-content\/uploads\/sites\/6\/2014\/01\/2-Prada-Verde.jpg?fit=450%2C675&amp;ssl=1\" decoding=\"async\" loading=\"lazy\" class=\"size-full wp-image-93997\" alt=\"Moda Masculina :: Mil\u00e3o s\u00f3 para homens \u2013 Inverno 2014\/2015 \" src=\"https:\/\/i0.wp.com\/www.agrund.com\/wp-content\/uploads\/sites\/6\/2014\/01\/2-Prada-Verde.jpg?resize=450%2C675\" width=\"450\" height=\"675\" srcset=\"https:\/\/i0.wp.com\/agrund.com\/wp-content\/uploads\/sites\/6\/2014\/01\/2-Prada-Verde.jpg?w=450&amp;ssl=1 450w, https:\/\/i0.wp.com\/agrund.com\/wp-content\/uploads\/sites\/6\/2014\/01\/2-Prada-Verde.jpg?resize=200%2C300&amp;ssl=1 200w\" sizes=\"(max-width: 450px) 100vw, 450px\" data-recalc-dims=\"1\" \/><\/a><p id=\"caption-attachment-93997\" class=\"wp-caption-text\">Prada<\/p><\/div>\n<p>&nbsp;<\/p>\n<p>O xadrez realmente \u00e9 a cara do inverno e ele n\u00e3o poderia ficar de fora dessa temporada 2014\/2015. O mais legal \u00e9 que ele apareceu do mais fino ao mais bold ou robusto. Olha s\u00f3 o casaco Ermenegildo Zegna e a proposta da Etro.<\/p>\n<div id=\"attachment_93998\" style=\"width: 460px\" class=\"wp-caption aligncenter\"><a href=\"https:\/\/i0.wp.com\/www.agrund.com\/wp-content\/uploads\/sites\/6\/2014\/01\/3-Ermenegildo-Zegna-xadrez.jpg\"><img aria-describedby=\"caption-attachment-93998\" data-attachment-id=\"93998\" data-permalink=\"https:\/\/agrund.com\/index.php\/milao-so-para-homens-inverno-20142015\/3-ermenegildo-zegna-xadrez\/\" data-orig-file=\"https:\/\/i0.wp.com\/agrund.com\/wp-content\/uploads\/sites\/6\/2014\/01\/3-Ermenegildo-Zegna-xadrez.jpg?fit=450%2C675&amp;ssl=1\" data-orig-size=\"450,675\" data-comments-opened=\"1\" data-image-meta=\"{&quot;aperture&quot;:&quot;4.5&quot;,&quot;credit&quot;:&quot;Marcus Tondo&quot;,&quot;camera&quot;:&quot;Canon EOS-1D Mark IV&quot;,&quot;caption&quot;:&quot;&quot;,&quot;created_timestamp&quot;:&quot;1389441752&quot;,&quot;copyright&quot;:&quot;Photo: Marcus Tondo \\\/ Indigitalimages.com&quot;,&quot;focal_length&quot;:&quot;131&quot;,&quot;iso&quot;:&quot;640&quot;,&quot;shutter_speed&quot;:&quot;0.0025&quot;,&quot;title&quot;:&quot;&quot;}\" data-image-title=\"Moda Masculina :: Mil\u00e3o s\u00f3 para homens \u2013 Inverno 2014\/2015 \" data-image-description=\"\" data-image-caption=\"&lt;p&gt;Ermenegildo Zegna&lt;\/p&gt;\n\" data-medium-file=\"https:\/\/i0.wp.com\/agrund.com\/wp-content\/uploads\/sites\/6\/2014\/01\/3-Ermenegildo-Zegna-xadrez.jpg?fit=200%2C300&amp;ssl=1\" data-large-file=\"https:\/\/i0.wp.com\/agrund.com\/wp-content\/uploads\/sites\/6\/2014\/01\/3-Ermenegildo-Zegna-xadrez.jpg?fit=450%2C675&amp;ssl=1\" decoding=\"async\" loading=\"lazy\" class=\"size-full wp-image-93998\" alt=\"Moda Masculina :: Mil\u00e3o s\u00f3 para homens \u2013 Inverno 2014\/2015 \" src=\"https:\/\/i0.wp.com\/www.agrund.com\/wp-content\/uploads\/sites\/6\/2014\/01\/3-Ermenegildo-Zegna-xadrez.jpg?resize=450%2C675\" width=\"450\" height=\"675\" srcset=\"https:\/\/i0.wp.com\/agrund.com\/wp-content\/uploads\/sites\/6\/2014\/01\/3-Ermenegildo-Zegna-xadrez.jpg?w=450&amp;ssl=1 450w, https:\/\/i0.wp.com\/agrund.com\/wp-content\/uploads\/sites\/6\/2014\/01\/3-Ermenegildo-Zegna-xadrez.jpg?resize=200%2C300&amp;ssl=1 200w\" sizes=\"(max-width: 450px) 100vw, 450px\" data-recalc-dims=\"1\" \/><\/a><p id=\"caption-attachment-93998\" class=\"wp-caption-text\">Ermenegildo Zegna<\/p><\/div>\n<div id=\"attachment_93999\" style=\"width: 460px\" class=\"wp-caption aligncenter\"><a href=\"https:\/\/i0.wp.com\/www.agrund.com\/wp-content\/uploads\/sites\/6\/2014\/01\/3-Etro-Xadrez.jpg\"><img aria-describedby=\"caption-attachment-93999\" data-attachment-id=\"93999\" data-permalink=\"https:\/\/agrund.com\/index.php\/milao-so-para-homens-inverno-20142015\/3-etro-xadrez\/\" data-orig-file=\"https:\/\/i0.wp.com\/agrund.com\/wp-content\/uploads\/sites\/6\/2014\/01\/3-Etro-Xadrez.jpg?fit=450%2C675&amp;ssl=1\" data-orig-size=\"450,675\" data-comments-opened=\"1\" data-image-meta=\"{&quot;aperture&quot;:&quot;0&quot;,&quot;credit&quot;:&quot;&quot;,&quot;camera&quot;:&quot;&quot;,&quot;caption&quot;:&quot;&quot;,&quot;created_timestamp&quot;:&quot;0&quot;,&quot;copyright&quot;:&quot;Photo: Umberto Fratini \\\/ Indigitalimages.com&quot;,&quot;focal_length&quot;:&quot;0&quot;,&quot;iso&quot;:&quot;0&quot;,&quot;shutter_speed&quot;:&quot;0&quot;,&quot;title&quot;:&quot;&quot;}\" data-image-title=\"Moda Masculina :: Mil\u00e3o s\u00f3 para homens \u2013 Inverno 2014\/2015 \" data-image-description=\"\" data-image-caption=\"&lt;p&gt;Etro &lt;\/p&gt;\n\" data-medium-file=\"https:\/\/i0.wp.com\/agrund.com\/wp-content\/uploads\/sites\/6\/2014\/01\/3-Etro-Xadrez.jpg?fit=200%2C300&amp;ssl=1\" data-large-file=\"https:\/\/i0.wp.com\/agrund.com\/wp-content\/uploads\/sites\/6\/2014\/01\/3-Etro-Xadrez.jpg?fit=450%2C675&amp;ssl=1\" decoding=\"async\" loading=\"lazy\" class=\"size-full wp-image-93999\" alt=\"Moda Masculina :: Mil\u00e3o s\u00f3 para homens \u2013 Inverno 2014\/2015 \" src=\"https:\/\/i0.wp.com\/www.agrund.com\/wp-content\/uploads\/sites\/6\/2014\/01\/3-Etro-Xadrez.jpg?resize=450%2C675\" width=\"450\" height=\"675\" srcset=\"https:\/\/i0.wp.com\/agrund.com\/wp-content\/uploads\/sites\/6\/2014\/01\/3-Etro-Xadrez.jpg?w=450&amp;ssl=1 450w, https:\/\/i0.wp.com\/agrund.com\/wp-content\/uploads\/sites\/6\/2014\/01\/3-Etro-Xadrez.jpg?resize=200%2C300&amp;ssl=1 200w\" sizes=\"(max-width: 450px) 100vw, 450px\" data-recalc-dims=\"1\" \/><\/a><p id=\"caption-attachment-93999\" class=\"wp-caption-text\">Etro<\/p><\/div>\n<p>&nbsp;<\/p>\n<p>Apesar de apresentar uma alfaiataria cada vez mais pr\u00f3xima ao corpo ou quase justa, as influ\u00eancias bem masculinas marcaram essa temporada e as listras gritaram pelos quatro cantos da Semana de Moda de Mil\u00e3o. Da revitalizada e luxuosa Gucci ao cl\u00e1ssico Salvatore Ferragamo. Olha s\u00f3 como todo mundo vai pelo mesmo caminho, mas cada um com sua personalidade.<\/p>\n<div id=\"attachment_94000\" style=\"width: 460px\" class=\"wp-caption aligncenter\"><a href=\"https:\/\/i0.wp.com\/www.agrund.com\/wp-content\/uploads\/sites\/6\/2014\/01\/4-Gucci-Listras.jpg\"><img aria-describedby=\"caption-attachment-94000\" data-attachment-id=\"94000\" data-permalink=\"https:\/\/agrund.com\/index.php\/milao-so-para-homens-inverno-20142015\/4-gucci-listras\/\" data-orig-file=\"https:\/\/i0.wp.com\/agrund.com\/wp-content\/uploads\/sites\/6\/2014\/01\/4-Gucci-Listras.jpg?fit=450%2C675&amp;ssl=1\" data-orig-size=\"450,675\" data-comments-opened=\"1\" data-image-meta=\"{&quot;aperture&quot;:&quot;5&quot;,&quot;credit&quot;:&quot;&quot;,&quot;camera&quot;:&quot;NIKON D4&quot;,&quot;caption&quot;:&quot;&quot;,&quot;created_timestamp&quot;:&quot;1389621348&quot;,&quot;copyright&quot;:&quot;Photo: Yannis Vlamos \\\/ Indigitalimages.com&quot;,&quot;focal_length&quot;:&quot;280&quot;,&quot;iso&quot;:&quot;1250&quot;,&quot;shutter_speed&quot;:&quot;0.002&quot;,&quot;title&quot;:&quot;&quot;}\" data-image-title=\"Moda Masculina :: Mil\u00e3o s\u00f3 para homens \u2013 Inverno 2014\/2015 \" data-image-description=\"\" data-image-caption=\"&lt;p&gt;Gucci&lt;\/p&gt;\n\" data-medium-file=\"https:\/\/i0.wp.com\/agrund.com\/wp-content\/uploads\/sites\/6\/2014\/01\/4-Gucci-Listras.jpg?fit=200%2C300&amp;ssl=1\" data-large-file=\"https:\/\/i0.wp.com\/agrund.com\/wp-content\/uploads\/sites\/6\/2014\/01\/4-Gucci-Listras.jpg?fit=450%2C675&amp;ssl=1\" decoding=\"async\" loading=\"lazy\" class=\"size-full wp-image-94000\" alt=\"Moda Masculina :: Mil\u00e3o s\u00f3 para homens \u2013 Inverno 2014\/2015 \" src=\"https:\/\/i0.wp.com\/www.agrund.com\/wp-content\/uploads\/sites\/6\/2014\/01\/4-Gucci-Listras.jpg?resize=450%2C675\" width=\"450\" height=\"675\" srcset=\"https:\/\/i0.wp.com\/agrund.com\/wp-content\/uploads\/sites\/6\/2014\/01\/4-Gucci-Listras.jpg?w=450&amp;ssl=1 450w, https:\/\/i0.wp.com\/agrund.com\/wp-content\/uploads\/sites\/6\/2014\/01\/4-Gucci-Listras.jpg?resize=200%2C300&amp;ssl=1 200w\" sizes=\"(max-width: 450px) 100vw, 450px\" data-recalc-dims=\"1\" \/><\/a><p id=\"caption-attachment-94000\" class=\"wp-caption-text\">Gucci<\/p><\/div>\n<div id=\"attachment_94001\" style=\"width: 460px\" class=\"wp-caption aligncenter\"><a href=\"https:\/\/i0.wp.com\/www.agrund.com\/wp-content\/uploads\/sites\/6\/2014\/01\/4-Salvatore-Ferragamo-Listras.jpg\"><img aria-describedby=\"caption-attachment-94001\" data-attachment-id=\"94001\" data-permalink=\"https:\/\/agrund.com\/index.php\/milao-so-para-homens-inverno-20142015\/4-salvatore-ferragamo-listras\/\" data-orig-file=\"https:\/\/i0.wp.com\/agrund.com\/wp-content\/uploads\/sites\/6\/2014\/01\/4-Salvatore-Ferragamo-Listras.jpg?fit=450%2C675&amp;ssl=1\" data-orig-size=\"450,675\" data-comments-opened=\"1\" data-image-meta=\"{&quot;aperture&quot;:&quot;5.6&quot;,&quot;credit&quot;:&quot;Marcus Tondo&quot;,&quot;camera&quot;:&quot;Canon EOS-1D Mark IV&quot;,&quot;caption&quot;:&quot;&quot;,&quot;created_timestamp&quot;:&quot;1389535442&quot;,&quot;copyright&quot;:&quot;Photo: Marcus Tondo \\\/ Indigitalimages.com&quot;,&quot;focal_length&quot;:&quot;149&quot;,&quot;iso&quot;:&quot;800&quot;,&quot;shutter_speed&quot;:&quot;0.0025&quot;,&quot;title&quot;:&quot;&quot;}\" data-image-title=\"Moda Masculina :: Mil\u00e3o s\u00f3 para homens \u2013 Inverno 2014\/2015 \" data-image-description=\"\" data-image-caption=\"&lt;p&gt;Salvatore Ferragamo &lt;\/p&gt;\n\" data-medium-file=\"https:\/\/i0.wp.com\/agrund.com\/wp-content\/uploads\/sites\/6\/2014\/01\/4-Salvatore-Ferragamo-Listras.jpg?fit=200%2C300&amp;ssl=1\" data-large-file=\"https:\/\/i0.wp.com\/agrund.com\/wp-content\/uploads\/sites\/6\/2014\/01\/4-Salvatore-Ferragamo-Listras.jpg?fit=450%2C675&amp;ssl=1\" decoding=\"async\" loading=\"lazy\" class=\"size-full wp-image-94001\" alt=\"Moda Masculina :: Mil\u00e3o s\u00f3 para homens \u2013 Inverno 2014\/2015 \" src=\"https:\/\/i0.wp.com\/www.agrund.com\/wp-content\/uploads\/sites\/6\/2014\/01\/4-Salvatore-Ferragamo-Listras.jpg?resize=450%2C675\" width=\"450\" height=\"675\" srcset=\"https:\/\/i0.wp.com\/agrund.com\/wp-content\/uploads\/sites\/6\/2014\/01\/4-Salvatore-Ferragamo-Listras.jpg?w=450&amp;ssl=1 450w, https:\/\/i0.wp.com\/agrund.com\/wp-content\/uploads\/sites\/6\/2014\/01\/4-Salvatore-Ferragamo-Listras.jpg?resize=200%2C300&amp;ssl=1 200w\" sizes=\"(max-width: 450px) 100vw, 450px\" data-recalc-dims=\"1\" \/><\/a><p id=\"caption-attachment-94001\" class=\"wp-caption-text\">Salvatore Ferragamo<\/p><\/div>\n<p>&nbsp;<\/p>\n<p>E a\u00ed, o que acharam?<\/p>\n<p>Imagens: Reprodu\u00e7\u00e3o.<\/p>\n","protected":false},"excerpt":{"rendered":"<p>Cada semana de moda tem sua peculiaridade e a de Mil\u00e3o \u00e9 considerada a semana da alfaiataria italiana. Como sempre, escolhi algumas tend\u00eancias que sair\u00e3o das passarelas e se instalar\u00e3o nas ruas no inverno 2014\/2015. Diante de tanta informa\u00e7\u00e3o, optei por selecionar algumas tend\u00eancias que s\u00e3o mais a cara do homem brasileiro e que usadas [&hellip;]<\/p>\n","protected":false},"author":8,"featured_media":94002,"comment_status":"open","ping_status":"open","sticky":false,"template":"","format":"standard","meta":{"jetpack_post_was_ever_published":false,"_jetpack_newsletter_access":"","jetpack_publicize_message":"","jetpack_is_tweetstorm":false,"jetpack_publicize_feature_enabled":true,"jetpack_social_post_already_shared":true,"jetpack_social_options":{"image_generator_settings":{"template":"highway","enabled":false}}},"categories":[6],"tags":[],"jetpack_publicize_connections":[],"jetpack_featured_media_url":"https:\/\/i0.wp.com\/agrund.com\/wp-content\/uploads\/sites\/6\/2014\/01\/slide114.jpg?fit=960%2C300&ssl=1","jetpack_sharing_enabled":true,"jetpack_shortlink":"https:\/\/wp.me\/p3Hz0n-os1","jetpack_likes_enabled":true,"_links":{"self":[{"href":"https:\/\/agrund.com\/index.php\/wp-json\/wp\/v2\/posts\/93993"}],"collection":[{"href":"https:\/\/agrund.com\/index.php\/wp-json\/wp\/v2\/posts"}],"about":[{"href":"https:\/\/agrund.com\/index.php\/wp-json\/wp\/v2\/types\/post"}],"author":[{"embeddable":true,"href":"https:\/\/agrund.com\/index.php\/wp-json\/wp\/v2\/users\/8"}],"replies":[{"embeddable":true,"href":"https:\/\/agrund.com\/index.php\/wp-json\/wp\/v2\/comments?post=93993"}],"version-history":[{"count":0,"href":"https:\/\/agrund.com\/index.php\/wp-json\/wp\/v2\/posts\/93993\/revisions"}],"wp:featuredmedia":[{"embeddable":true,"href":"https:\/\/agrund.com\/index.php\/wp-json\/wp\/v2\/media\/94002"}],"wp:attachment":[{"href":"https:\/\/agrund.com\/index.php\/wp-json\/wp\/v2\/media?parent=93993"}],"wp:term":[{"taxonomy":"category","embeddable":true,"href":"https:\/\/agrund.com\/index.php\/wp-json\/wp\/v2\/categories?post=93993"},{"taxonomy":"post_tag","embeddable":true,"href":"https:\/\/agrund.com\/index.php\/wp-json\/wp\/v2\/tags?post=93993"}],"curies":[{"name":"wp","href":"https:\/\/api.w.org\/{rel}","templated":true}]}}