{"id":93591,"date":"2014-01-16T18:00:20","date_gmt":"2014-01-16T20:00:20","guid":{"rendered":"http:\/\/www.agrund.com\/?p=93591"},"modified":"2014-01-16T14:46:14","modified_gmt":"2014-01-16T16:46:14","slug":"tiffany-co-e-tema-de-documentario-fashion","status":"publish","type":"post","link":"https:\/\/agrund.com\/index.php\/tiffany-co-e-tema-de-documentario-fashion\/","title":{"rendered":"Tiffany &#038; Co \u00e9 tema de document\u00e1rio fashion"},"content":{"rendered":"<p>Voc\u00ea conhece a hist\u00f3ria da Tiffany &amp; Co? N\u00e3o? Pois agora voc\u00ea ter\u00e1 a oportunidade!<br \/>\nA famosa joalheria ir\u00e1 ganhar um document\u00e1rio que contar\u00e1 sua trajet\u00f3ria desde quando foi fundada em 1837, por Charles Lewis Tiffany e John B. Young, at\u00e9 o dia em que se tornou uma das marcas mais desejadas do mundo. O lan\u00e7amento est\u00e1 previsto para 2015. Vamos aguardar!<\/p>\n<div id=\"attachment_93592\" style=\"width: 560px\" class=\"wp-caption aligncenter\"><a href=\"https:\/\/i0.wp.com\/www.agrund.com\/wp-content\/uploads\/sites\/6\/2014\/01\/tiffany-co-e-tema-de-documentario-fashion.jpg\"><img aria-describedby=\"caption-attachment-93592\" data-attachment-id=\"93592\" data-permalink=\"https:\/\/agrund.com\/index.php\/tiffany-co-e-tema-de-documentario-fashion\/tiffany-co-e-tema-de-documentario-fashion\/\" data-orig-file=\"https:\/\/i0.wp.com\/agrund.com\/wp-content\/uploads\/sites\/6\/2014\/01\/tiffany-co-e-tema-de-documentario-fashion.jpg?fit=550%2C217&amp;ssl=1\" data-orig-size=\"550,217\" data-comments-opened=\"1\" data-image-meta=\"{&quot;aperture&quot;:&quot;0&quot;,&quot;credit&quot;:&quot;&quot;,&quot;camera&quot;:&quot;&quot;,&quot;caption&quot;:&quot;&quot;,&quot;created_timestamp&quot;:&quot;0&quot;,&quot;copyright&quot;:&quot;&quot;,&quot;focal_length&quot;:&quot;0&quot;,&quot;iso&quot;:&quot;0&quot;,&quot;shutter_speed&quot;:&quot;0&quot;,&quot;title&quot;:&quot;&quot;}\" data-image-title=\"tiffany-co-e-tema-de-documentario-fashion\" data-image-description=\"\" data-image-caption=\"&lt;p&gt;Tiffany &#038; Co \u00e9 tema de document\u00e1rio fashion&lt;\/p&gt;\n\" data-medium-file=\"https:\/\/i0.wp.com\/agrund.com\/wp-content\/uploads\/sites\/6\/2014\/01\/tiffany-co-e-tema-de-documentario-fashion.jpg?fit=300%2C118&amp;ssl=1\" data-large-file=\"https:\/\/i0.wp.com\/agrund.com\/wp-content\/uploads\/sites\/6\/2014\/01\/tiffany-co-e-tema-de-documentario-fashion.jpg?fit=550%2C217&amp;ssl=1\" decoding=\"async\" loading=\"lazy\" class=\"size-large wp-image-93592\" alt=\"Tiffany &amp; Co \u00e9 tema de document\u00e1rio fashion\" src=\"https:\/\/i0.wp.com\/www.agrund.com\/wp-content\/uploads\/sites\/6\/cache\/2014\/01\/tiffany-co-e-tema-de-documentario-fashion\/2495755232.jpg?resize=550%2C217\" width=\"550\" height=\"217\" data-recalc-dims=\"1\" \/><\/a><p id=\"caption-attachment-93592\" class=\"wp-caption-text\">Tiffany &amp; Co \u00e9 tema de document\u00e1rio fashion<\/p><\/div>\n<p>Imagem: Reprodu\u00e7\u00e3o.<\/p>\n","protected":false},"excerpt":{"rendered":"<p>Voc\u00ea conhece a hist\u00f3ria da Tiffany &amp; Co? N\u00e3o? Pois agora voc\u00ea ter\u00e1 a oportunidade! A famosa joalheria ir\u00e1 ganhar um document\u00e1rio que contar\u00e1 sua trajet\u00f3ria desde quando foi fundada em 1837, por Charles Lewis Tiffany e John B. Young, at\u00e9 o dia em que se tornou uma das marcas mais desejadas do mundo. O [&hellip;]<\/p>\n","protected":false},"author":1,"featured_media":93593,"comment_status":"open","ping_status":"open","sticky":false,"template":"","format":"standard","meta":{"jetpack_post_was_ever_published":false,"_jetpack_newsletter_access":"","jetpack_publicize_message":"","jetpack_is_tweetstorm":false,"jetpack_publicize_feature_enabled":true,"jetpack_social_post_already_shared":true,"jetpack_social_options":{"image_generator_settings":{"template":"highway","enabled":false}}},"categories":[2],"tags":[],"jetpack_publicize_connections":[],"jetpack_featured_media_url":"https:\/\/i0.wp.com\/agrund.com\/wp-content\/uploads\/sites\/6\/2014\/01\/slidetif.jpg?fit=960%2C300&ssl=1","jetpack_sharing_enabled":true,"jetpack_shortlink":"https:\/\/wp.me\/p3Hz0n-olx","jetpack_likes_enabled":true,"_links":{"self":[{"href":"https:\/\/agrund.com\/index.php\/wp-json\/wp\/v2\/posts\/93591"}],"collection":[{"href":"https:\/\/agrund.com\/index.php\/wp-json\/wp\/v2\/posts"}],"about":[{"href":"https:\/\/agrund.com\/index.php\/wp-json\/wp\/v2\/types\/post"}],"author":[{"embeddable":true,"href":"https:\/\/agrund.com\/index.php\/wp-json\/wp\/v2\/users\/1"}],"replies":[{"embeddable":true,"href":"https:\/\/agrund.com\/index.php\/wp-json\/wp\/v2\/comments?post=93591"}],"version-history":[{"count":0,"href":"https:\/\/agrund.com\/index.php\/wp-json\/wp\/v2\/posts\/93591\/revisions"}],"wp:featuredmedia":[{"embeddable":true,"href":"https:\/\/agrund.com\/index.php\/wp-json\/wp\/v2\/media\/93593"}],"wp:attachment":[{"href":"https:\/\/agrund.com\/index.php\/wp-json\/wp\/v2\/media?parent=93591"}],"wp:term":[{"taxonomy":"category","embeddable":true,"href":"https:\/\/agrund.com\/index.php\/wp-json\/wp\/v2\/categories?post=93591"},{"taxonomy":"post_tag","embeddable":true,"href":"https:\/\/agrund.com\/index.php\/wp-json\/wp\/v2\/tags?post=93591"}],"curies":[{"name":"wp","href":"https:\/\/api.w.org\/{rel}","templated":true}]}}