{"id":9347,"date":"2011-05-05T12:04:06","date_gmt":"2011-05-05T15:04:06","guid":{"rendered":"http:\/\/www.agrund.com\/blogs\/notas\/?p=9347"},"modified":"2011-05-05T12:04:06","modified_gmt":"2011-05-05T15:04:06","slug":"black-beauties-na-vogue-italia","status":"publish","type":"post","link":"https:\/\/agrund.com\/index.php\/black-beauties-na-vogue-italia\/","title":{"rendered":"Black Beauties na Vogue Italia"},"content":{"rendered":"<p>A Vogue Italia lan\u00e7a mais uma vez a sua Black Edition \u2013 a edi\u00e7\u00e3o dedicada \u00e0s negras \u2013 e est\u00e1 incr\u00edvel! Super coloridas, as fotos foram feitas por Ellen von Unwerth. J\u00e1 pode inspirar as revistas de moda brasileira, n\u00e9?<\/p>\n<p>Confira todas as fotos<a href=\"http:\/\/www.vogue.it\/vogue-black\/visto-su-vogue\/2011\/05\/visto-su-vogue-tribute-to-black-beauties\"> aqui.<\/a><\/p>\n<p><img decoding=\"async\" loading=\"lazy\" class=\"aligncenter size-full wp-image-9353\" src=\"https:\/\/i0.wp.com\/www.agrund.com\/arquivo\/notas\/files\/2011\/05\/vi01105s0000-006501beauties-826072_0x440.jpg?resize=330%2C440\" alt=\"\" width=\"330\" height=\"440\" data-recalc-dims=\"1\" \/><\/p>\n<p style=\"text-align: center\"><img decoding=\"async\" loading=\"lazy\" class=\"aligncenter size-full wp-image-9352\" src=\"https:\/\/i0.wp.com\/www.agrund.com\/arquivo\/notas\/files\/2011\/05\/vi01105d0076-007706beauties-844672_0x440.jpg?resize=458%2C308\" alt=\"\" width=\"458\" height=\"308\" data-recalc-dims=\"1\" \/><\/p>\n<p style=\"text-align: center\"><img decoding=\"async\" loading=\"lazy\" class=\"aligncenter size-full wp-image-9351\" src=\"https:\/\/i0.wp.com\/www.agrund.com\/arquivo\/notas\/files\/2011\/05\/vi01105d0072-007304beauties-500925_0x440.jpg?resize=460%2C308\" alt=\"\" width=\"460\" height=\"308\" data-recalc-dims=\"1\" \/><\/p>\n<p style=\"text-align: center\"><img decoding=\"async\" loading=\"lazy\" class=\"aligncenter size-full wp-image-9350\" src=\"https:\/\/i0.wp.com\/www.agrund.com\/arquivo\/notas\/files\/2011\/05\/vi01105d0070-007103beauties-1410559_0x440.jpg?resize=474%2C317\" alt=\"\" width=\"474\" height=\"317\" data-recalc-dims=\"1\" \/><\/p>\n","protected":false},"excerpt":{"rendered":"<p>A Vogue Italia lan\u00e7a mais uma vez a sua Black Edition \u2013 a edi\u00e7\u00e3o dedicada \u00e0s negras \u2013 e est\u00e1 incr\u00edvel! Super coloridas, as fotos foram feitas por Ellen von Unwerth. J\u00e1 pode inspirar as revistas de moda brasileira, n\u00e9? Confira todas as fotos aqui.<\/p>\n","protected":false},"author":8,"featured_media":9353,"comment_status":"open","ping_status":"open","sticky":false,"template":"","format":"standard","meta":{"jetpack_post_was_ever_published":false,"_jetpack_newsletter_access":"","jetpack_publicize_message":"","jetpack_is_tweetstorm":false,"jetpack_publicize_feature_enabled":true,"jetpack_social_post_already_shared":false,"jetpack_social_options":{"image_generator_settings":{"template":"highway","enabled":false}}},"categories":[2],"tags":[],"jetpack_publicize_connections":[],"jetpack_featured_media_url":"","jetpack_sharing_enabled":true,"jetpack_shortlink":"https:\/\/wp.me\/p3Hz0n-2qL","jetpack_likes_enabled":true,"_links":{"self":[{"href":"https:\/\/agrund.com\/index.php\/wp-json\/wp\/v2\/posts\/9347"}],"collection":[{"href":"https:\/\/agrund.com\/index.php\/wp-json\/wp\/v2\/posts"}],"about":[{"href":"https:\/\/agrund.com\/index.php\/wp-json\/wp\/v2\/types\/post"}],"author":[{"embeddable":true,"href":"https:\/\/agrund.com\/index.php\/wp-json\/wp\/v2\/users\/8"}],"replies":[{"embeddable":true,"href":"https:\/\/agrund.com\/index.php\/wp-json\/wp\/v2\/comments?post=9347"}],"version-history":[{"count":0,"href":"https:\/\/agrund.com\/index.php\/wp-json\/wp\/v2\/posts\/9347\/revisions"}],"wp:featuredmedia":[{"embeddable":true,"href":"https:\/\/agrund.com\/index.php\/wp-json\/"}],"wp:attachment":[{"href":"https:\/\/agrund.com\/index.php\/wp-json\/wp\/v2\/media?parent=9347"}],"wp:term":[{"taxonomy":"category","embeddable":true,"href":"https:\/\/agrund.com\/index.php\/wp-json\/wp\/v2\/categories?post=9347"},{"taxonomy":"post_tag","embeddable":true,"href":"https:\/\/agrund.com\/index.php\/wp-json\/wp\/v2\/tags?post=9347"}],"curies":[{"name":"wp","href":"https:\/\/api.w.org\/{rel}","templated":true}]}}