{"id":93461,"date":"2014-01-15T23:00:11","date_gmt":"2014-01-16T01:00:11","guid":{"rendered":"http:\/\/www.agrund.com\/?p=93461"},"modified":"2014-01-15T15:48:35","modified_gmt":"2014-01-15T17:48:35","slug":"grifes-escolhem-novos-locais-para-os-desfiles-da-semana-de-moda-de-nova-york","status":"publish","type":"post","link":"https:\/\/agrund.com\/index.php\/grifes-escolhem-novos-locais-para-os-desfiles-da-semana-de-moda-de-nova-york\/","title":{"rendered":"Grifes escolhem novos locais para os desfiles da Semana de Moda de Nova York"},"content":{"rendered":"<p>A Semana de Moda de Nova York est\u00e1 chegando e as novidades come\u00e7am a aparecer. Algumas grifes e estilistas decidiram apresentar suas cole\u00e7\u00f5es em diferentes locais da cidade ao inv\u00e9s de desfilarem no Lincoln Center, que \u00e9 a principal loca\u00e7\u00e3o.<br \/>\nAlexander Wang, por exemplo, quer sua apresenta\u00e7\u00e3o no dia 8 de fevereiro no Brooklyn, em um local que, segundo ele, corresponde muito bem \u00e0 concep\u00e7\u00e3o criativa da temporada.<br \/>\nOutros nomes que j\u00e1 confirmaram a realiza\u00e7\u00e3o dos desfiles fora do Lincoln Center \u00e9 Diane Furstenberg e Michael Kors. Vamos aguardar!<\/p>\n<div id=\"attachment_93462\" style=\"width: 510px\" class=\"wp-caption aligncenter\"><a href=\"https:\/\/i0.wp.com\/www.agrund.com\/wp-content\/uploads\/sites\/6\/2014\/01\/grifes-escolhem-novos-locais-para-os-desfiles-da-semana-de-moda-de-nova-york.jpg\"><img aria-describedby=\"caption-attachment-93462\" data-attachment-id=\"93462\" data-permalink=\"https:\/\/agrund.com\/index.php\/grifes-escolhem-novos-locais-para-os-desfiles-da-semana-de-moda-de-nova-york\/grifes-escolhem-novos-locais-para-os-desfiles-da-semana-de-moda-de-nova-york\/\" data-orig-file=\"https:\/\/i0.wp.com\/agrund.com\/wp-content\/uploads\/sites\/6\/2014\/01\/grifes-escolhem-novos-locais-para-os-desfiles-da-semana-de-moda-de-nova-york.jpg?fit=500%2C333&amp;ssl=1\" data-orig-size=\"500,333\" data-comments-opened=\"1\" data-image-meta=\"{&quot;aperture&quot;:&quot;0&quot;,&quot;credit&quot;:&quot;&quot;,&quot;camera&quot;:&quot;&quot;,&quot;caption&quot;:&quot;&quot;,&quot;created_timestamp&quot;:&quot;0&quot;,&quot;copyright&quot;:&quot;&quot;,&quot;focal_length&quot;:&quot;0&quot;,&quot;iso&quot;:&quot;0&quot;,&quot;shutter_speed&quot;:&quot;0&quot;,&quot;title&quot;:&quot;&quot;}\" data-image-title=\"grifes-escolhem-novos-locais-para-os-desfiles-da-semana-de-moda-de-nova-york\" data-image-description=\"\" data-image-caption=\"&lt;p&gt;Grifes escolhem novos locais para os desfiles da Semana de Moda de Nova York&lt;\/p&gt;\n\" data-medium-file=\"https:\/\/i0.wp.com\/agrund.com\/wp-content\/uploads\/sites\/6\/2014\/01\/grifes-escolhem-novos-locais-para-os-desfiles-da-semana-de-moda-de-nova-york.jpg?fit=300%2C199&amp;ssl=1\" data-large-file=\"https:\/\/i0.wp.com\/agrund.com\/wp-content\/uploads\/sites\/6\/2014\/01\/grifes-escolhem-novos-locais-para-os-desfiles-da-semana-de-moda-de-nova-york.jpg?fit=500%2C333&amp;ssl=1\" decoding=\"async\" loading=\"lazy\" class=\"size-large wp-image-93462\" alt=\"Grifes escolhem novos locais para os desfiles da Semana de Moda de Nova York\" src=\"https:\/\/i0.wp.com\/www.agrund.com\/wp-content\/uploads\/sites\/6\/cache\/2014\/01\/grifes-escolhem-novos-locais-para-os-desfiles-da-semana-de-moda-de-nova-york\/1616356266.jpg?resize=500%2C333\" width=\"500\" height=\"333\" data-recalc-dims=\"1\" \/><\/a><p id=\"caption-attachment-93462\" class=\"wp-caption-text\">Grifes escolhem novos locais para os desfiles da Semana de Moda de Nova York<\/p><\/div>\n<p>Imagem: Reprodu\u00e7\u00e3o.<\/p>\n","protected":false},"excerpt":{"rendered":"<p>A Semana de Moda de Nova York est\u00e1 chegando e as novidades come\u00e7am a aparecer. Algumas grifes e estilistas decidiram apresentar suas cole\u00e7\u00f5es em diferentes locais da cidade ao inv\u00e9s de desfilarem no Lincoln Center, que \u00e9 a principal loca\u00e7\u00e3o. Alexander Wang, por exemplo, quer sua apresenta\u00e7\u00e3o no dia 8 de fevereiro no Brooklyn, em [&hellip;]<\/p>\n","protected":false},"author":1,"featured_media":93463,"comment_status":"open","ping_status":"open","sticky":false,"template":"","format":"standard","meta":{"jetpack_post_was_ever_published":false,"_jetpack_newsletter_access":"","jetpack_publicize_message":"","jetpack_is_tweetstorm":false,"jetpack_publicize_feature_enabled":true,"jetpack_social_post_already_shared":true,"jetpack_social_options":{"image_generator_settings":{"template":"highway","enabled":false}}},"categories":[2],"tags":[],"jetpack_publicize_connections":[],"jetpack_featured_media_url":"https:\/\/i0.wp.com\/agrund.com\/wp-content\/uploads\/sites\/6\/2014\/01\/slideny.jpg?fit=960%2C300&ssl=1","jetpack_sharing_enabled":true,"jetpack_shortlink":"https:\/\/wp.me\/p3Hz0n-ojr","jetpack_likes_enabled":true,"_links":{"self":[{"href":"https:\/\/agrund.com\/index.php\/wp-json\/wp\/v2\/posts\/93461"}],"collection":[{"href":"https:\/\/agrund.com\/index.php\/wp-json\/wp\/v2\/posts"}],"about":[{"href":"https:\/\/agrund.com\/index.php\/wp-json\/wp\/v2\/types\/post"}],"author":[{"embeddable":true,"href":"https:\/\/agrund.com\/index.php\/wp-json\/wp\/v2\/users\/1"}],"replies":[{"embeddable":true,"href":"https:\/\/agrund.com\/index.php\/wp-json\/wp\/v2\/comments?post=93461"}],"version-history":[{"count":0,"href":"https:\/\/agrund.com\/index.php\/wp-json\/wp\/v2\/posts\/93461\/revisions"}],"wp:featuredmedia":[{"embeddable":true,"href":"https:\/\/agrund.com\/index.php\/wp-json\/wp\/v2\/media\/93463"}],"wp:attachment":[{"href":"https:\/\/agrund.com\/index.php\/wp-json\/wp\/v2\/media?parent=93461"}],"wp:term":[{"taxonomy":"category","embeddable":true,"href":"https:\/\/agrund.com\/index.php\/wp-json\/wp\/v2\/categories?post=93461"},{"taxonomy":"post_tag","embeddable":true,"href":"https:\/\/agrund.com\/index.php\/wp-json\/wp\/v2\/tags?post=93461"}],"curies":[{"name":"wp","href":"https:\/\/api.w.org\/{rel}","templated":true}]}}