{"id":93439,"date":"2014-01-15T21:00:27","date_gmt":"2014-01-15T23:00:27","guid":{"rendered":"http:\/\/www.agrund.com\/?p=93439"},"modified":"2014-01-15T15:35:36","modified_gmt":"2014-01-15T17:35:36","slug":"saint-laurent-paris-se-une-novamente-ao-mundo-da-musica","status":"publish","type":"post","link":"https:\/\/agrund.com\/index.php\/saint-laurent-paris-se-une-novamente-ao-mundo-da-musica\/","title":{"rendered":"Saint Laurent Paris se une novamente ao mundo da m\u00fasica"},"content":{"rendered":"<p>Tem novo nome da m\u00fasica em parceria com a Saint Laurent Paris. Depois de Marilyn Manson, que mostramos <a href=\"http:\/\/www.agrund.com\/saint-laurent-paris-traz-novamente-um-cantor-em-sua-campanha\/\">AQUI,<\/a> Daft Punk, <a href=\"http:\/\/www.agrund.com\/saint-laurent-assina-o-figurino-do-daft-punk\/\">AQUI<\/a>, e Sky Ferreira, veja <a href=\"http:\/\/www.agrund.com\/sky-ferreira-estrela-lookbook-da-saint-laurent-paris\/\">AQUI<\/a>, agora Heidi Slimane convocou o jovem cantor Curtis Harding para estrelar a campanha primavera\/ver\u00e3o 2014.<br \/>\nOs cliques s\u00e3o do pr\u00f3prio Slimane e voc\u00ea confere os primeiros aqui:<\/p>\n<div id=\"attachment_93440\" style=\"width: 610px\" class=\"wp-caption aligncenter\"><a href=\"https:\/\/i0.wp.com\/www.agrund.com\/wp-content\/uploads\/sites\/6\/2014\/01\/Saint-Laurent-Paris-se-une-novamente-ao-mundo-da-m\u00fasica-1.jpg\"><img aria-describedby=\"caption-attachment-93440\" data-attachment-id=\"93440\" data-permalink=\"https:\/\/agrund.com\/index.php\/saint-laurent-paris-se-une-novamente-ao-mundo-da-musica\/saint-laurent-paris-se-une-novamente-ao-mundo-da-musica-1\/\" data-orig-file=\"https:\/\/i0.wp.com\/agrund.com\/wp-content\/uploads\/sites\/6\/2014\/01\/Saint-Laurent-Paris-se-une-novamente-ao-mundo-da-m\u00fasica-1.jpg?fit=620%2C413&amp;ssl=1\" data-orig-size=\"620,413\" data-comments-opened=\"1\" data-image-meta=\"{&quot;aperture&quot;:&quot;0&quot;,&quot;credit&quot;:&quot;&quot;,&quot;camera&quot;:&quot;&quot;,&quot;caption&quot;:&quot;&quot;,&quot;created_timestamp&quot;:&quot;0&quot;,&quot;copyright&quot;:&quot;&quot;,&quot;focal_length&quot;:&quot;0&quot;,&quot;iso&quot;:&quot;0&quot;,&quot;shutter_speed&quot;:&quot;0&quot;,&quot;title&quot;:&quot;&quot;}\" data-image-title=\"Saint Laurent Paris se une novamente ao mundo da m\u00fasica (1)\" data-image-description=\"\" data-image-caption=\"&lt;p&gt;Saint Laurent Paris se une novamente ao mundo da m\u00fasica&lt;\/p&gt;\n\" data-medium-file=\"https:\/\/i0.wp.com\/agrund.com\/wp-content\/uploads\/sites\/6\/2014\/01\/Saint-Laurent-Paris-se-une-novamente-ao-mundo-da-m\u00fasica-1.jpg?fit=300%2C199&amp;ssl=1\" data-large-file=\"https:\/\/i0.wp.com\/agrund.com\/wp-content\/uploads\/sites\/6\/2014\/01\/Saint-Laurent-Paris-se-une-novamente-ao-mundo-da-m\u00fasica-1.jpg?fit=620%2C413&amp;ssl=1\" decoding=\"async\" loading=\"lazy\" class=\" wp-image-93440 \" alt=\"Saint Laurent Paris se une novamente ao mundo da m\u00fasica\" src=\"https:\/\/i0.wp.com\/www.agrund.com\/wp-content\/uploads\/sites\/6\/cache\/2014\/01\/Saint-Laurent-Paris-se-une-novamente-ao-mundo-da-m\u00fasica-1\/2019883289.jpg?resize=600%2C400\" width=\"600\" height=\"400\" data-recalc-dims=\"1\" \/><\/a><p id=\"caption-attachment-93440\" class=\"wp-caption-text\">Saint Laurent Paris se une novamente ao mundo da m\u00fasica<\/p><\/div>\n<div id=\"attachment_93441\" style=\"width: 610px\" class=\"wp-caption aligncenter\"><a href=\"https:\/\/i0.wp.com\/www.agrund.com\/wp-content\/uploads\/sites\/6\/2014\/01\/Saint-Laurent-Paris-se-une-novamente-ao-mundo-da-m\u00fasica-1.png\"><img aria-describedby=\"caption-attachment-93441\" data-attachment-id=\"93441\" data-permalink=\"https:\/\/agrund.com\/index.php\/saint-laurent-paris-se-une-novamente-ao-mundo-da-musica\/saint-laurent-paris-se-une-novamente-ao-mundo-da-musica-1-2\/\" data-orig-file=\"https:\/\/i0.wp.com\/agrund.com\/wp-content\/uploads\/sites\/6\/2014\/01\/Saint-Laurent-Paris-se-une-novamente-ao-mundo-da-m\u00fasica-1.png?fit=600%2C335&amp;ssl=1\" data-orig-size=\"600,335\" data-comments-opened=\"1\" data-image-meta=\"{&quot;aperture&quot;:&quot;0&quot;,&quot;credit&quot;:&quot;&quot;,&quot;camera&quot;:&quot;&quot;,&quot;caption&quot;:&quot;&quot;,&quot;created_timestamp&quot;:&quot;0&quot;,&quot;copyright&quot;:&quot;&quot;,&quot;focal_length&quot;:&quot;0&quot;,&quot;iso&quot;:&quot;0&quot;,&quot;shutter_speed&quot;:&quot;0&quot;,&quot;title&quot;:&quot;&quot;}\" data-image-title=\"Saint Laurent Paris se une novamente ao mundo da m\u00fasica (1)\" data-image-description=\"\" data-image-caption=\"&lt;p&gt;Saint Laurent Paris se une novamente ao mundo da m\u00fasica&lt;\/p&gt;\n\" data-medium-file=\"https:\/\/i0.wp.com\/agrund.com\/wp-content\/uploads\/sites\/6\/2014\/01\/Saint-Laurent-Paris-se-une-novamente-ao-mundo-da-m\u00fasica-1.png?fit=300%2C167&amp;ssl=1\" data-large-file=\"https:\/\/i0.wp.com\/agrund.com\/wp-content\/uploads\/sites\/6\/2014\/01\/Saint-Laurent-Paris-se-une-novamente-ao-mundo-da-m\u00fasica-1.png?fit=600%2C335&amp;ssl=1\" decoding=\"async\" loading=\"lazy\" class=\"size-large wp-image-93441\" alt=\"Saint Laurent Paris se une novamente ao mundo da m\u00fasica\" src=\"https:\/\/i0.wp.com\/www.agrund.com\/wp-content\/uploads\/sites\/6\/cache\/2014\/01\/Saint-Laurent-Paris-se-une-novamente-ao-mundo-da-m\u00fasica-1\/100266247.png?resize=600%2C335\" width=\"600\" height=\"335\" data-recalc-dims=\"1\" \/><\/a><p id=\"caption-attachment-93441\" class=\"wp-caption-text\">Saint Laurent Paris se une novamente ao mundo da m\u00fasica<\/p><\/div>\n<div id=\"attachment_93442\" style=\"width: 610px\" class=\"wp-caption aligncenter\"><a href=\"https:\/\/i0.wp.com\/www.agrund.com\/wp-content\/uploads\/sites\/6\/2014\/01\/Saint-Laurent-Paris-se-une-novamente-ao-mundo-da-m\u00fasica-2.jpg\"><img aria-describedby=\"caption-attachment-93442\" data-attachment-id=\"93442\" data-permalink=\"https:\/\/agrund.com\/index.php\/saint-laurent-paris-se-une-novamente-ao-mundo-da-musica\/saint-laurent-paris-se-une-novamente-ao-mundo-da-musica-2\/\" data-orig-file=\"https:\/\/i0.wp.com\/agrund.com\/wp-content\/uploads\/sites\/6\/2014\/01\/Saint-Laurent-Paris-se-une-novamente-ao-mundo-da-m\u00fasica-2.jpg?fit=620%2C413&amp;ssl=1\" data-orig-size=\"620,413\" data-comments-opened=\"1\" data-image-meta=\"{&quot;aperture&quot;:&quot;0&quot;,&quot;credit&quot;:&quot;&quot;,&quot;camera&quot;:&quot;&quot;,&quot;caption&quot;:&quot;&quot;,&quot;created_timestamp&quot;:&quot;0&quot;,&quot;copyright&quot;:&quot;&quot;,&quot;focal_length&quot;:&quot;0&quot;,&quot;iso&quot;:&quot;0&quot;,&quot;shutter_speed&quot;:&quot;0&quot;,&quot;title&quot;:&quot;&quot;}\" data-image-title=\"Saint Laurent Paris se une novamente ao mundo da m\u00fasica (2)\" data-image-description=\"\" data-image-caption=\"&lt;p&gt;Saint Laurent Paris se une novamente ao mundo da m\u00fasica&lt;\/p&gt;\n\" data-medium-file=\"https:\/\/i0.wp.com\/agrund.com\/wp-content\/uploads\/sites\/6\/2014\/01\/Saint-Laurent-Paris-se-une-novamente-ao-mundo-da-m\u00fasica-2.jpg?fit=300%2C199&amp;ssl=1\" data-large-file=\"https:\/\/i0.wp.com\/agrund.com\/wp-content\/uploads\/sites\/6\/2014\/01\/Saint-Laurent-Paris-se-une-novamente-ao-mundo-da-m\u00fasica-2.jpg?fit=620%2C413&amp;ssl=1\" decoding=\"async\" loading=\"lazy\" class=\" wp-image-93442 \" alt=\"Saint Laurent Paris se une novamente ao mundo da m\u00fasica\" src=\"https:\/\/i0.wp.com\/www.agrund.com\/wp-content\/uploads\/sites\/6\/cache\/2014\/01\/Saint-Laurent-Paris-se-une-novamente-ao-mundo-da-m\u00fasica-2\/4142661370.jpg?resize=600%2C400\" width=\"600\" height=\"400\" data-recalc-dims=\"1\" \/><\/a><p id=\"caption-attachment-93442\" class=\"wp-caption-text\">Saint Laurent Paris se une novamente ao mundo da m\u00fasica<\/p><\/div>\n<p>Imagens: Reprodu\u00e7\u00e3o.<\/p>\n","protected":false},"excerpt":{"rendered":"<p>Tem novo nome da m\u00fasica em parceria com a Saint Laurent Paris. Depois de Marilyn Manson, que mostramos AQUI, Daft Punk, AQUI, e Sky Ferreira, veja AQUI, agora Heidi Slimane convocou o jovem cantor Curtis Harding para estrelar a campanha primavera\/ver\u00e3o 2014. Os cliques s\u00e3o do pr\u00f3prio Slimane e voc\u00ea confere os primeiros aqui: Imagens: [&hellip;]<\/p>\n","protected":false},"author":1,"featured_media":93443,"comment_status":"open","ping_status":"open","sticky":false,"template":"","format":"standard","meta":{"jetpack_post_was_ever_published":false,"_jetpack_newsletter_access":"","jetpack_publicize_message":"","jetpack_is_tweetstorm":false,"jetpack_publicize_feature_enabled":true,"jetpack_social_post_already_shared":true,"jetpack_social_options":{"image_generator_settings":{"template":"highway","enabled":false}}},"categories":[2],"tags":[],"jetpack_publicize_connections":[],"jetpack_featured_media_url":"https:\/\/i0.wp.com\/agrund.com\/wp-content\/uploads\/sites\/6\/2014\/01\/slide78.jpg?fit=960%2C300&ssl=1","jetpack_sharing_enabled":true,"jetpack_shortlink":"https:\/\/wp.me\/p3Hz0n-oj5","jetpack_likes_enabled":true,"_links":{"self":[{"href":"https:\/\/agrund.com\/index.php\/wp-json\/wp\/v2\/posts\/93439"}],"collection":[{"href":"https:\/\/agrund.com\/index.php\/wp-json\/wp\/v2\/posts"}],"about":[{"href":"https:\/\/agrund.com\/index.php\/wp-json\/wp\/v2\/types\/post"}],"author":[{"embeddable":true,"href":"https:\/\/agrund.com\/index.php\/wp-json\/wp\/v2\/users\/1"}],"replies":[{"embeddable":true,"href":"https:\/\/agrund.com\/index.php\/wp-json\/wp\/v2\/comments?post=93439"}],"version-history":[{"count":0,"href":"https:\/\/agrund.com\/index.php\/wp-json\/wp\/v2\/posts\/93439\/revisions"}],"wp:featuredmedia":[{"embeddable":true,"href":"https:\/\/agrund.com\/index.php\/wp-json\/wp\/v2\/media\/93443"}],"wp:attachment":[{"href":"https:\/\/agrund.com\/index.php\/wp-json\/wp\/v2\/media?parent=93439"}],"wp:term":[{"taxonomy":"category","embeddable":true,"href":"https:\/\/agrund.com\/index.php\/wp-json\/wp\/v2\/categories?post=93439"},{"taxonomy":"post_tag","embeddable":true,"href":"https:\/\/agrund.com\/index.php\/wp-json\/wp\/v2\/tags?post=93439"}],"curies":[{"name":"wp","href":"https:\/\/api.w.org\/{rel}","templated":true}]}}