{"id":93398,"date":"2014-01-15T16:00:17","date_gmt":"2014-01-15T18:00:17","guid":{"rendered":"http:\/\/www.agrund.com\/?p=93398"},"modified":"2014-01-15T11:09:07","modified_gmt":"2014-01-15T13:09:07","slug":"seiva-vitorino-campos-libera-algumas-imagens-da-colecao-2013-2","status":"publish","type":"post","link":"https:\/\/agrund.com\/index.php\/seiva-vitorino-campos-libera-algumas-imagens-da-colecao-2013-2\/","title":{"rendered":"Seiva :: Vitorino Campos libera algumas imagens da cole\u00e7\u00e3o 2013.2"},"content":{"rendered":"<p>As modelos Maria Flavia, Rebecca Gobbi e Ellen Liscoski, da Way Model, estampam a campanha do estilista Vitorino Campos com influ\u00eancias que misturam a fotografia de Irving Penn com a seiva, corrente vital da natureza. Esses foram os pontos de partida para a cole\u00e7\u00e3o 2013.2 do estilista baiano que vem crescendo em suas apresenta\u00e7\u00f5es na S\u00e3o Paulo Fashion Week. Confira as imagens feitas por Adriano Damas.<\/p>\n<div id=\"attachment_93399\" style=\"width: 560px\" class=\"wp-caption aligncenter\"><a href=\"https:\/\/i0.wp.com\/www.agrund.com\/wp-content\/uploads\/sites\/6\/2014\/01\/seiva-vitorino-campos-libera-algumas-imagens-da-colecao-2013-2-1.jpg\"><img aria-describedby=\"caption-attachment-93399\" data-attachment-id=\"93399\" data-permalink=\"https:\/\/agrund.com\/index.php\/seiva-vitorino-campos-libera-algumas-imagens-da-colecao-2013-2\/seiva-vitorino-campos-libera-algumas-imagens-da-colecao-2013-2-1\/\" data-orig-file=\"https:\/\/i0.wp.com\/agrund.com\/wp-content\/uploads\/sites\/6\/2014\/01\/seiva-vitorino-campos-libera-algumas-imagens-da-colecao-2013-2-1.jpg?fit=550%2C762&amp;ssl=1\" data-orig-size=\"550,762\" data-comments-opened=\"1\" data-image-meta=\"{&quot;aperture&quot;:&quot;0&quot;,&quot;credit&quot;:&quot;&quot;,&quot;camera&quot;:&quot;&quot;,&quot;caption&quot;:&quot;&quot;,&quot;created_timestamp&quot;:&quot;0&quot;,&quot;copyright&quot;:&quot;&quot;,&quot;focal_length&quot;:&quot;0&quot;,&quot;iso&quot;:&quot;0&quot;,&quot;shutter_speed&quot;:&quot;0&quot;,&quot;title&quot;:&quot;&quot;}\" data-image-title=\"seiva-vitorino-campos-libera-algumas-imagens-da-colecao-2013-2 (1)\" data-image-description=\"\" data-image-caption=\"&lt;p&gt;Seiva :: Vitorino Campos libera algumas imagens da cole\u00e7\u00e3o 2013.2&lt;\/p&gt;\n\" data-medium-file=\"https:\/\/i0.wp.com\/agrund.com\/wp-content\/uploads\/sites\/6\/2014\/01\/seiva-vitorino-campos-libera-algumas-imagens-da-colecao-2013-2-1.jpg?fit=216%2C300&amp;ssl=1\" data-large-file=\"https:\/\/i0.wp.com\/agrund.com\/wp-content\/uploads\/sites\/6\/2014\/01\/seiva-vitorino-campos-libera-algumas-imagens-da-colecao-2013-2-1.jpg?fit=550%2C762&amp;ssl=1\" decoding=\"async\" loading=\"lazy\" class=\"size-large wp-image-93399\" alt=\"Seiva :: Vitorino Campos libera algumas imagens da cole\u00e7\u00e3o 2013.2\" src=\"https:\/\/i0.wp.com\/www.agrund.com\/wp-content\/uploads\/sites\/6\/cache\/2014\/01\/seiva-vitorino-campos-libera-algumas-imagens-da-colecao-2013-2-1\/1627113858.jpg?resize=550%2C762\" width=\"550\" height=\"762\" data-recalc-dims=\"1\" \/><\/a><p id=\"caption-attachment-93399\" class=\"wp-caption-text\">Seiva :: Vitorino Campos libera algumas imagens da cole\u00e7\u00e3o 2013.2<\/p><\/div>\n<div id=\"attachment_93400\" style=\"width: 560px\" class=\"wp-caption aligncenter\"><a href=\"https:\/\/i0.wp.com\/www.agrund.com\/wp-content\/uploads\/sites\/6\/2014\/01\/seiva-vitorino-campos-libera-algumas-imagens-da-colecao-2013-2-2.jpg\"><img aria-describedby=\"caption-attachment-93400\" data-attachment-id=\"93400\" data-permalink=\"https:\/\/agrund.com\/index.php\/seiva-vitorino-campos-libera-algumas-imagens-da-colecao-2013-2\/seiva-vitorino-campos-libera-algumas-imagens-da-colecao-2013-2-2\/\" data-orig-file=\"https:\/\/i0.wp.com\/agrund.com\/wp-content\/uploads\/sites\/6\/2014\/01\/seiva-vitorino-campos-libera-algumas-imagens-da-colecao-2013-2-2.jpg?fit=550%2C725&amp;ssl=1\" data-orig-size=\"550,725\" data-comments-opened=\"1\" data-image-meta=\"{&quot;aperture&quot;:&quot;0&quot;,&quot;credit&quot;:&quot;&quot;,&quot;camera&quot;:&quot;&quot;,&quot;caption&quot;:&quot;&quot;,&quot;created_timestamp&quot;:&quot;0&quot;,&quot;copyright&quot;:&quot;&quot;,&quot;focal_length&quot;:&quot;0&quot;,&quot;iso&quot;:&quot;0&quot;,&quot;shutter_speed&quot;:&quot;0&quot;,&quot;title&quot;:&quot;&quot;}\" data-image-title=\"seiva-vitorino-campos-libera-algumas-imagens-da-colecao-2013-2 (2)\" data-image-description=\"\" data-image-caption=\"&lt;p&gt;Seiva :: Vitorino Campos libera algumas imagens da cole\u00e7\u00e3o 2013.2&lt;\/p&gt;\n\" data-medium-file=\"https:\/\/i0.wp.com\/agrund.com\/wp-content\/uploads\/sites\/6\/2014\/01\/seiva-vitorino-campos-libera-algumas-imagens-da-colecao-2013-2-2.jpg?fit=227%2C300&amp;ssl=1\" data-large-file=\"https:\/\/i0.wp.com\/agrund.com\/wp-content\/uploads\/sites\/6\/2014\/01\/seiva-vitorino-campos-libera-algumas-imagens-da-colecao-2013-2-2.jpg?fit=550%2C725&amp;ssl=1\" decoding=\"async\" loading=\"lazy\" class=\"size-large wp-image-93400\" alt=\"Seiva :: Vitorino Campos libera algumas imagens da cole\u00e7\u00e3o 2013.2\" src=\"https:\/\/i0.wp.com\/www.agrund.com\/wp-content\/uploads\/sites\/6\/cache\/2014\/01\/seiva-vitorino-campos-libera-algumas-imagens-da-colecao-2013-2-2\/4000632417.jpg?resize=550%2C725\" width=\"550\" height=\"725\" data-recalc-dims=\"1\" \/><\/a><p id=\"caption-attachment-93400\" class=\"wp-caption-text\">Seiva :: Vitorino Campos libera algumas imagens da cole\u00e7\u00e3o 2013.2<\/p><\/div>\n<div id=\"attachment_93401\" style=\"width: 560px\" class=\"wp-caption aligncenter\"><a href=\"https:\/\/i0.wp.com\/www.agrund.com\/wp-content\/uploads\/sites\/6\/2014\/01\/seiva-vitorino-campos-libera-algumas-imagens-da-colecao-2013-2-3.jpg\"><img aria-describedby=\"caption-attachment-93401\" data-attachment-id=\"93401\" data-permalink=\"https:\/\/agrund.com\/index.php\/seiva-vitorino-campos-libera-algumas-imagens-da-colecao-2013-2\/seiva-vitorino-campos-libera-algumas-imagens-da-colecao-2013-2-3\/\" data-orig-file=\"https:\/\/i0.wp.com\/agrund.com\/wp-content\/uploads\/sites\/6\/2014\/01\/seiva-vitorino-campos-libera-algumas-imagens-da-colecao-2013-2-3.jpg?fit=550%2C721&amp;ssl=1\" data-orig-size=\"550,721\" data-comments-opened=\"1\" data-image-meta=\"{&quot;aperture&quot;:&quot;0&quot;,&quot;credit&quot;:&quot;&quot;,&quot;camera&quot;:&quot;&quot;,&quot;caption&quot;:&quot;&quot;,&quot;created_timestamp&quot;:&quot;0&quot;,&quot;copyright&quot;:&quot;&quot;,&quot;focal_length&quot;:&quot;0&quot;,&quot;iso&quot;:&quot;0&quot;,&quot;shutter_speed&quot;:&quot;0&quot;,&quot;title&quot;:&quot;&quot;}\" data-image-title=\"seiva-vitorino-campos-libera-algumas-imagens-da-colecao-2013-2 (3)\" data-image-description=\"\" data-image-caption=\"&lt;p&gt;Seiva :: Vitorino Campos libera algumas imagens da cole\u00e7\u00e3o 2013.2&lt;\/p&gt;\n\" data-medium-file=\"https:\/\/i0.wp.com\/agrund.com\/wp-content\/uploads\/sites\/6\/2014\/01\/seiva-vitorino-campos-libera-algumas-imagens-da-colecao-2013-2-3.jpg?fit=228%2C300&amp;ssl=1\" data-large-file=\"https:\/\/i0.wp.com\/agrund.com\/wp-content\/uploads\/sites\/6\/2014\/01\/seiva-vitorino-campos-libera-algumas-imagens-da-colecao-2013-2-3.jpg?fit=550%2C721&amp;ssl=1\" decoding=\"async\" loading=\"lazy\" class=\"size-large wp-image-93401\" alt=\"Seiva :: Vitorino Campos libera algumas imagens da cole\u00e7\u00e3o 2013.2\" src=\"https:\/\/i0.wp.com\/www.agrund.com\/wp-content\/uploads\/sites\/6\/cache\/2014\/01\/seiva-vitorino-campos-libera-algumas-imagens-da-colecao-2013-2-3\/585027327.jpg?resize=550%2C721\" width=\"550\" height=\"721\" data-recalc-dims=\"1\" \/><\/a><p id=\"caption-attachment-93401\" class=\"wp-caption-text\">Seiva :: Vitorino Campos libera algumas imagens da cole\u00e7\u00e3o 2013.2<\/p><\/div>\n<p>Imagens: Reprodu\u00e7\u00e3o.<\/p>\n","protected":false},"excerpt":{"rendered":"<p>As modelos Maria Flavia, Rebecca Gobbi e Ellen Liscoski, da Way Model, estampam a campanha do estilista Vitorino Campos com influ\u00eancias que misturam a fotografia de Irving Penn com a seiva, corrente vital da natureza. Esses foram os pontos de partida para a cole\u00e7\u00e3o 2013.2 do estilista baiano que vem crescendo em suas apresenta\u00e7\u00f5es na [&hellip;]<\/p>\n","protected":false},"author":1,"featured_media":93402,"comment_status":"open","ping_status":"open","sticky":false,"template":"","format":"standard","meta":{"jetpack_post_was_ever_published":false,"_jetpack_newsletter_access":"","jetpack_publicize_message":"","jetpack_is_tweetstorm":false,"jetpack_publicize_feature_enabled":true,"jetpack_social_post_already_shared":true,"jetpack_social_options":{"image_generator_settings":{"template":"highway","enabled":false}}},"categories":[2],"tags":[],"jetpack_publicize_connections":[],"jetpack_featured_media_url":"https:\/\/i0.wp.com\/agrund.com\/wp-content\/uploads\/sites\/6\/2014\/01\/slide74.jpg?fit=960%2C300&ssl=1","jetpack_sharing_enabled":true,"jetpack_shortlink":"https:\/\/wp.me\/p3Hz0n-oiq","jetpack_likes_enabled":true,"_links":{"self":[{"href":"https:\/\/agrund.com\/index.php\/wp-json\/wp\/v2\/posts\/93398"}],"collection":[{"href":"https:\/\/agrund.com\/index.php\/wp-json\/wp\/v2\/posts"}],"about":[{"href":"https:\/\/agrund.com\/index.php\/wp-json\/wp\/v2\/types\/post"}],"author":[{"embeddable":true,"href":"https:\/\/agrund.com\/index.php\/wp-json\/wp\/v2\/users\/1"}],"replies":[{"embeddable":true,"href":"https:\/\/agrund.com\/index.php\/wp-json\/wp\/v2\/comments?post=93398"}],"version-history":[{"count":0,"href":"https:\/\/agrund.com\/index.php\/wp-json\/wp\/v2\/posts\/93398\/revisions"}],"wp:featuredmedia":[{"embeddable":true,"href":"https:\/\/agrund.com\/index.php\/wp-json\/wp\/v2\/media\/93402"}],"wp:attachment":[{"href":"https:\/\/agrund.com\/index.php\/wp-json\/wp\/v2\/media?parent=93398"}],"wp:term":[{"taxonomy":"category","embeddable":true,"href":"https:\/\/agrund.com\/index.php\/wp-json\/wp\/v2\/categories?post=93398"},{"taxonomy":"post_tag","embeddable":true,"href":"https:\/\/agrund.com\/index.php\/wp-json\/wp\/v2\/tags?post=93398"}],"curies":[{"name":"wp","href":"https:\/\/api.w.org\/{rel}","templated":true}]}}