{"id":93385,"date":"2014-01-15T13:00:11","date_gmt":"2014-01-15T15:00:11","guid":{"rendered":"http:\/\/www.agrund.com\/?p=93385"},"modified":"2014-01-15T11:00:03","modified_gmt":"2014-01-15T13:00:03","slug":"david-beckham-em-nova-parceria-com-a-hm","status":"publish","type":"post","link":"https:\/\/agrund.com\/index.php\/david-beckham-em-nova-parceria-com-a-hm\/","title":{"rendered":"David Beckham em nova parceria com a H&#038;M"},"content":{"rendered":"<p>A parceria de David Beckham com a H&amp;M segue dando bons frutos. Depois da cole\u00e7\u00e3o de underwear, como mostramos <a href=\"http:\/\/www.agrund.com\/a-nova-linha-underwear-de-david-bekcham-para-a-hm\/\">AQUI<\/a> e <a href=\"http:\/\/www.agrund.com\/david-beckham-adicionou-mais-cores-a-sua-nova-colecao-de-cuecas-para-a-hm\/\">AQUI<\/a>, agora David assina para a fast-fashion uma linha para crian\u00e7as.<br \/>\nA David Beckham Kids collection traz regatas, cal\u00e7as, sleepwear para os meninos e deve chegar \u00e0s lojas no m\u00eas de fevereiro.<\/p>\n<div id=\"attachment_93386\" style=\"width: 560px\" class=\"wp-caption aligncenter\"><a href=\"https:\/\/i0.wp.com\/www.agrund.com\/wp-content\/uploads\/sites\/6\/2014\/01\/david-beckham-em-nova-parceria-com-a-hm.jpg\"><img aria-describedby=\"caption-attachment-93386\" data-attachment-id=\"93386\" data-permalink=\"https:\/\/agrund.com\/index.php\/david-beckham-em-nova-parceria-com-a-hm\/david-beckham-em-nova-parceria-com-a-hm\/\" data-orig-file=\"https:\/\/i0.wp.com\/agrund.com\/wp-content\/uploads\/sites\/6\/2014\/01\/david-beckham-em-nova-parceria-com-a-hm.jpg?fit=550%2C393&amp;ssl=1\" data-orig-size=\"550,393\" data-comments-opened=\"1\" data-image-meta=\"{&quot;aperture&quot;:&quot;0&quot;,&quot;credit&quot;:&quot;&quot;,&quot;camera&quot;:&quot;&quot;,&quot;caption&quot;:&quot;&quot;,&quot;created_timestamp&quot;:&quot;0&quot;,&quot;copyright&quot;:&quot;&quot;,&quot;focal_length&quot;:&quot;0&quot;,&quot;iso&quot;:&quot;0&quot;,&quot;shutter_speed&quot;:&quot;0&quot;,&quot;title&quot;:&quot;&quot;}\" data-image-title=\"david-beckham-em-nova-parceria-com-a-hm\" data-image-description=\"\" data-image-caption=\"&lt;p&gt;David Beckham em nova parceria com a H&#038;M&lt;\/p&gt;\n\" data-medium-file=\"https:\/\/i0.wp.com\/agrund.com\/wp-content\/uploads\/sites\/6\/2014\/01\/david-beckham-em-nova-parceria-com-a-hm.jpg?fit=300%2C214&amp;ssl=1\" data-large-file=\"https:\/\/i0.wp.com\/agrund.com\/wp-content\/uploads\/sites\/6\/2014\/01\/david-beckham-em-nova-parceria-com-a-hm.jpg?fit=550%2C393&amp;ssl=1\" decoding=\"async\" loading=\"lazy\" class=\"size-large wp-image-93386\" alt=\"David Beckham em nova parceria com a H&amp;M\" src=\"https:\/\/i0.wp.com\/www.agrund.com\/wp-content\/uploads\/sites\/6\/cache\/2014\/01\/david-beckham-em-nova-parceria-com-a-hm\/1232472541.jpg?resize=550%2C393\" width=\"550\" height=\"393\" data-recalc-dims=\"1\" \/><\/a><p id=\"caption-attachment-93386\" class=\"wp-caption-text\">David Beckham em nova parceria com a H&amp;M<\/p><\/div>\n<p>Imagem: Reprodu\u00e7\u00e3o.<\/p>\n","protected":false},"excerpt":{"rendered":"<p>A parceria de David Beckham com a H&amp;M segue dando bons frutos. Depois da cole\u00e7\u00e3o de underwear, como mostramos AQUI e AQUI, agora David assina para a fast-fashion uma linha para crian\u00e7as. A David Beckham Kids collection traz regatas, cal\u00e7as, sleepwear para os meninos e deve chegar \u00e0s lojas no m\u00eas de fevereiro. Imagem: Reprodu\u00e7\u00e3o.<\/p>\n","protected":false},"author":1,"featured_media":93387,"comment_status":"open","ping_status":"open","sticky":false,"template":"","format":"standard","meta":{"jetpack_post_was_ever_published":false,"_jetpack_newsletter_access":"","jetpack_publicize_message":"","jetpack_is_tweetstorm":false,"jetpack_publicize_feature_enabled":true,"jetpack_social_post_already_shared":true,"jetpack_social_options":{"image_generator_settings":{"template":"highway","enabled":false}}},"categories":[2],"tags":[],"jetpack_publicize_connections":[],"jetpack_featured_media_url":"https:\/\/i0.wp.com\/agrund.com\/wp-content\/uploads\/sites\/6\/2014\/01\/slide410.jpg?fit=960%2C300&ssl=1","jetpack_sharing_enabled":true,"jetpack_shortlink":"https:\/\/wp.me\/p3Hz0n-oid","jetpack_likes_enabled":true,"_links":{"self":[{"href":"https:\/\/agrund.com\/index.php\/wp-json\/wp\/v2\/posts\/93385"}],"collection":[{"href":"https:\/\/agrund.com\/index.php\/wp-json\/wp\/v2\/posts"}],"about":[{"href":"https:\/\/agrund.com\/index.php\/wp-json\/wp\/v2\/types\/post"}],"author":[{"embeddable":true,"href":"https:\/\/agrund.com\/index.php\/wp-json\/wp\/v2\/users\/1"}],"replies":[{"embeddable":true,"href":"https:\/\/agrund.com\/index.php\/wp-json\/wp\/v2\/comments?post=93385"}],"version-history":[{"count":0,"href":"https:\/\/agrund.com\/index.php\/wp-json\/wp\/v2\/posts\/93385\/revisions"}],"wp:featuredmedia":[{"embeddable":true,"href":"https:\/\/agrund.com\/index.php\/wp-json\/wp\/v2\/media\/93387"}],"wp:attachment":[{"href":"https:\/\/agrund.com\/index.php\/wp-json\/wp\/v2\/media?parent=93385"}],"wp:term":[{"taxonomy":"category","embeddable":true,"href":"https:\/\/agrund.com\/index.php\/wp-json\/wp\/v2\/categories?post=93385"},{"taxonomy":"post_tag","embeddable":true,"href":"https:\/\/agrund.com\/index.php\/wp-json\/wp\/v2\/tags?post=93385"}],"curies":[{"name":"wp","href":"https:\/\/api.w.org\/{rel}","templated":true}]}}