{"id":93381,"date":"2014-01-15T12:00:23","date_gmt":"2014-01-15T14:00:23","guid":{"rendered":"http:\/\/www.agrund.com\/?p=93381"},"modified":"2014-01-15T10:58:02","modified_gmt":"2014-01-15T12:58:02","slug":"adidas-anuncia-nova-parceria-fashion","status":"publish","type":"post","link":"https:\/\/agrund.com\/index.php\/adidas-anuncia-nova-parceria-fashion\/","title":{"rendered":"Adidas anuncia nova parceria fashion"},"content":{"rendered":"<p>Depois que a Nike confirmou sua parceria com Riccardo Tisci, outra marca de sportwear est\u00e1 investindo nas colabora\u00e7\u00f5es. A Adidas Originals acaba de anunciar sua parceria com Rita Ora!<br \/>\nA cantora ir\u00e1 assinar uma cole\u00e7\u00e3o para a marca, por\u00e9m at\u00e9 o momento n\u00e3o foi divulgada nenhuma informa\u00e7\u00e3o sobre a data de lan\u00e7amento. Vindo de Rita j\u00e1 podemos esperar um sportwear super colorido, n\u00e3o acham?<\/p>\n<div id=\"attachment_93382\" style=\"width: 560px\" class=\"wp-caption aligncenter\"><a href=\"https:\/\/i0.wp.com\/www.agrund.com\/wp-content\/uploads\/sites\/6\/2014\/01\/adidas-anuncia-nova-parceria-fashion.jpg\"><img aria-describedby=\"caption-attachment-93382\" data-attachment-id=\"93382\" data-permalink=\"https:\/\/agrund.com\/index.php\/adidas-anuncia-nova-parceria-fashion\/adidas-anuncia-nova-parceria-fashion\/\" data-orig-file=\"https:\/\/i0.wp.com\/agrund.com\/wp-content\/uploads\/sites\/6\/2014\/01\/adidas-anuncia-nova-parceria-fashion.jpg?fit=550%2C831&amp;ssl=1\" data-orig-size=\"550,831\" data-comments-opened=\"1\" data-image-meta=\"{&quot;aperture&quot;:&quot;0&quot;,&quot;credit&quot;:&quot;&quot;,&quot;camera&quot;:&quot;&quot;,&quot;caption&quot;:&quot;&quot;,&quot;created_timestamp&quot;:&quot;0&quot;,&quot;copyright&quot;:&quot;&quot;,&quot;focal_length&quot;:&quot;0&quot;,&quot;iso&quot;:&quot;0&quot;,&quot;shutter_speed&quot;:&quot;0&quot;,&quot;title&quot;:&quot;&quot;}\" data-image-title=\"adidas-anuncia-nova-parceria-fashion\" data-image-description=\"\" data-image-caption=\"&lt;p&gt;Adidas anuncia nova parceria fashion&lt;\/p&gt;\n\" data-medium-file=\"https:\/\/i0.wp.com\/agrund.com\/wp-content\/uploads\/sites\/6\/2014\/01\/adidas-anuncia-nova-parceria-fashion.jpg?fit=198%2C300&amp;ssl=1\" data-large-file=\"https:\/\/i0.wp.com\/agrund.com\/wp-content\/uploads\/sites\/6\/2014\/01\/adidas-anuncia-nova-parceria-fashion.jpg?fit=550%2C831&amp;ssl=1\" decoding=\"async\" loading=\"lazy\" class=\"size-large wp-image-93382\" alt=\"Adidas anuncia nova parceria fashion\" src=\"https:\/\/i0.wp.com\/www.agrund.com\/wp-content\/uploads\/sites\/6\/cache\/2014\/01\/adidas-anuncia-nova-parceria-fashion\/1895613535.jpg?resize=550%2C831\" width=\"550\" height=\"831\" data-recalc-dims=\"1\" \/><\/a><p id=\"caption-attachment-93382\" class=\"wp-caption-text\">Adidas anuncia nova parceria fashion<\/p><\/div>\n<p>Imagem: Reprodu\u00e7\u00e3o.<\/p>\n","protected":false},"excerpt":{"rendered":"<p>Depois que a Nike confirmou sua parceria com Riccardo Tisci, outra marca de sportwear est\u00e1 investindo nas colabora\u00e7\u00f5es. A Adidas Originals acaba de anunciar sua parceria com Rita Ora! A cantora ir\u00e1 assinar uma cole\u00e7\u00e3o para a marca, por\u00e9m at\u00e9 o momento n\u00e3o foi divulgada nenhuma informa\u00e7\u00e3o sobre a data de lan\u00e7amento. Vindo de Rita [&hellip;]<\/p>\n","protected":false},"author":1,"featured_media":93383,"comment_status":"open","ping_status":"open","sticky":false,"template":"","format":"standard","meta":{"jetpack_post_was_ever_published":false,"_jetpack_newsletter_access":"","jetpack_publicize_message":"","jetpack_is_tweetstorm":false,"jetpack_publicize_feature_enabled":true,"jetpack_social_post_already_shared":true,"jetpack_social_options":{"image_generator_settings":{"template":"highway","enabled":false}}},"categories":[2],"tags":[],"jetpack_publicize_connections":[],"jetpack_featured_media_url":"https:\/\/i0.wp.com\/agrund.com\/wp-content\/uploads\/sites\/6\/2014\/01\/slide72.jpg?fit=960%2C300&ssl=1","jetpack_sharing_enabled":true,"jetpack_shortlink":"https:\/\/wp.me\/p3Hz0n-oi9","jetpack_likes_enabled":true,"_links":{"self":[{"href":"https:\/\/agrund.com\/index.php\/wp-json\/wp\/v2\/posts\/93381"}],"collection":[{"href":"https:\/\/agrund.com\/index.php\/wp-json\/wp\/v2\/posts"}],"about":[{"href":"https:\/\/agrund.com\/index.php\/wp-json\/wp\/v2\/types\/post"}],"author":[{"embeddable":true,"href":"https:\/\/agrund.com\/index.php\/wp-json\/wp\/v2\/users\/1"}],"replies":[{"embeddable":true,"href":"https:\/\/agrund.com\/index.php\/wp-json\/wp\/v2\/comments?post=93381"}],"version-history":[{"count":0,"href":"https:\/\/agrund.com\/index.php\/wp-json\/wp\/v2\/posts\/93381\/revisions"}],"wp:featuredmedia":[{"embeddable":true,"href":"https:\/\/agrund.com\/index.php\/wp-json\/wp\/v2\/media\/93383"}],"wp:attachment":[{"href":"https:\/\/agrund.com\/index.php\/wp-json\/wp\/v2\/media?parent=93381"}],"wp:term":[{"taxonomy":"category","embeddable":true,"href":"https:\/\/agrund.com\/index.php\/wp-json\/wp\/v2\/categories?post=93381"},{"taxonomy":"post_tag","embeddable":true,"href":"https:\/\/agrund.com\/index.php\/wp-json\/wp\/v2\/tags?post=93381"}],"curies":[{"name":"wp","href":"https:\/\/api.w.org\/{rel}","templated":true}]}}