{"id":93331,"date":"2014-01-14T17:30:32","date_gmt":"2014-01-14T19:30:32","guid":{"rendered":"http:\/\/www.agrund.com\/?p=93331"},"modified":"2014-01-14T15:35:55","modified_gmt":"2014-01-14T17:35:55","slug":"semana-masculina-de-moda-de-milao-giorgio-armani-inverno-2014","status":"publish","type":"post","link":"https:\/\/agrund.com\/index.php\/semana-masculina-de-moda-de-milao-giorgio-armani-inverno-2014\/","title":{"rendered":"Semana Masculina de Moda de Mil\u00e3o :: Giorgio Armani Inverno 2014"},"content":{"rendered":"<p>O clima esportivo marcou a apresenta\u00e7\u00e3o Inverno 2014\/2015 de Giorgio Armani. O que mais chama aten\u00e7\u00e3o s\u00e3o as cal\u00e7as que apareceram amplas e confort\u00e1veis. O metalizado deu o tom moderno aos modelos meio baggy anos 80, lembra? O styling segue a tend\u00eancia da temporada usando jaquetas e casacos sobrepostos a ternos. As camisas apareceram com um perfume das jaquetas bomber, que ali\u00e1s apareceram curtas tamb\u00e9m. Confira!<\/p>\n<div id=\"attachment_93332\" style=\"width: 460px\" class=\"wp-caption aligncenter\"><a href=\"https:\/\/i0.wp.com\/www.agrund.com\/wp-content\/uploads\/sites\/6\/2014\/01\/semana-masculina-de-moda-de-milao-giorgio-armani-inverno-2014-1.jpg\"><img aria-describedby=\"caption-attachment-93332\" data-attachment-id=\"93332\" data-permalink=\"https:\/\/agrund.com\/index.php\/semana-masculina-de-moda-de-milao-giorgio-armani-inverno-2014\/semana-masculina-de-moda-de-milao-giorgio-armani-inverno-2014-1\/\" data-orig-file=\"https:\/\/i0.wp.com\/agrund.com\/wp-content\/uploads\/sites\/6\/2014\/01\/semana-masculina-de-moda-de-milao-giorgio-armani-inverno-2014-1.jpg?fit=450%2C675&amp;ssl=1\" data-orig-size=\"450,675\" data-comments-opened=\"1\" data-image-meta=\"{&quot;aperture&quot;:&quot;4&quot;,&quot;credit&quot;:&quot;Marcus Tondo&quot;,&quot;camera&quot;:&quot;Canon EOS-1D Mark IV&quot;,&quot;caption&quot;:&quot;&quot;,&quot;created_timestamp&quot;:&quot;1389702030&quot;,&quot;copyright&quot;:&quot;Photo: Marcus Tondo \\\/ Indigitalimages.com&quot;,&quot;focal_length&quot;:&quot;172&quot;,&quot;iso&quot;:&quot;1600&quot;,&quot;shutter_speed&quot;:&quot;0.0025&quot;,&quot;title&quot;:&quot;&quot;}\" data-image-title=\"semana-masculina-de-moda-de-milao-giorgio-armani-inverno-2014 (1)\" data-image-description=\"\" data-image-caption=\"&lt;p&gt;Semana Masculina de Moda de Mil\u00e3o :: Giorgio Armani Inverno 2014&lt;\/p&gt;\n\" data-medium-file=\"https:\/\/i0.wp.com\/agrund.com\/wp-content\/uploads\/sites\/6\/2014\/01\/semana-masculina-de-moda-de-milao-giorgio-armani-inverno-2014-1.jpg?fit=200%2C300&amp;ssl=1\" data-large-file=\"https:\/\/i0.wp.com\/agrund.com\/wp-content\/uploads\/sites\/6\/2014\/01\/semana-masculina-de-moda-de-milao-giorgio-armani-inverno-2014-1.jpg?fit=450%2C675&amp;ssl=1\" decoding=\"async\" loading=\"lazy\" class=\"size-large wp-image-93332\" alt=\"Semana Masculina de Moda de Mil\u00e3o :: Giorgio Armani Inverno 2014\" src=\"https:\/\/i0.wp.com\/www.agrund.com\/wp-content\/uploads\/sites\/6\/cache\/2014\/01\/semana-masculina-de-moda-de-milao-giorgio-armani-inverno-2014-1\/3401559424.jpg?resize=450%2C675\" width=\"450\" height=\"675\" data-recalc-dims=\"1\" \/><\/a><p id=\"caption-attachment-93332\" class=\"wp-caption-text\">Semana Masculina de Moda de Mil\u00e3o :: Giorgio Armani Inverno 2014<\/p><\/div>\n<div id=\"attachment_93345\" style=\"width: 460px\" class=\"wp-caption aligncenter\"><a href=\"https:\/\/i0.wp.com\/www.agrund.com\/wp-content\/uploads\/sites\/6\/2014\/01\/semana-masculina-de-moda-de-milao-giorgio-armani-inverno-2014-14.jpg\"><img aria-describedby=\"caption-attachment-93345\" data-attachment-id=\"93345\" data-permalink=\"https:\/\/agrund.com\/index.php\/semana-masculina-de-moda-de-milao-giorgio-armani-inverno-2014\/semana-masculina-de-moda-de-milao-giorgio-armani-inverno-2014-14\/\" data-orig-file=\"https:\/\/i0.wp.com\/agrund.com\/wp-content\/uploads\/sites\/6\/2014\/01\/semana-masculina-de-moda-de-milao-giorgio-armani-inverno-2014-14.jpg?fit=450%2C675&amp;ssl=1\" data-orig-size=\"450,675\" data-comments-opened=\"1\" data-image-meta=\"{&quot;aperture&quot;:&quot;4&quot;,&quot;credit&quot;:&quot;Marcus Tondo&quot;,&quot;camera&quot;:&quot;Canon EOS-1D Mark IV&quot;,&quot;caption&quot;:&quot;&quot;,&quot;created_timestamp&quot;:&quot;1389702367&quot;,&quot;copyright&quot;:&quot;Photo: Marcus Tondo \\\/ Indigitalimages.com&quot;,&quot;focal_length&quot;:&quot;135&quot;,&quot;iso&quot;:&quot;1600&quot;,&quot;shutter_speed&quot;:&quot;0.0025&quot;,&quot;title&quot;:&quot;&quot;}\" data-image-title=\"semana-masculina-de-moda-de-milao-giorgio-armani-inverno-2014 (14)\" data-image-description=\"\" data-image-caption=\"&lt;p&gt;Semana Masculina de Moda de Mil\u00e3o :: Giorgio Armani Inverno 2014&lt;\/p&gt;\n\" data-medium-file=\"https:\/\/i0.wp.com\/agrund.com\/wp-content\/uploads\/sites\/6\/2014\/01\/semana-masculina-de-moda-de-milao-giorgio-armani-inverno-2014-14.jpg?fit=200%2C300&amp;ssl=1\" data-large-file=\"https:\/\/i0.wp.com\/agrund.com\/wp-content\/uploads\/sites\/6\/2014\/01\/semana-masculina-de-moda-de-milao-giorgio-armani-inverno-2014-14.jpg?fit=450%2C675&amp;ssl=1\" decoding=\"async\" loading=\"lazy\" class=\"size-large wp-image-93345\" alt=\"Semana Masculina de Moda de Mil\u00e3o :: Giorgio Armani Inverno 2014\" src=\"https:\/\/i0.wp.com\/www.agrund.com\/wp-content\/uploads\/sites\/6\/cache\/2014\/01\/semana-masculina-de-moda-de-milao-giorgio-armani-inverno-2014-14\/2453675927.jpg?resize=450%2C675\" width=\"450\" height=\"675\" data-recalc-dims=\"1\" \/><\/a><p id=\"caption-attachment-93345\" class=\"wp-caption-text\">Semana Masculina de Moda de Mil\u00e3o :: Giorgio Armani Inverno 2014<\/p><\/div>\n<div id=\"attachment_93344\" style=\"width: 460px\" class=\"wp-caption aligncenter\"><a href=\"https:\/\/i0.wp.com\/www.agrund.com\/wp-content\/uploads\/sites\/6\/2014\/01\/semana-masculina-de-moda-de-milao-giorgio-armani-inverno-2014-13.jpg\"><img aria-describedby=\"caption-attachment-93344\" data-attachment-id=\"93344\" data-permalink=\"https:\/\/agrund.com\/index.php\/semana-masculina-de-moda-de-milao-giorgio-armani-inverno-2014\/semana-masculina-de-moda-de-milao-giorgio-armani-inverno-2014-13\/\" data-orig-file=\"https:\/\/i0.wp.com\/agrund.com\/wp-content\/uploads\/sites\/6\/2014\/01\/semana-masculina-de-moda-de-milao-giorgio-armani-inverno-2014-13.jpg?fit=450%2C675&amp;ssl=1\" data-orig-size=\"450,675\" data-comments-opened=\"1\" data-image-meta=\"{&quot;aperture&quot;:&quot;4&quot;,&quot;credit&quot;:&quot;Marcus Tondo&quot;,&quot;camera&quot;:&quot;Canon EOS-1D Mark IV&quot;,&quot;caption&quot;:&quot;&quot;,&quot;created_timestamp&quot;:&quot;1389702414&quot;,&quot;copyright&quot;:&quot;Photo: Marcus Tondo \\\/ Indigitalimages.com&quot;,&quot;focal_length&quot;:&quot;84&quot;,&quot;iso&quot;:&quot;1600&quot;,&quot;shutter_speed&quot;:&quot;0.0025&quot;,&quot;title&quot;:&quot;&quot;}\" data-image-title=\"semana-masculina-de-moda-de-milao-giorgio-armani-inverno-2014 (13)\" data-image-description=\"\" data-image-caption=\"&lt;p&gt;Semana Masculina de Moda de Mil\u00e3o :: Giorgio Armani Inverno 2014&lt;\/p&gt;\n\" data-medium-file=\"https:\/\/i0.wp.com\/agrund.com\/wp-content\/uploads\/sites\/6\/2014\/01\/semana-masculina-de-moda-de-milao-giorgio-armani-inverno-2014-13.jpg?fit=200%2C300&amp;ssl=1\" data-large-file=\"https:\/\/i0.wp.com\/agrund.com\/wp-content\/uploads\/sites\/6\/2014\/01\/semana-masculina-de-moda-de-milao-giorgio-armani-inverno-2014-13.jpg?fit=450%2C675&amp;ssl=1\" decoding=\"async\" loading=\"lazy\" class=\"size-large wp-image-93344\" alt=\"Semana Masculina de Moda de Mil\u00e3o :: Giorgio Armani Inverno 2014\" src=\"https:\/\/i0.wp.com\/www.agrund.com\/wp-content\/uploads\/sites\/6\/cache\/2014\/01\/semana-masculina-de-moda-de-milao-giorgio-armani-inverno-2014-13\/2558858894.jpg?resize=450%2C675\" width=\"450\" height=\"675\" data-recalc-dims=\"1\" \/><\/a><p id=\"caption-attachment-93344\" class=\"wp-caption-text\">Semana Masculina de Moda de Mil\u00e3o :: Giorgio Armani Inverno 2014<\/p><\/div>\n<div id=\"attachment_93343\" style=\"width: 460px\" class=\"wp-caption aligncenter\"><a href=\"https:\/\/i0.wp.com\/www.agrund.com\/wp-content\/uploads\/sites\/6\/2014\/01\/semana-masculina-de-moda-de-milao-giorgio-armani-inverno-2014-12.jpg\"><img aria-describedby=\"caption-attachment-93343\" data-attachment-id=\"93343\" data-permalink=\"https:\/\/agrund.com\/index.php\/semana-masculina-de-moda-de-milao-giorgio-armani-inverno-2014\/semana-masculina-de-moda-de-milao-giorgio-armani-inverno-2014-12\/\" data-orig-file=\"https:\/\/i0.wp.com\/agrund.com\/wp-content\/uploads\/sites\/6\/2014\/01\/semana-masculina-de-moda-de-milao-giorgio-armani-inverno-2014-12.jpg?fit=450%2C675&amp;ssl=1\" data-orig-size=\"450,675\" data-comments-opened=\"1\" data-image-meta=\"{&quot;aperture&quot;:&quot;4&quot;,&quot;credit&quot;:&quot;Marcus Tondo&quot;,&quot;camera&quot;:&quot;Canon EOS-1D Mark IV&quot;,&quot;caption&quot;:&quot;&quot;,&quot;created_timestamp&quot;:&quot;1389702439&quot;,&quot;copyright&quot;:&quot;Photo: Marcus Tondo \\\/ Indigitalimages.com&quot;,&quot;focal_length&quot;:&quot;104&quot;,&quot;iso&quot;:&quot;1600&quot;,&quot;shutter_speed&quot;:&quot;0.0025&quot;,&quot;title&quot;:&quot;&quot;}\" data-image-title=\"semana-masculina-de-moda-de-milao-giorgio-armani-inverno-2014 (12)\" data-image-description=\"\" data-image-caption=\"&lt;p&gt;Semana Masculina de Moda de Mil\u00e3o :: Giorgio Armani Inverno 2014&lt;\/p&gt;\n\" data-medium-file=\"https:\/\/i0.wp.com\/agrund.com\/wp-content\/uploads\/sites\/6\/2014\/01\/semana-masculina-de-moda-de-milao-giorgio-armani-inverno-2014-12.jpg?fit=200%2C300&amp;ssl=1\" data-large-file=\"https:\/\/i0.wp.com\/agrund.com\/wp-content\/uploads\/sites\/6\/2014\/01\/semana-masculina-de-moda-de-milao-giorgio-armani-inverno-2014-12.jpg?fit=450%2C675&amp;ssl=1\" decoding=\"async\" loading=\"lazy\" class=\"size-large wp-image-93343\" alt=\"Semana Masculina de Moda de Mil\u00e3o :: Giorgio Armani Inverno 2014\" src=\"https:\/\/i0.wp.com\/www.agrund.com\/wp-content\/uploads\/sites\/6\/cache\/2014\/01\/semana-masculina-de-moda-de-milao-giorgio-armani-inverno-2014-12\/1412371984.jpg?resize=450%2C675\" width=\"450\" height=\"675\" data-recalc-dims=\"1\" \/><\/a><p id=\"caption-attachment-93343\" class=\"wp-caption-text\">Semana Masculina de Moda de Mil\u00e3o :: Giorgio Armani Inverno 2014<\/p><\/div>\n<div id=\"attachment_93342\" style=\"width: 460px\" class=\"wp-caption aligncenter\"><a href=\"https:\/\/i0.wp.com\/www.agrund.com\/wp-content\/uploads\/sites\/6\/2014\/01\/semana-masculina-de-moda-de-milao-giorgio-armani-inverno-2014-11.jpg\"><img aria-describedby=\"caption-attachment-93342\" data-attachment-id=\"93342\" data-permalink=\"https:\/\/agrund.com\/index.php\/semana-masculina-de-moda-de-milao-giorgio-armani-inverno-2014\/semana-masculina-de-moda-de-milao-giorgio-armani-inverno-2014-11\/\" data-orig-file=\"https:\/\/i0.wp.com\/agrund.com\/wp-content\/uploads\/sites\/6\/2014\/01\/semana-masculina-de-moda-de-milao-giorgio-armani-inverno-2014-11.jpg?fit=450%2C675&amp;ssl=1\" data-orig-size=\"450,675\" data-comments-opened=\"1\" data-image-meta=\"{&quot;aperture&quot;:&quot;4&quot;,&quot;credit&quot;:&quot;Marcus Tondo&quot;,&quot;camera&quot;:&quot;Canon EOS-1D Mark IV&quot;,&quot;caption&quot;:&quot;&quot;,&quot;created_timestamp&quot;:&quot;1389702437&quot;,&quot;copyright&quot;:&quot;Photo: Marcus Tondo \\\/ Indigitalimages.com&quot;,&quot;focal_length&quot;:&quot;73&quot;,&quot;iso&quot;:&quot;1600&quot;,&quot;shutter_speed&quot;:&quot;0.0025&quot;,&quot;title&quot;:&quot;&quot;}\" data-image-title=\"semana-masculina-de-moda-de-milao-giorgio-armani-inverno-2014 (11)\" data-image-description=\"\" data-image-caption=\"&lt;p&gt;Semana Masculina de Moda de Mil\u00e3o :: Giorgio Armani Inverno 2014&lt;\/p&gt;\n\" data-medium-file=\"https:\/\/i0.wp.com\/agrund.com\/wp-content\/uploads\/sites\/6\/2014\/01\/semana-masculina-de-moda-de-milao-giorgio-armani-inverno-2014-11.jpg?fit=200%2C300&amp;ssl=1\" data-large-file=\"https:\/\/i0.wp.com\/agrund.com\/wp-content\/uploads\/sites\/6\/2014\/01\/semana-masculina-de-moda-de-milao-giorgio-armani-inverno-2014-11.jpg?fit=450%2C675&amp;ssl=1\" decoding=\"async\" loading=\"lazy\" class=\"size-large wp-image-93342\" alt=\"Semana Masculina de Moda de Mil\u00e3o :: Giorgio Armani Inverno 2014\" src=\"https:\/\/i0.wp.com\/www.agrund.com\/wp-content\/uploads\/sites\/6\/cache\/2014\/01\/semana-masculina-de-moda-de-milao-giorgio-armani-inverno-2014-11\/3667923443.jpg?resize=450%2C675\" width=\"450\" height=\"675\" data-recalc-dims=\"1\" \/><\/a><p id=\"caption-attachment-93342\" class=\"wp-caption-text\">Semana Masculina de Moda de Mil\u00e3o :: Giorgio Armani Inverno 2014<\/p><\/div>\n<div id=\"attachment_93341\" style=\"width: 460px\" class=\"wp-caption aligncenter\"><a href=\"https:\/\/i0.wp.com\/www.agrund.com\/wp-content\/uploads\/sites\/6\/2014\/01\/semana-masculina-de-moda-de-milao-giorgio-armani-inverno-2014-10.jpg\"><img aria-describedby=\"caption-attachment-93341\" data-attachment-id=\"93341\" data-permalink=\"https:\/\/agrund.com\/index.php\/semana-masculina-de-moda-de-milao-giorgio-armani-inverno-2014\/semana-masculina-de-moda-de-milao-giorgio-armani-inverno-2014-10\/\" data-orig-file=\"https:\/\/i0.wp.com\/agrund.com\/wp-content\/uploads\/sites\/6\/2014\/01\/semana-masculina-de-moda-de-milao-giorgio-armani-inverno-2014-10.jpg?fit=450%2C675&amp;ssl=1\" data-orig-size=\"450,675\" data-comments-opened=\"1\" data-image-meta=\"{&quot;aperture&quot;:&quot;4&quot;,&quot;credit&quot;:&quot;Marcus Tondo&quot;,&quot;camera&quot;:&quot;Canon EOS-1D Mark IV&quot;,&quot;caption&quot;:&quot;&quot;,&quot;created_timestamp&quot;:&quot;1389702405&quot;,&quot;copyright&quot;:&quot;Photo: Marcus Tondo \\\/ Indigitalimages.com&quot;,&quot;focal_length&quot;:&quot;98&quot;,&quot;iso&quot;:&quot;1600&quot;,&quot;shutter_speed&quot;:&quot;0.0025&quot;,&quot;title&quot;:&quot;&quot;}\" data-image-title=\"semana-masculina-de-moda-de-milao-giorgio-armani-inverno-2014 (10)\" data-image-description=\"\" data-image-caption=\"&lt;p&gt;Semana Masculina de Moda de Mil\u00e3o :: Giorgio Armani Inverno 2014&lt;\/p&gt;\n\" data-medium-file=\"https:\/\/i0.wp.com\/agrund.com\/wp-content\/uploads\/sites\/6\/2014\/01\/semana-masculina-de-moda-de-milao-giorgio-armani-inverno-2014-10.jpg?fit=200%2C300&amp;ssl=1\" data-large-file=\"https:\/\/i0.wp.com\/agrund.com\/wp-content\/uploads\/sites\/6\/2014\/01\/semana-masculina-de-moda-de-milao-giorgio-armani-inverno-2014-10.jpg?fit=450%2C675&amp;ssl=1\" decoding=\"async\" loading=\"lazy\" class=\"size-large wp-image-93341\" alt=\"Semana Masculina de Moda de Mil\u00e3o :: Giorgio Armani Inverno 2014\" src=\"https:\/\/i0.wp.com\/www.agrund.com\/wp-content\/uploads\/sites\/6\/cache\/2014\/01\/semana-masculina-de-moda-de-milao-giorgio-armani-inverno-2014-10\/369758573.jpg?resize=450%2C675\" width=\"450\" height=\"675\" data-recalc-dims=\"1\" \/><\/a><p id=\"caption-attachment-93341\" class=\"wp-caption-text\">Semana Masculina de Moda de Mil\u00e3o :: Giorgio Armani Inverno 2014<\/p><\/div>\n<div id=\"attachment_93340\" style=\"width: 460px\" class=\"wp-caption aligncenter\"><a href=\"https:\/\/i0.wp.com\/www.agrund.com\/wp-content\/uploads\/sites\/6\/2014\/01\/semana-masculina-de-moda-de-milao-giorgio-armani-inverno-2014-9.jpg\"><img aria-describedby=\"caption-attachment-93340\" data-attachment-id=\"93340\" data-permalink=\"https:\/\/agrund.com\/index.php\/semana-masculina-de-moda-de-milao-giorgio-armani-inverno-2014\/semana-masculina-de-moda-de-milao-giorgio-armani-inverno-2014-9\/\" data-orig-file=\"https:\/\/i0.wp.com\/agrund.com\/wp-content\/uploads\/sites\/6\/2014\/01\/semana-masculina-de-moda-de-milao-giorgio-armani-inverno-2014-9.jpg?fit=450%2C675&amp;ssl=1\" data-orig-size=\"450,675\" data-comments-opened=\"1\" data-image-meta=\"{&quot;aperture&quot;:&quot;4&quot;,&quot;credit&quot;:&quot;Marcus Tondo&quot;,&quot;camera&quot;:&quot;Canon EOS-1D Mark IV&quot;,&quot;caption&quot;:&quot;&quot;,&quot;created_timestamp&quot;:&quot;1389702389&quot;,&quot;copyright&quot;:&quot;Photo: Marcus Tondo \\\/ Indigitalimages.com&quot;,&quot;focal_length&quot;:&quot;140&quot;,&quot;iso&quot;:&quot;1600&quot;,&quot;shutter_speed&quot;:&quot;0.0025&quot;,&quot;title&quot;:&quot;&quot;}\" data-image-title=\"semana-masculina-de-moda-de-milao-giorgio-armani-inverno-2014 (9)\" data-image-description=\"\" data-image-caption=\"&lt;p&gt;Semana Masculina de Moda de Mil\u00e3o :: Giorgio Armani Inverno 2014&lt;\/p&gt;\n\" data-medium-file=\"https:\/\/i0.wp.com\/agrund.com\/wp-content\/uploads\/sites\/6\/2014\/01\/semana-masculina-de-moda-de-milao-giorgio-armani-inverno-2014-9.jpg?fit=200%2C300&amp;ssl=1\" data-large-file=\"https:\/\/i0.wp.com\/agrund.com\/wp-content\/uploads\/sites\/6\/2014\/01\/semana-masculina-de-moda-de-milao-giorgio-armani-inverno-2014-9.jpg?fit=450%2C675&amp;ssl=1\" decoding=\"async\" loading=\"lazy\" class=\"size-large wp-image-93340\" alt=\"Semana Masculina de Moda de Mil\u00e3o :: Giorgio Armani Inverno 2014\" src=\"https:\/\/i0.wp.com\/www.agrund.com\/wp-content\/uploads\/sites\/6\/cache\/2014\/01\/semana-masculina-de-moda-de-milao-giorgio-armani-inverno-2014-9\/425375285.jpg?resize=450%2C675\" width=\"450\" height=\"675\" data-recalc-dims=\"1\" \/><\/a><p id=\"caption-attachment-93340\" class=\"wp-caption-text\">Semana Masculina de Moda de Mil\u00e3o :: Giorgio Armani Inverno 2014<\/p><\/div>\n<div id=\"attachment_93339\" style=\"width: 460px\" class=\"wp-caption aligncenter\"><a href=\"https:\/\/i0.wp.com\/www.agrund.com\/wp-content\/uploads\/sites\/6\/2014\/01\/semana-masculina-de-moda-de-milao-giorgio-armani-inverno-2014-8.jpg\"><img aria-describedby=\"caption-attachment-93339\" data-attachment-id=\"93339\" data-permalink=\"https:\/\/agrund.com\/index.php\/semana-masculina-de-moda-de-milao-giorgio-armani-inverno-2014\/semana-masculina-de-moda-de-milao-giorgio-armani-inverno-2014-8\/\" data-orig-file=\"https:\/\/i0.wp.com\/agrund.com\/wp-content\/uploads\/sites\/6\/2014\/01\/semana-masculina-de-moda-de-milao-giorgio-armani-inverno-2014-8.jpg?fit=450%2C675&amp;ssl=1\" data-orig-size=\"450,675\" data-comments-opened=\"1\" data-image-meta=\"{&quot;aperture&quot;:&quot;4&quot;,&quot;credit&quot;:&quot;Marcus Tondo&quot;,&quot;camera&quot;:&quot;Canon EOS-1D Mark IV&quot;,&quot;caption&quot;:&quot;&quot;,&quot;created_timestamp&quot;:&quot;1389702355&quot;,&quot;copyright&quot;:&quot;Photo: Marcus Tondo \\\/ Indigitalimages.com&quot;,&quot;focal_length&quot;:&quot;81&quot;,&quot;iso&quot;:&quot;1600&quot;,&quot;shutter_speed&quot;:&quot;0.0025&quot;,&quot;title&quot;:&quot;&quot;}\" data-image-title=\"semana-masculina-de-moda-de-milao-giorgio-armani-inverno-2014 (8)\" data-image-description=\"\" data-image-caption=\"&lt;p&gt;Semana Masculina de Moda de Mil\u00e3o :: Giorgio Armani Inverno 2014&lt;\/p&gt;\n\" data-medium-file=\"https:\/\/i0.wp.com\/agrund.com\/wp-content\/uploads\/sites\/6\/2014\/01\/semana-masculina-de-moda-de-milao-giorgio-armani-inverno-2014-8.jpg?fit=200%2C300&amp;ssl=1\" data-large-file=\"https:\/\/i0.wp.com\/agrund.com\/wp-content\/uploads\/sites\/6\/2014\/01\/semana-masculina-de-moda-de-milao-giorgio-armani-inverno-2014-8.jpg?fit=450%2C675&amp;ssl=1\" decoding=\"async\" loading=\"lazy\" class=\"size-large wp-image-93339\" alt=\"Semana Masculina de Moda de Mil\u00e3o :: Giorgio Armani Inverno 2014\" src=\"https:\/\/i0.wp.com\/www.agrund.com\/wp-content\/uploads\/sites\/6\/cache\/2014\/01\/semana-masculina-de-moda-de-milao-giorgio-armani-inverno-2014-8\/3589322411.jpg?resize=450%2C675\" width=\"450\" height=\"675\" data-recalc-dims=\"1\" \/><\/a><p id=\"caption-attachment-93339\" class=\"wp-caption-text\">Semana Masculina de Moda de Mil\u00e3o :: Giorgio Armani Inverno 2014<\/p><\/div>\n<div id=\"attachment_93338\" style=\"width: 460px\" class=\"wp-caption aligncenter\"><a href=\"https:\/\/i0.wp.com\/www.agrund.com\/wp-content\/uploads\/sites\/6\/2014\/01\/semana-masculina-de-moda-de-milao-giorgio-armani-inverno-2014-7.jpg\"><img aria-describedby=\"caption-attachment-93338\" data-attachment-id=\"93338\" data-permalink=\"https:\/\/agrund.com\/index.php\/semana-masculina-de-moda-de-milao-giorgio-armani-inverno-2014\/semana-masculina-de-moda-de-milao-giorgio-armani-inverno-2014-7\/\" data-orig-file=\"https:\/\/i0.wp.com\/agrund.com\/wp-content\/uploads\/sites\/6\/2014\/01\/semana-masculina-de-moda-de-milao-giorgio-armani-inverno-2014-7.jpg?fit=450%2C675&amp;ssl=1\" data-orig-size=\"450,675\" data-comments-opened=\"1\" data-image-meta=\"{&quot;aperture&quot;:&quot;4&quot;,&quot;credit&quot;:&quot;Marcus Tondo&quot;,&quot;camera&quot;:&quot;Canon EOS-1D Mark IV&quot;,&quot;caption&quot;:&quot;&quot;,&quot;created_timestamp&quot;:&quot;1389702285&quot;,&quot;copyright&quot;:&quot;Photo: Marcus Tondo \\\/ Indigitalimages.com&quot;,&quot;focal_length&quot;:&quot;163&quot;,&quot;iso&quot;:&quot;1600&quot;,&quot;shutter_speed&quot;:&quot;0.0025&quot;,&quot;title&quot;:&quot;&quot;}\" data-image-title=\"semana-masculina-de-moda-de-milao-giorgio-armani-inverno-2014 (7)\" data-image-description=\"\" data-image-caption=\"&lt;p&gt;Semana Masculina de Moda de Mil\u00e3o :: Giorgio Armani Inverno 2014&lt;\/p&gt;\n\" data-medium-file=\"https:\/\/i0.wp.com\/agrund.com\/wp-content\/uploads\/sites\/6\/2014\/01\/semana-masculina-de-moda-de-milao-giorgio-armani-inverno-2014-7.jpg?fit=200%2C300&amp;ssl=1\" data-large-file=\"https:\/\/i0.wp.com\/agrund.com\/wp-content\/uploads\/sites\/6\/2014\/01\/semana-masculina-de-moda-de-milao-giorgio-armani-inverno-2014-7.jpg?fit=450%2C675&amp;ssl=1\" decoding=\"async\" loading=\"lazy\" class=\"size-large wp-image-93338\" alt=\"Semana Masculina de Moda de Mil\u00e3o :: Giorgio Armani Inverno 2014\" src=\"https:\/\/i0.wp.com\/www.agrund.com\/wp-content\/uploads\/sites\/6\/cache\/2014\/01\/semana-masculina-de-moda-de-milao-giorgio-armani-inverno-2014-7\/215000071.jpg?resize=450%2C675\" width=\"450\" height=\"675\" data-recalc-dims=\"1\" \/><\/a><p id=\"caption-attachment-93338\" class=\"wp-caption-text\">Semana Masculina de Moda de Mil\u00e3o :: Giorgio Armani Inverno 2014<\/p><\/div>\n<div id=\"attachment_93337\" style=\"width: 460px\" class=\"wp-caption aligncenter\"><a href=\"https:\/\/i0.wp.com\/www.agrund.com\/wp-content\/uploads\/sites\/6\/2014\/01\/semana-masculina-de-moda-de-milao-giorgio-armani-inverno-2014-6.jpg\"><img aria-describedby=\"caption-attachment-93337\" data-attachment-id=\"93337\" data-permalink=\"https:\/\/agrund.com\/index.php\/semana-masculina-de-moda-de-milao-giorgio-armani-inverno-2014\/semana-masculina-de-moda-de-milao-giorgio-armani-inverno-2014-6\/\" data-orig-file=\"https:\/\/i0.wp.com\/agrund.com\/wp-content\/uploads\/sites\/6\/2014\/01\/semana-masculina-de-moda-de-milao-giorgio-armani-inverno-2014-6.jpg?fit=450%2C675&amp;ssl=1\" data-orig-size=\"450,675\" data-comments-opened=\"1\" data-image-meta=\"{&quot;aperture&quot;:&quot;4&quot;,&quot;credit&quot;:&quot;Marcus Tondo&quot;,&quot;camera&quot;:&quot;Canon EOS-1D Mark IV&quot;,&quot;caption&quot;:&quot;&quot;,&quot;created_timestamp&quot;:&quot;1389702230&quot;,&quot;copyright&quot;:&quot;Photo: Marcus Tondo \\\/ Indigitalimages.com&quot;,&quot;focal_length&quot;:&quot;109&quot;,&quot;iso&quot;:&quot;1600&quot;,&quot;shutter_speed&quot;:&quot;0.0025&quot;,&quot;title&quot;:&quot;&quot;}\" data-image-title=\"semana-masculina-de-moda-de-milao-giorgio-armani-inverno-2014 (6)\" data-image-description=\"\" data-image-caption=\"&lt;p&gt;Semana Masculina de Moda de Mil\u00e3o :: Giorgio Armani Inverno 2014&lt;\/p&gt;\n\" data-medium-file=\"https:\/\/i0.wp.com\/agrund.com\/wp-content\/uploads\/sites\/6\/2014\/01\/semana-masculina-de-moda-de-milao-giorgio-armani-inverno-2014-6.jpg?fit=200%2C300&amp;ssl=1\" data-large-file=\"https:\/\/i0.wp.com\/agrund.com\/wp-content\/uploads\/sites\/6\/2014\/01\/semana-masculina-de-moda-de-milao-giorgio-armani-inverno-2014-6.jpg?fit=450%2C675&amp;ssl=1\" decoding=\"async\" loading=\"lazy\" class=\"size-large wp-image-93337\" alt=\"Semana Masculina de Moda de Mil\u00e3o :: Giorgio Armani Inverno 2014\" src=\"https:\/\/i0.wp.com\/www.agrund.com\/wp-content\/uploads\/sites\/6\/cache\/2014\/01\/semana-masculina-de-moda-de-milao-giorgio-armani-inverno-2014-6\/3229263001.jpg?resize=450%2C675\" width=\"450\" height=\"675\" data-recalc-dims=\"1\" \/><\/a><p id=\"caption-attachment-93337\" class=\"wp-caption-text\">Semana Masculina de Moda de Mil\u00e3o :: Giorgio Armani Inverno 2014<\/p><\/div>\n<div id=\"attachment_93336\" style=\"width: 460px\" class=\"wp-caption aligncenter\"><a href=\"https:\/\/i0.wp.com\/www.agrund.com\/wp-content\/uploads\/sites\/6\/2014\/01\/semana-masculina-de-moda-de-milao-giorgio-armani-inverno-2014-5.jpg\"><img aria-describedby=\"caption-attachment-93336\" data-attachment-id=\"93336\" data-permalink=\"https:\/\/agrund.com\/index.php\/semana-masculina-de-moda-de-milao-giorgio-armani-inverno-2014\/semana-masculina-de-moda-de-milao-giorgio-armani-inverno-2014-5\/\" data-orig-file=\"https:\/\/i0.wp.com\/agrund.com\/wp-content\/uploads\/sites\/6\/2014\/01\/semana-masculina-de-moda-de-milao-giorgio-armani-inverno-2014-5.jpg?fit=450%2C675&amp;ssl=1\" data-orig-size=\"450,675\" data-comments-opened=\"1\" data-image-meta=\"{&quot;aperture&quot;:&quot;4&quot;,&quot;credit&quot;:&quot;Marcus Tondo&quot;,&quot;camera&quot;:&quot;Canon EOS-1D Mark IV&quot;,&quot;caption&quot;:&quot;&quot;,&quot;created_timestamp&quot;:&quot;1389702211&quot;,&quot;copyright&quot;:&quot;Photo: Marcus Tondo \\\/ Indigitalimages.com&quot;,&quot;focal_length&quot;:&quot;109&quot;,&quot;iso&quot;:&quot;1600&quot;,&quot;shutter_speed&quot;:&quot;0.0025&quot;,&quot;title&quot;:&quot;&quot;}\" data-image-title=\"semana-masculina-de-moda-de-milao-giorgio-armani-inverno-2014 (5)\" data-image-description=\"\" data-image-caption=\"&lt;p&gt;Semana Masculina de Moda de Mil\u00e3o :: Giorgio Armani Inverno 2014&lt;\/p&gt;\n\" data-medium-file=\"https:\/\/i0.wp.com\/agrund.com\/wp-content\/uploads\/sites\/6\/2014\/01\/semana-masculina-de-moda-de-milao-giorgio-armani-inverno-2014-5.jpg?fit=200%2C300&amp;ssl=1\" data-large-file=\"https:\/\/i0.wp.com\/agrund.com\/wp-content\/uploads\/sites\/6\/2014\/01\/semana-masculina-de-moda-de-milao-giorgio-armani-inverno-2014-5.jpg?fit=450%2C675&amp;ssl=1\" decoding=\"async\" loading=\"lazy\" class=\"size-large wp-image-93336\" alt=\"Semana Masculina de Moda de Mil\u00e3o :: Giorgio Armani Inverno 2014\" src=\"https:\/\/i0.wp.com\/www.agrund.com\/wp-content\/uploads\/sites\/6\/cache\/2014\/01\/semana-masculina-de-moda-de-milao-giorgio-armani-inverno-2014-5\/1324721018.jpg?resize=450%2C675\" width=\"450\" height=\"675\" data-recalc-dims=\"1\" \/><\/a><p id=\"caption-attachment-93336\" class=\"wp-caption-text\">Semana Masculina de Moda de Mil\u00e3o :: Giorgio Armani Inverno 2014<\/p><\/div>\n<div id=\"attachment_93335\" style=\"width: 460px\" class=\"wp-caption aligncenter\"><a href=\"https:\/\/i0.wp.com\/www.agrund.com\/wp-content\/uploads\/sites\/6\/2014\/01\/semana-masculina-de-moda-de-milao-giorgio-armani-inverno-2014-4.jpg\"><img aria-describedby=\"caption-attachment-93335\" data-attachment-id=\"93335\" data-permalink=\"https:\/\/agrund.com\/index.php\/semana-masculina-de-moda-de-milao-giorgio-armani-inverno-2014\/semana-masculina-de-moda-de-milao-giorgio-armani-inverno-2014-4\/\" data-orig-file=\"https:\/\/i0.wp.com\/agrund.com\/wp-content\/uploads\/sites\/6\/2014\/01\/semana-masculina-de-moda-de-milao-giorgio-armani-inverno-2014-4.jpg?fit=450%2C675&amp;ssl=1\" data-orig-size=\"450,675\" data-comments-opened=\"1\" data-image-meta=\"{&quot;aperture&quot;:&quot;4&quot;,&quot;credit&quot;:&quot;Marcus Tondo&quot;,&quot;camera&quot;:&quot;Canon EOS-1D Mark IV&quot;,&quot;caption&quot;:&quot;&quot;,&quot;created_timestamp&quot;:&quot;1389702164&quot;,&quot;copyright&quot;:&quot;Photo: Marcus Tondo \\\/ Indigitalimages.com&quot;,&quot;focal_length&quot;:&quot;159&quot;,&quot;iso&quot;:&quot;1600&quot;,&quot;shutter_speed&quot;:&quot;0.0025&quot;,&quot;title&quot;:&quot;&quot;}\" data-image-title=\"semana-masculina-de-moda-de-milao-giorgio-armani-inverno-2014 (4)\" data-image-description=\"\" data-image-caption=\"&lt;p&gt;Semana Masculina de Moda de Mil\u00e3o :: Giorgio Armani Inverno 2014&lt;\/p&gt;\n\" data-medium-file=\"https:\/\/i0.wp.com\/agrund.com\/wp-content\/uploads\/sites\/6\/2014\/01\/semana-masculina-de-moda-de-milao-giorgio-armani-inverno-2014-4.jpg?fit=200%2C300&amp;ssl=1\" data-large-file=\"https:\/\/i0.wp.com\/agrund.com\/wp-content\/uploads\/sites\/6\/2014\/01\/semana-masculina-de-moda-de-milao-giorgio-armani-inverno-2014-4.jpg?fit=450%2C675&amp;ssl=1\" decoding=\"async\" loading=\"lazy\" class=\"size-large wp-image-93335\" alt=\"Semana Masculina de Moda de Mil\u00e3o :: Giorgio Armani Inverno 2014\" src=\"https:\/\/i0.wp.com\/www.agrund.com\/wp-content\/uploads\/sites\/6\/cache\/2014\/01\/semana-masculina-de-moda-de-milao-giorgio-armani-inverno-2014-4\/2187305956.jpg?resize=450%2C675\" width=\"450\" height=\"675\" data-recalc-dims=\"1\" \/><\/a><p id=\"caption-attachment-93335\" class=\"wp-caption-text\">Semana Masculina de Moda de Mil\u00e3o :: Giorgio Armani Inverno 2014<\/p><\/div>\n<div id=\"attachment_93334\" style=\"width: 460px\" class=\"wp-caption aligncenter\"><a href=\"https:\/\/i0.wp.com\/www.agrund.com\/wp-content\/uploads\/sites\/6\/2014\/01\/semana-masculina-de-moda-de-milao-giorgio-armani-inverno-2014-3.jpg\"><img aria-describedby=\"caption-attachment-93334\" data-attachment-id=\"93334\" data-permalink=\"https:\/\/agrund.com\/index.php\/semana-masculina-de-moda-de-milao-giorgio-armani-inverno-2014\/semana-masculina-de-moda-de-milao-giorgio-armani-inverno-2014-3\/\" data-orig-file=\"https:\/\/i0.wp.com\/agrund.com\/wp-content\/uploads\/sites\/6\/2014\/01\/semana-masculina-de-moda-de-milao-giorgio-armani-inverno-2014-3.jpg?fit=450%2C675&amp;ssl=1\" data-orig-size=\"450,675\" data-comments-opened=\"1\" data-image-meta=\"{&quot;aperture&quot;:&quot;4&quot;,&quot;credit&quot;:&quot;Marcus Tondo&quot;,&quot;camera&quot;:&quot;Canon EOS-1D Mark IV&quot;,&quot;caption&quot;:&quot;&quot;,&quot;created_timestamp&quot;:&quot;1389702119&quot;,&quot;copyright&quot;:&quot;Photo: Marcus Tondo \\\/ Indigitalimages.com&quot;,&quot;focal_length&quot;:&quot;140&quot;,&quot;iso&quot;:&quot;1600&quot;,&quot;shutter_speed&quot;:&quot;0.0025&quot;,&quot;title&quot;:&quot;&quot;}\" data-image-title=\"semana-masculina-de-moda-de-milao-giorgio-armani-inverno-2014 (3)\" data-image-description=\"\" data-image-caption=\"&lt;p&gt;Semana Masculina de Moda de Mil\u00e3o :: Giorgio Armani Inverno 2014&lt;\/p&gt;\n\" data-medium-file=\"https:\/\/i0.wp.com\/agrund.com\/wp-content\/uploads\/sites\/6\/2014\/01\/semana-masculina-de-moda-de-milao-giorgio-armani-inverno-2014-3.jpg?fit=200%2C300&amp;ssl=1\" data-large-file=\"https:\/\/i0.wp.com\/agrund.com\/wp-content\/uploads\/sites\/6\/2014\/01\/semana-masculina-de-moda-de-milao-giorgio-armani-inverno-2014-3.jpg?fit=450%2C675&amp;ssl=1\" decoding=\"async\" loading=\"lazy\" class=\"size-large wp-image-93334\" alt=\"Semana Masculina de Moda de Mil\u00e3o :: Giorgio Armani Inverno 2014\" src=\"https:\/\/i0.wp.com\/www.agrund.com\/wp-content\/uploads\/sites\/6\/cache\/2014\/01\/semana-masculina-de-moda-de-milao-giorgio-armani-inverno-2014-3\/2291837693.jpg?resize=450%2C675\" width=\"450\" height=\"675\" data-recalc-dims=\"1\" \/><\/a><p id=\"caption-attachment-93334\" class=\"wp-caption-text\">Semana Masculina de Moda de Mil\u00e3o :: Giorgio Armani Inverno 2014<\/p><\/div>\n<div id=\"attachment_93333\" style=\"width: 460px\" class=\"wp-caption aligncenter\"><a href=\"https:\/\/i0.wp.com\/www.agrund.com\/wp-content\/uploads\/sites\/6\/2014\/01\/semana-masculina-de-moda-de-milao-giorgio-armani-inverno-2014-2.jpg\"><img aria-describedby=\"caption-attachment-93333\" data-attachment-id=\"93333\" data-permalink=\"https:\/\/agrund.com\/index.php\/semana-masculina-de-moda-de-milao-giorgio-armani-inverno-2014\/semana-masculina-de-moda-de-milao-giorgio-armani-inverno-2014-2\/\" data-orig-file=\"https:\/\/i0.wp.com\/agrund.com\/wp-content\/uploads\/sites\/6\/2014\/01\/semana-masculina-de-moda-de-milao-giorgio-armani-inverno-2014-2.jpg?fit=450%2C675&amp;ssl=1\" data-orig-size=\"450,675\" data-comments-opened=\"1\" data-image-meta=\"{&quot;aperture&quot;:&quot;4&quot;,&quot;credit&quot;:&quot;Marcus Tondo&quot;,&quot;camera&quot;:&quot;Canon EOS-1D Mark IV&quot;,&quot;caption&quot;:&quot;&quot;,&quot;created_timestamp&quot;:&quot;1389702087&quot;,&quot;copyright&quot;:&quot;Photo: Marcus Tondo \\\/ Indigitalimages.com&quot;,&quot;focal_length&quot;:&quot;163&quot;,&quot;iso&quot;:&quot;1600&quot;,&quot;shutter_speed&quot;:&quot;0.0025&quot;,&quot;title&quot;:&quot;&quot;}\" data-image-title=\"semana-masculina-de-moda-de-milao-giorgio-armani-inverno-2014 (2)\" data-image-description=\"\" data-image-caption=\"&lt;p&gt;Semana Masculina de Moda de Mil\u00e3o :: Giorgio Armani Inverno 2014&lt;\/p&gt;\n\" data-medium-file=\"https:\/\/i0.wp.com\/agrund.com\/wp-content\/uploads\/sites\/6\/2014\/01\/semana-masculina-de-moda-de-milao-giorgio-armani-inverno-2014-2.jpg?fit=200%2C300&amp;ssl=1\" data-large-file=\"https:\/\/i0.wp.com\/agrund.com\/wp-content\/uploads\/sites\/6\/2014\/01\/semana-masculina-de-moda-de-milao-giorgio-armani-inverno-2014-2.jpg?fit=450%2C675&amp;ssl=1\" decoding=\"async\" loading=\"lazy\" class=\"size-large wp-image-93333\" alt=\"Semana Masculina de Moda de Mil\u00e3o :: Giorgio Armani Inverno 2014\" src=\"https:\/\/i0.wp.com\/www.agrund.com\/wp-content\/uploads\/sites\/6\/cache\/2014\/01\/semana-masculina-de-moda-de-milao-giorgio-armani-inverno-2014-2\/1144040035.jpg?resize=450%2C675\" width=\"450\" height=\"675\" data-recalc-dims=\"1\" \/><\/a><p id=\"caption-attachment-93333\" class=\"wp-caption-text\">Semana Masculina de Moda de Mil\u00e3o :: Giorgio Armani Inverno 2014<\/p><\/div>\n<p>Imagens: Reprodu\u00e7\u00e3o.<\/p>\n","protected":false},"excerpt":{"rendered":"<p>O clima esportivo marcou a apresenta\u00e7\u00e3o Inverno 2014\/2015 de Giorgio Armani. O que mais chama aten\u00e7\u00e3o s\u00e3o as cal\u00e7as que apareceram amplas e confort\u00e1veis. O metalizado deu o tom moderno aos modelos meio baggy anos 80, lembra? O styling segue a tend\u00eancia da temporada usando jaquetas e casacos sobrepostos a ternos. As camisas apareceram com [&hellip;]<\/p>\n","protected":false},"author":1,"featured_media":93346,"comment_status":"open","ping_status":"open","sticky":false,"template":"","format":"standard","meta":{"jetpack_post_was_ever_published":false,"_jetpack_newsletter_access":"","jetpack_publicize_message":"","jetpack_is_tweetstorm":false,"jetpack_publicize_feature_enabled":true,"jetpack_social_post_already_shared":true,"jetpack_social_options":{"image_generator_settings":{"template":"highway","enabled":false}}},"categories":[21,2],"tags":[],"jetpack_publicize_connections":[],"jetpack_featured_media_url":"https:\/\/i0.wp.com\/agrund.com\/wp-content\/uploads\/sites\/6\/2014\/01\/slide69.jpg?fit=960%2C320&ssl=1","jetpack_sharing_enabled":true,"jetpack_shortlink":"https:\/\/wp.me\/p3Hz0n-ohl","jetpack_likes_enabled":true,"_links":{"self":[{"href":"https:\/\/agrund.com\/index.php\/wp-json\/wp\/v2\/posts\/93331"}],"collection":[{"href":"https:\/\/agrund.com\/index.php\/wp-json\/wp\/v2\/posts"}],"about":[{"href":"https:\/\/agrund.com\/index.php\/wp-json\/wp\/v2\/types\/post"}],"author":[{"embeddable":true,"href":"https:\/\/agrund.com\/index.php\/wp-json\/wp\/v2\/users\/1"}],"replies":[{"embeddable":true,"href":"https:\/\/agrund.com\/index.php\/wp-json\/wp\/v2\/comments?post=93331"}],"version-history":[{"count":0,"href":"https:\/\/agrund.com\/index.php\/wp-json\/wp\/v2\/posts\/93331\/revisions"}],"wp:featuredmedia":[{"embeddable":true,"href":"https:\/\/agrund.com\/index.php\/wp-json\/wp\/v2\/media\/93346"}],"wp:attachment":[{"href":"https:\/\/agrund.com\/index.php\/wp-json\/wp\/v2\/media?parent=93331"}],"wp:term":[{"taxonomy":"category","embeddable":true,"href":"https:\/\/agrund.com\/index.php\/wp-json\/wp\/v2\/categories?post=93331"},{"taxonomy":"post_tag","embeddable":true,"href":"https:\/\/agrund.com\/index.php\/wp-json\/wp\/v2\/tags?post=93331"}],"curies":[{"name":"wp","href":"https:\/\/api.w.org\/{rel}","templated":true}]}}