{"id":93325,"date":"2014-01-14T22:00:00","date_gmt":"2014-01-15T00:00:00","guid":{"rendered":"http:\/\/www.agrund.com\/?p=93325"},"modified":"2014-01-14T15:19:18","modified_gmt":"2014-01-14T17:19:18","slug":"mercedes-benz-reune-moda-luxo-e-futebol","status":"publish","type":"post","link":"https:\/\/agrund.com\/index.php\/mercedes-benz-reune-moda-luxo-e-futebol\/","title":{"rendered":"Mercedes-Benz re\u00fane moda, luxo e futebol"},"content":{"rendered":"<p>A modelo Stefani Medeiros foi a escolhida para incorporar a autenticidade da inglesa Twiggi, que fez sucesso na d\u00e9cada de 60. A foto de Luiz Tripolli faz parte de um ensaio especial para a Mercedes-Benz, e faz homenagem \u00e0 Inglaterra. Na imagem aparece um sucesso da marca na d\u00e9cada de 1960, o 280 L, tamb\u00e9m conhecido como Pagoda.<\/p>\n<p>O objetivo das 10 fotos selecionadas pela empresa alem\u00e3 \u00e9 homenagear os pa\u00edses que ganharam campeonatos mundiais de futebol. A sele\u00e7\u00e3o de fotos estar\u00e1 em evid\u00eancia no evento anual da marca, o Mercedes-Benz TOP NIGHT 2014, que ser\u00e1 no dia 28 de janeiro.<\/p>\n<div id=\"attachment_93326\" style=\"width: 560px\" class=\"wp-caption aligncenter\"><a href=\"https:\/\/i0.wp.com\/www.agrund.com\/wp-content\/uploads\/sites\/6\/2014\/01\/mercedes-benz-reune-moda-luxo-e-futebol-1.jpg\"><img aria-describedby=\"caption-attachment-93326\" data-attachment-id=\"93326\" data-permalink=\"https:\/\/agrund.com\/index.php\/mercedes-benz-reune-moda-luxo-e-futebol\/mercedes-benz-reune-moda-luxo-e-futebol-1\/\" data-orig-file=\"https:\/\/i0.wp.com\/agrund.com\/wp-content\/uploads\/sites\/6\/2014\/01\/mercedes-benz-reune-moda-luxo-e-futebol-1.jpg?fit=550%2C374&amp;ssl=1\" data-orig-size=\"550,374\" data-comments-opened=\"1\" data-image-meta=\"{&quot;aperture&quot;:&quot;0&quot;,&quot;credit&quot;:&quot;&quot;,&quot;camera&quot;:&quot;&quot;,&quot;caption&quot;:&quot;&quot;,&quot;created_timestamp&quot;:&quot;0&quot;,&quot;copyright&quot;:&quot;&quot;,&quot;focal_length&quot;:&quot;0&quot;,&quot;iso&quot;:&quot;0&quot;,&quot;shutter_speed&quot;:&quot;0&quot;,&quot;title&quot;:&quot;&quot;}\" data-image-title=\"mercedes-benz-reune-moda-luxo-e-futebol (1)\" data-image-description=\"\" data-image-caption=\"&lt;p&gt;Mercedes-Benz re\u00fane moda, luxo e futebol&lt;\/p&gt;\n\" data-medium-file=\"https:\/\/i0.wp.com\/agrund.com\/wp-content\/uploads\/sites\/6\/2014\/01\/mercedes-benz-reune-moda-luxo-e-futebol-1.jpg?fit=300%2C203&amp;ssl=1\" data-large-file=\"https:\/\/i0.wp.com\/agrund.com\/wp-content\/uploads\/sites\/6\/2014\/01\/mercedes-benz-reune-moda-luxo-e-futebol-1.jpg?fit=550%2C374&amp;ssl=1\" decoding=\"async\" loading=\"lazy\" class=\"size-large wp-image-93326\" alt=\"Mercedes-Benz re\u00fane moda, luxo e futebol\" src=\"https:\/\/i0.wp.com\/www.agrund.com\/wp-content\/uploads\/sites\/6\/cache\/2014\/01\/mercedes-benz-reune-moda-luxo-e-futebol-1\/3840360936.jpg?resize=550%2C374\" width=\"550\" height=\"374\" data-recalc-dims=\"1\" \/><\/a><p id=\"caption-attachment-93326\" class=\"wp-caption-text\">Mercedes-Benz re\u00fane moda, luxo e futebol<\/p><\/div>\n<div id=\"attachment_93327\" style=\"width: 560px\" class=\"wp-caption aligncenter\"><a href=\"https:\/\/i0.wp.com\/www.agrund.com\/wp-content\/uploads\/sites\/6\/2014\/01\/mercedes-benz-reune-moda-luxo-e-futebol-2.jpg\"><img aria-describedby=\"caption-attachment-93327\" data-attachment-id=\"93327\" data-permalink=\"https:\/\/agrund.com\/index.php\/mercedes-benz-reune-moda-luxo-e-futebol\/mercedes-benz-reune-moda-luxo-e-futebol-2\/\" data-orig-file=\"https:\/\/i0.wp.com\/agrund.com\/wp-content\/uploads\/sites\/6\/2014\/01\/mercedes-benz-reune-moda-luxo-e-futebol-2.jpg?fit=550%2C312&amp;ssl=1\" data-orig-size=\"550,312\" data-comments-opened=\"1\" data-image-meta=\"{&quot;aperture&quot;:&quot;0&quot;,&quot;credit&quot;:&quot;&quot;,&quot;camera&quot;:&quot;&quot;,&quot;caption&quot;:&quot;&quot;,&quot;created_timestamp&quot;:&quot;0&quot;,&quot;copyright&quot;:&quot;&quot;,&quot;focal_length&quot;:&quot;0&quot;,&quot;iso&quot;:&quot;0&quot;,&quot;shutter_speed&quot;:&quot;0&quot;,&quot;title&quot;:&quot;&quot;}\" data-image-title=\"mercedes-benz-reune-moda-luxo-e-futebol (2)\" data-image-description=\"\" data-image-caption=\"&lt;p&gt;Mercedes-Benz re\u00fane moda, luxo e futebol&lt;\/p&gt;\n\" data-medium-file=\"https:\/\/i0.wp.com\/agrund.com\/wp-content\/uploads\/sites\/6\/2014\/01\/mercedes-benz-reune-moda-luxo-e-futebol-2.jpg?fit=300%2C170&amp;ssl=1\" data-large-file=\"https:\/\/i0.wp.com\/agrund.com\/wp-content\/uploads\/sites\/6\/2014\/01\/mercedes-benz-reune-moda-luxo-e-futebol-2.jpg?fit=550%2C312&amp;ssl=1\" decoding=\"async\" loading=\"lazy\" class=\"size-large wp-image-93327\" alt=\"Mercedes-Benz re\u00fane moda, luxo e futebol\" src=\"https:\/\/i0.wp.com\/www.agrund.com\/wp-content\/uploads\/sites\/6\/cache\/2014\/01\/mercedes-benz-reune-moda-luxo-e-futebol-2\/1785218571.jpg?resize=550%2C312\" width=\"550\" height=\"312\" data-recalc-dims=\"1\" \/><\/a><p id=\"caption-attachment-93327\" class=\"wp-caption-text\">Mercedes-Benz re\u00fane moda, luxo e futebol<\/p><\/div>\n<p>Imagens: Divulga\u00e7\u00e3o.<\/p>\n","protected":false},"excerpt":{"rendered":"<p>A modelo Stefani Medeiros foi a escolhida para incorporar a autenticidade da inglesa Twiggi, que fez sucesso na d\u00e9cada de 60. A foto de Luiz Tripolli faz parte de um ensaio especial para a Mercedes-Benz, e faz homenagem \u00e0 Inglaterra. Na imagem aparece um sucesso da marca na d\u00e9cada de 1960, o 280 L, tamb\u00e9m [&hellip;]<\/p>\n","protected":false},"author":1,"featured_media":93328,"comment_status":"open","ping_status":"open","sticky":false,"template":"","format":"standard","meta":{"jetpack_post_was_ever_published":false,"_jetpack_newsletter_access":"","jetpack_publicize_message":"","jetpack_is_tweetstorm":false,"jetpack_publicize_feature_enabled":true,"jetpack_social_post_already_shared":true,"jetpack_social_options":{"image_generator_settings":{"template":"highway","enabled":false}}},"categories":[2],"tags":[],"jetpack_publicize_connections":[],"jetpack_featured_media_url":"https:\/\/i0.wp.com\/agrund.com\/wp-content\/uploads\/sites\/6\/2014\/01\/slideme.jpg?fit=960%2C300&ssl=1","jetpack_sharing_enabled":true,"jetpack_shortlink":"https:\/\/wp.me\/p3Hz0n-ohf","jetpack_likes_enabled":true,"_links":{"self":[{"href":"https:\/\/agrund.com\/index.php\/wp-json\/wp\/v2\/posts\/93325"}],"collection":[{"href":"https:\/\/agrund.com\/index.php\/wp-json\/wp\/v2\/posts"}],"about":[{"href":"https:\/\/agrund.com\/index.php\/wp-json\/wp\/v2\/types\/post"}],"author":[{"embeddable":true,"href":"https:\/\/agrund.com\/index.php\/wp-json\/wp\/v2\/users\/1"}],"replies":[{"embeddable":true,"href":"https:\/\/agrund.com\/index.php\/wp-json\/wp\/v2\/comments?post=93325"}],"version-history":[{"count":0,"href":"https:\/\/agrund.com\/index.php\/wp-json\/wp\/v2\/posts\/93325\/revisions"}],"wp:featuredmedia":[{"embeddable":true,"href":"https:\/\/agrund.com\/index.php\/wp-json\/wp\/v2\/media\/93328"}],"wp:attachment":[{"href":"https:\/\/agrund.com\/index.php\/wp-json\/wp\/v2\/media?parent=93325"}],"wp:term":[{"taxonomy":"category","embeddable":true,"href":"https:\/\/agrund.com\/index.php\/wp-json\/wp\/v2\/categories?post=93325"},{"taxonomy":"post_tag","embeddable":true,"href":"https:\/\/agrund.com\/index.php\/wp-json\/wp\/v2\/tags?post=93325"}],"curies":[{"name":"wp","href":"https:\/\/api.w.org\/{rel}","templated":true}]}}