{"id":93282,"date":"2014-01-14T17:00:18","date_gmt":"2014-01-14T19:00:18","guid":{"rendered":"http:\/\/www.agrund.com\/?p=93282"},"modified":"2014-01-14T12:48:31","modified_gmt":"2014-01-14T14:48:31","slug":"semana-masculina-de-moda-de-milao-fendi-inverno-2014","status":"publish","type":"post","link":"https:\/\/agrund.com\/index.php\/semana-masculina-de-moda-de-milao-fendi-inverno-2014\/","title":{"rendered":"Semana Masculina de Moda de Mil\u00e3o :: Fendi Inverno 2014"},"content":{"rendered":"<p>A apresenta\u00e7\u00e3o da cole\u00e7\u00e3o masculina Fendi Inverno 2014\/2015 veio cheia de refer\u00eancias a essa nova cara jovem que a marca est\u00e1 come\u00e7ando a ter e com uma pegada de moda que alguns brasileiros podem at\u00e9 estranhar. Mas s\u00f3 no come\u00e7o, depois acostuma! O tric\u00f4 vem junto com um p\u00ealo que imita o desgaste da malha e o trabalho de sobreposi\u00e7\u00e3o consegue ser in\u00e9dito diante de tudo que j\u00e1 vimos essa semana em Mil\u00e3o. As jaquetas de cashmere com jacquard em forma dos seres criados pela Fendi trazem um toque l\u00fadico ao sisudo guarda roupa masculino. A jaqueta curta foi mostrada em v\u00e1rias mat\u00e9rias, o que deixa a clientela tranq\u00fcila por saber qual a sua ou irrequieta por querer todas elas. Ela vem mais pr\u00f3xima ao corpo como se a alfaiataria fosse de neoprene ou elastano. Confira aqui algumas imagens!<\/p>\n<div id=\"attachment_93283\" style=\"width: 460px\" class=\"wp-caption aligncenter\"><a href=\"https:\/\/i0.wp.com\/www.agrund.com\/wp-content\/uploads\/sites\/6\/2014\/01\/semana-masculina-de-moda-de-milao-fendi-inverno-2014-1.jpg\"><img aria-describedby=\"caption-attachment-93283\" data-attachment-id=\"93283\" data-permalink=\"https:\/\/agrund.com\/index.php\/semana-masculina-de-moda-de-milao-fendi-inverno-2014\/semana-masculina-de-moda-de-milao-fendi-inverno-2014-1\/\" data-orig-file=\"https:\/\/i0.wp.com\/agrund.com\/wp-content\/uploads\/sites\/6\/2014\/01\/semana-masculina-de-moda-de-milao-fendi-inverno-2014-1.jpg?fit=450%2C675&amp;ssl=1\" data-orig-size=\"450,675\" data-comments-opened=\"1\" data-image-meta=\"{&quot;aperture&quot;:&quot;0&quot;,&quot;credit&quot;:&quot;&quot;,&quot;camera&quot;:&quot;&quot;,&quot;caption&quot;:&quot;&quot;,&quot;created_timestamp&quot;:&quot;0&quot;,&quot;copyright&quot;:&quot;Photo: Yannis Vlamos \\\/ Indigitalimages.com&quot;,&quot;focal_length&quot;:&quot;0&quot;,&quot;iso&quot;:&quot;0&quot;,&quot;shutter_speed&quot;:&quot;0&quot;,&quot;title&quot;:&quot;&quot;}\" data-image-title=\"semana-masculina-de-moda-de-milao-fendi-inverno-2014 (1)\" data-image-description=\"\" data-image-caption=\"&lt;p&gt;Semana Masculina de Moda de Mil\u00e3o :: Fendi Inverno 2014&lt;\/p&gt;\n\" data-medium-file=\"https:\/\/i0.wp.com\/agrund.com\/wp-content\/uploads\/sites\/6\/2014\/01\/semana-masculina-de-moda-de-milao-fendi-inverno-2014-1.jpg?fit=200%2C300&amp;ssl=1\" data-large-file=\"https:\/\/i0.wp.com\/agrund.com\/wp-content\/uploads\/sites\/6\/2014\/01\/semana-masculina-de-moda-de-milao-fendi-inverno-2014-1.jpg?fit=450%2C675&amp;ssl=1\" decoding=\"async\" loading=\"lazy\" class=\"size-large wp-image-93283\" alt=\"Semana Masculina de Moda de Mil\u00e3o :: Fendi Inverno 2014\" src=\"https:\/\/i0.wp.com\/www.agrund.com\/wp-content\/uploads\/sites\/6\/cache\/2014\/01\/semana-masculina-de-moda-de-milao-fendi-inverno-2014-1\/3280249194.jpg?resize=450%2C675\" width=\"450\" height=\"675\" data-recalc-dims=\"1\" \/><\/a><p id=\"caption-attachment-93283\" class=\"wp-caption-text\">Semana Masculina de Moda de Mil\u00e3o :: Fendi Inverno 2014<\/p><\/div>\n<div id=\"attachment_93284\" style=\"width: 460px\" class=\"wp-caption aligncenter\"><a href=\"https:\/\/i0.wp.com\/www.agrund.com\/wp-content\/uploads\/sites\/6\/2014\/01\/semana-masculina-de-moda-de-milao-fendi-inverno-2014-2.jpg\"><img aria-describedby=\"caption-attachment-93284\" data-attachment-id=\"93284\" data-permalink=\"https:\/\/agrund.com\/index.php\/semana-masculina-de-moda-de-milao-fendi-inverno-2014\/semana-masculina-de-moda-de-milao-fendi-inverno-2014-2\/\" data-orig-file=\"https:\/\/i0.wp.com\/agrund.com\/wp-content\/uploads\/sites\/6\/2014\/01\/semana-masculina-de-moda-de-milao-fendi-inverno-2014-2.jpg?fit=450%2C675&amp;ssl=1\" data-orig-size=\"450,675\" data-comments-opened=\"1\" data-image-meta=\"{&quot;aperture&quot;:&quot;0&quot;,&quot;credit&quot;:&quot;&quot;,&quot;camera&quot;:&quot;&quot;,&quot;caption&quot;:&quot;&quot;,&quot;created_timestamp&quot;:&quot;0&quot;,&quot;copyright&quot;:&quot;Photo: Yannis Vlamos \\\/ Indigitalimages.com&quot;,&quot;focal_length&quot;:&quot;0&quot;,&quot;iso&quot;:&quot;0&quot;,&quot;shutter_speed&quot;:&quot;0&quot;,&quot;title&quot;:&quot;&quot;}\" data-image-title=\"semana-masculina-de-moda-de-milao-fendi-inverno-2014 (2)\" data-image-description=\"\" data-image-caption=\"&lt;p&gt;Semana Masculina de Moda de Mil\u00e3o :: Fendi Inverno 2014&lt;\/p&gt;\n\" data-medium-file=\"https:\/\/i0.wp.com\/agrund.com\/wp-content\/uploads\/sites\/6\/2014\/01\/semana-masculina-de-moda-de-milao-fendi-inverno-2014-2.jpg?fit=200%2C300&amp;ssl=1\" data-large-file=\"https:\/\/i0.wp.com\/agrund.com\/wp-content\/uploads\/sites\/6\/2014\/01\/semana-masculina-de-moda-de-milao-fendi-inverno-2014-2.jpg?fit=450%2C675&amp;ssl=1\" decoding=\"async\" loading=\"lazy\" class=\"size-large wp-image-93284\" alt=\"Semana Masculina de Moda de Mil\u00e3o :: Fendi Inverno 2014\" src=\"https:\/\/i0.wp.com\/www.agrund.com\/wp-content\/uploads\/sites\/6\/cache\/2014\/01\/semana-masculina-de-moda-de-milao-fendi-inverno-2014-2\/1292609161.jpg?resize=450%2C675\" width=\"450\" height=\"675\" data-recalc-dims=\"1\" \/><\/a><p id=\"caption-attachment-93284\" class=\"wp-caption-text\">Semana Masculina de Moda de Mil\u00e3o :: Fendi Inverno 2014<\/p><\/div>\n<div id=\"attachment_93285\" style=\"width: 460px\" class=\"wp-caption aligncenter\"><a href=\"https:\/\/i0.wp.com\/www.agrund.com\/wp-content\/uploads\/sites\/6\/2014\/01\/semana-masculina-de-moda-de-milao-fendi-inverno-2014-3.jpg\"><img aria-describedby=\"caption-attachment-93285\" data-attachment-id=\"93285\" data-permalink=\"https:\/\/agrund.com\/index.php\/semana-masculina-de-moda-de-milao-fendi-inverno-2014\/semana-masculina-de-moda-de-milao-fendi-inverno-2014-3\/\" data-orig-file=\"https:\/\/i0.wp.com\/agrund.com\/wp-content\/uploads\/sites\/6\/2014\/01\/semana-masculina-de-moda-de-milao-fendi-inverno-2014-3.jpg?fit=450%2C675&amp;ssl=1\" data-orig-size=\"450,675\" data-comments-opened=\"1\" data-image-meta=\"{&quot;aperture&quot;:&quot;0&quot;,&quot;credit&quot;:&quot;&quot;,&quot;camera&quot;:&quot;&quot;,&quot;caption&quot;:&quot;&quot;,&quot;created_timestamp&quot;:&quot;0&quot;,&quot;copyright&quot;:&quot;Photo: Yannis Vlamos \\\/ Indigitalimages.com&quot;,&quot;focal_length&quot;:&quot;0&quot;,&quot;iso&quot;:&quot;0&quot;,&quot;shutter_speed&quot;:&quot;0&quot;,&quot;title&quot;:&quot;&quot;}\" data-image-title=\"semana-masculina-de-moda-de-milao-fendi-inverno-2014 (3)\" data-image-description=\"\" data-image-caption=\"&lt;p&gt;Semana Masculina de Moda de Mil\u00e3o :: Fendi Inverno 2014&lt;\/p&gt;\n\" data-medium-file=\"https:\/\/i0.wp.com\/agrund.com\/wp-content\/uploads\/sites\/6\/2014\/01\/semana-masculina-de-moda-de-milao-fendi-inverno-2014-3.jpg?fit=200%2C300&amp;ssl=1\" data-large-file=\"https:\/\/i0.wp.com\/agrund.com\/wp-content\/uploads\/sites\/6\/2014\/01\/semana-masculina-de-moda-de-milao-fendi-inverno-2014-3.jpg?fit=450%2C675&amp;ssl=1\" decoding=\"async\" loading=\"lazy\" class=\"size-large wp-image-93285\" alt=\"Semana Masculina de Moda de Mil\u00e3o :: Fendi Inverno 2014\" src=\"https:\/\/i0.wp.com\/www.agrund.com\/wp-content\/uploads\/sites\/6\/cache\/2014\/01\/semana-masculina-de-moda-de-milao-fendi-inverno-2014-3\/2174854679.jpg?resize=450%2C675\" width=\"450\" height=\"675\" data-recalc-dims=\"1\" \/><\/a><p id=\"caption-attachment-93285\" class=\"wp-caption-text\">Semana Masculina de Moda de Mil\u00e3o :: Fendi Inverno 2014<\/p><\/div>\n<div id=\"attachment_93286\" style=\"width: 460px\" class=\"wp-caption aligncenter\"><a href=\"https:\/\/i0.wp.com\/www.agrund.com\/wp-content\/uploads\/sites\/6\/2014\/01\/semana-masculina-de-moda-de-milao-fendi-inverno-2014-4.jpg\"><img aria-describedby=\"caption-attachment-93286\" data-attachment-id=\"93286\" data-permalink=\"https:\/\/agrund.com\/index.php\/semana-masculina-de-moda-de-milao-fendi-inverno-2014\/semana-masculina-de-moda-de-milao-fendi-inverno-2014-4\/\" data-orig-file=\"https:\/\/i0.wp.com\/agrund.com\/wp-content\/uploads\/sites\/6\/2014\/01\/semana-masculina-de-moda-de-milao-fendi-inverno-2014-4.jpg?fit=450%2C675&amp;ssl=1\" data-orig-size=\"450,675\" data-comments-opened=\"1\" data-image-meta=\"{&quot;aperture&quot;:&quot;0&quot;,&quot;credit&quot;:&quot;&quot;,&quot;camera&quot;:&quot;&quot;,&quot;caption&quot;:&quot;&quot;,&quot;created_timestamp&quot;:&quot;0&quot;,&quot;copyright&quot;:&quot;Photo: Yannis Vlamos \\\/ Indigitalimages.com&quot;,&quot;focal_length&quot;:&quot;0&quot;,&quot;iso&quot;:&quot;0&quot;,&quot;shutter_speed&quot;:&quot;0&quot;,&quot;title&quot;:&quot;&quot;}\" data-image-title=\"semana-masculina-de-moda-de-milao-fendi-inverno-2014 (4)\" data-image-description=\"\" data-image-caption=\"&lt;p&gt;Semana Masculina de Moda de Mil\u00e3o :: Fendi Inverno 2014&lt;\/p&gt;\n\" data-medium-file=\"https:\/\/i0.wp.com\/agrund.com\/wp-content\/uploads\/sites\/6\/2014\/01\/semana-masculina-de-moda-de-milao-fendi-inverno-2014-4.jpg?fit=200%2C300&amp;ssl=1\" data-large-file=\"https:\/\/i0.wp.com\/agrund.com\/wp-content\/uploads\/sites\/6\/2014\/01\/semana-masculina-de-moda-de-milao-fendi-inverno-2014-4.jpg?fit=450%2C675&amp;ssl=1\" decoding=\"async\" loading=\"lazy\" class=\"size-large wp-image-93286\" alt=\"Semana Masculina de Moda de Mil\u00e3o :: Fendi Inverno 2014\" src=\"https:\/\/i0.wp.com\/www.agrund.com\/wp-content\/uploads\/sites\/6\/cache\/2014\/01\/semana-masculina-de-moda-de-milao-fendi-inverno-2014-4\/2338631438.jpg?resize=450%2C675\" width=\"450\" height=\"675\" data-recalc-dims=\"1\" \/><\/a><p id=\"caption-attachment-93286\" class=\"wp-caption-text\">Semana Masculina de Moda de Mil\u00e3o :: Fendi Inverno 2014<\/p><\/div>\n<div id=\"attachment_93287\" style=\"width: 460px\" class=\"wp-caption aligncenter\"><a href=\"https:\/\/i0.wp.com\/www.agrund.com\/wp-content\/uploads\/sites\/6\/2014\/01\/semana-masculina-de-moda-de-milao-fendi-inverno-2014-5.jpg\"><img aria-describedby=\"caption-attachment-93287\" data-attachment-id=\"93287\" data-permalink=\"https:\/\/agrund.com\/index.php\/semana-masculina-de-moda-de-milao-fendi-inverno-2014\/semana-masculina-de-moda-de-milao-fendi-inverno-2014-5\/\" data-orig-file=\"https:\/\/i0.wp.com\/agrund.com\/wp-content\/uploads\/sites\/6\/2014\/01\/semana-masculina-de-moda-de-milao-fendi-inverno-2014-5.jpg?fit=450%2C675&amp;ssl=1\" data-orig-size=\"450,675\" data-comments-opened=\"1\" data-image-meta=\"{&quot;aperture&quot;:&quot;0&quot;,&quot;credit&quot;:&quot;&quot;,&quot;camera&quot;:&quot;&quot;,&quot;caption&quot;:&quot;&quot;,&quot;created_timestamp&quot;:&quot;0&quot;,&quot;copyright&quot;:&quot;Photo: Yannis Vlamos \\\/ Indigitalimages.com&quot;,&quot;focal_length&quot;:&quot;0&quot;,&quot;iso&quot;:&quot;0&quot;,&quot;shutter_speed&quot;:&quot;0&quot;,&quot;title&quot;:&quot;&quot;}\" data-image-title=\"semana-masculina-de-moda-de-milao-fendi-inverno-2014 (5)\" data-image-description=\"\" data-image-caption=\"&lt;p&gt;Semana Masculina de Moda de Mil\u00e3o :: Fendi Inverno 2014&lt;\/p&gt;\n\" data-medium-file=\"https:\/\/i0.wp.com\/agrund.com\/wp-content\/uploads\/sites\/6\/2014\/01\/semana-masculina-de-moda-de-milao-fendi-inverno-2014-5.jpg?fit=200%2C300&amp;ssl=1\" data-large-file=\"https:\/\/i0.wp.com\/agrund.com\/wp-content\/uploads\/sites\/6\/2014\/01\/semana-masculina-de-moda-de-milao-fendi-inverno-2014-5.jpg?fit=450%2C675&amp;ssl=1\" decoding=\"async\" loading=\"lazy\" class=\"size-large wp-image-93287\" alt=\"Semana Masculina de Moda de Mil\u00e3o :: Fendi Inverno 2014\" src=\"https:\/\/i0.wp.com\/www.agrund.com\/wp-content\/uploads\/sites\/6\/cache\/2014\/01\/semana-masculina-de-moda-de-milao-fendi-inverno-2014-5\/1204727696.jpg?resize=450%2C675\" width=\"450\" height=\"675\" data-recalc-dims=\"1\" \/><\/a><p id=\"caption-attachment-93287\" class=\"wp-caption-text\">Semana Masculina de Moda de Mil\u00e3o :: Fendi Inverno 2014<\/p><\/div>\n<div id=\"attachment_93288\" style=\"width: 460px\" class=\"wp-caption aligncenter\"><a href=\"https:\/\/i0.wp.com\/www.agrund.com\/wp-content\/uploads\/sites\/6\/2014\/01\/semana-masculina-de-moda-de-milao-fendi-inverno-2014-6.jpg\"><img aria-describedby=\"caption-attachment-93288\" data-attachment-id=\"93288\" data-permalink=\"https:\/\/agrund.com\/index.php\/semana-masculina-de-moda-de-milao-fendi-inverno-2014\/semana-masculina-de-moda-de-milao-fendi-inverno-2014-6\/\" data-orig-file=\"https:\/\/i0.wp.com\/agrund.com\/wp-content\/uploads\/sites\/6\/2014\/01\/semana-masculina-de-moda-de-milao-fendi-inverno-2014-6.jpg?fit=450%2C675&amp;ssl=1\" data-orig-size=\"450,675\" data-comments-opened=\"1\" data-image-meta=\"{&quot;aperture&quot;:&quot;0&quot;,&quot;credit&quot;:&quot;&quot;,&quot;camera&quot;:&quot;&quot;,&quot;caption&quot;:&quot;&quot;,&quot;created_timestamp&quot;:&quot;0&quot;,&quot;copyright&quot;:&quot;Photo: Yannis Vlamos \\\/ Indigitalimages.com&quot;,&quot;focal_length&quot;:&quot;0&quot;,&quot;iso&quot;:&quot;0&quot;,&quot;shutter_speed&quot;:&quot;0&quot;,&quot;title&quot;:&quot;&quot;}\" data-image-title=\"semana-masculina-de-moda-de-milao-fendi-inverno-2014 (6)\" data-image-description=\"\" data-image-caption=\"&lt;p&gt;Semana Masculina de Moda de Mil\u00e3o :: Fendi Inverno 2014&lt;\/p&gt;\n\" data-medium-file=\"https:\/\/i0.wp.com\/agrund.com\/wp-content\/uploads\/sites\/6\/2014\/01\/semana-masculina-de-moda-de-milao-fendi-inverno-2014-6.jpg?fit=200%2C300&amp;ssl=1\" data-large-file=\"https:\/\/i0.wp.com\/agrund.com\/wp-content\/uploads\/sites\/6\/2014\/01\/semana-masculina-de-moda-de-milao-fendi-inverno-2014-6.jpg?fit=450%2C675&amp;ssl=1\" decoding=\"async\" loading=\"lazy\" class=\"size-large wp-image-93288\" alt=\"Semana Masculina de Moda de Mil\u00e3o :: Fendi Inverno 2014\" src=\"https:\/\/i0.wp.com\/www.agrund.com\/wp-content\/uploads\/sites\/6\/cache\/2014\/01\/semana-masculina-de-moda-de-milao-fendi-inverno-2014-6\/3376523379.jpg?resize=450%2C675\" width=\"450\" height=\"675\" data-recalc-dims=\"1\" \/><\/a><p id=\"caption-attachment-93288\" class=\"wp-caption-text\">Semana Masculina de Moda de Mil\u00e3o :: Fendi Inverno 2014<\/p><\/div>\n<div id=\"attachment_93289\" style=\"width: 460px\" class=\"wp-caption aligncenter\"><a href=\"https:\/\/i0.wp.com\/www.agrund.com\/wp-content\/uploads\/sites\/6\/2014\/01\/semana-masculina-de-moda-de-milao-fendi-inverno-2014-7.jpg\"><img aria-describedby=\"caption-attachment-93289\" data-attachment-id=\"93289\" data-permalink=\"https:\/\/agrund.com\/index.php\/semana-masculina-de-moda-de-milao-fendi-inverno-2014\/semana-masculina-de-moda-de-milao-fendi-inverno-2014-7\/\" data-orig-file=\"https:\/\/i0.wp.com\/agrund.com\/wp-content\/uploads\/sites\/6\/2014\/01\/semana-masculina-de-moda-de-milao-fendi-inverno-2014-7.jpg?fit=450%2C675&amp;ssl=1\" data-orig-size=\"450,675\" data-comments-opened=\"1\" data-image-meta=\"{&quot;aperture&quot;:&quot;0&quot;,&quot;credit&quot;:&quot;&quot;,&quot;camera&quot;:&quot;&quot;,&quot;caption&quot;:&quot;&quot;,&quot;created_timestamp&quot;:&quot;0&quot;,&quot;copyright&quot;:&quot;Photo: Yannis Vlamos \\\/ Indigitalimages.com&quot;,&quot;focal_length&quot;:&quot;0&quot;,&quot;iso&quot;:&quot;0&quot;,&quot;shutter_speed&quot;:&quot;0&quot;,&quot;title&quot;:&quot;&quot;}\" data-image-title=\"semana-masculina-de-moda-de-milao-fendi-inverno-2014 (7)\" data-image-description=\"\" data-image-caption=\"&lt;p&gt;Semana Masculina de Moda de Mil\u00e3o :: Fendi Inverno 2014&lt;\/p&gt;\n\" data-medium-file=\"https:\/\/i0.wp.com\/agrund.com\/wp-content\/uploads\/sites\/6\/2014\/01\/semana-masculina-de-moda-de-milao-fendi-inverno-2014-7.jpg?fit=200%2C300&amp;ssl=1\" data-large-file=\"https:\/\/i0.wp.com\/agrund.com\/wp-content\/uploads\/sites\/6\/2014\/01\/semana-masculina-de-moda-de-milao-fendi-inverno-2014-7.jpg?fit=450%2C675&amp;ssl=1\" decoding=\"async\" loading=\"lazy\" class=\"size-large wp-image-93289\" alt=\"Semana Masculina de Moda de Mil\u00e3o :: Fendi Inverno 2014\" src=\"https:\/\/i0.wp.com\/www.agrund.com\/wp-content\/uploads\/sites\/6\/cache\/2014\/01\/semana-masculina-de-moda-de-milao-fendi-inverno-2014-7\/99330285.jpg?resize=450%2C675\" width=\"450\" height=\"675\" data-recalc-dims=\"1\" \/><\/a><p id=\"caption-attachment-93289\" class=\"wp-caption-text\">Semana Masculina de Moda de Mil\u00e3o :: Fendi Inverno 2014<\/p><\/div>\n<div id=\"attachment_93290\" style=\"width: 460px\" class=\"wp-caption aligncenter\"><a href=\"https:\/\/i0.wp.com\/www.agrund.com\/wp-content\/uploads\/sites\/6\/2014\/01\/semana-masculina-de-moda-de-milao-fendi-inverno-2014-8.jpg\"><img aria-describedby=\"caption-attachment-93290\" data-attachment-id=\"93290\" data-permalink=\"https:\/\/agrund.com\/index.php\/semana-masculina-de-moda-de-milao-fendi-inverno-2014\/semana-masculina-de-moda-de-milao-fendi-inverno-2014-8\/\" data-orig-file=\"https:\/\/i0.wp.com\/agrund.com\/wp-content\/uploads\/sites\/6\/2014\/01\/semana-masculina-de-moda-de-milao-fendi-inverno-2014-8.jpg?fit=450%2C675&amp;ssl=1\" data-orig-size=\"450,675\" data-comments-opened=\"1\" data-image-meta=\"{&quot;aperture&quot;:&quot;0&quot;,&quot;credit&quot;:&quot;&quot;,&quot;camera&quot;:&quot;&quot;,&quot;caption&quot;:&quot;&quot;,&quot;created_timestamp&quot;:&quot;0&quot;,&quot;copyright&quot;:&quot;Photo: Yannis Vlamos \\\/ Indigitalimages.com&quot;,&quot;focal_length&quot;:&quot;0&quot;,&quot;iso&quot;:&quot;0&quot;,&quot;shutter_speed&quot;:&quot;0&quot;,&quot;title&quot;:&quot;&quot;}\" data-image-title=\"semana-masculina-de-moda-de-milao-fendi-inverno-2014 (8)\" data-image-description=\"\" data-image-caption=\"&lt;p&gt;Semana Masculina de Moda de Mil\u00e3o :: Fendi Inverno 2014&lt;\/p&gt;\n\" data-medium-file=\"https:\/\/i0.wp.com\/agrund.com\/wp-content\/uploads\/sites\/6\/2014\/01\/semana-masculina-de-moda-de-milao-fendi-inverno-2014-8.jpg?fit=200%2C300&amp;ssl=1\" data-large-file=\"https:\/\/i0.wp.com\/agrund.com\/wp-content\/uploads\/sites\/6\/2014\/01\/semana-masculina-de-moda-de-milao-fendi-inverno-2014-8.jpg?fit=450%2C675&amp;ssl=1\" decoding=\"async\" loading=\"lazy\" class=\"size-large wp-image-93290\" alt=\"Semana Masculina de Moda de Mil\u00e3o :: Fendi Inverno 2014\" src=\"https:\/\/i0.wp.com\/www.agrund.com\/wp-content\/uploads\/sites\/6\/cache\/2014\/01\/semana-masculina-de-moda-de-milao-fendi-inverno-2014-8\/3704339009.jpg?resize=450%2C675\" width=\"450\" height=\"675\" data-recalc-dims=\"1\" \/><\/a><p id=\"caption-attachment-93290\" class=\"wp-caption-text\">Semana Masculina de Moda de Mil\u00e3o :: Fendi Inverno 2014<\/p><\/div>\n<div id=\"attachment_93291\" style=\"width: 460px\" class=\"wp-caption aligncenter\"><a href=\"https:\/\/i0.wp.com\/www.agrund.com\/wp-content\/uploads\/sites\/6\/2014\/01\/semana-masculina-de-moda-de-milao-fendi-inverno-2014-9.jpg\"><img aria-describedby=\"caption-attachment-93291\" data-attachment-id=\"93291\" data-permalink=\"https:\/\/agrund.com\/index.php\/semana-masculina-de-moda-de-milao-fendi-inverno-2014\/semana-masculina-de-moda-de-milao-fendi-inverno-2014-9\/\" data-orig-file=\"https:\/\/i0.wp.com\/agrund.com\/wp-content\/uploads\/sites\/6\/2014\/01\/semana-masculina-de-moda-de-milao-fendi-inverno-2014-9.jpg?fit=450%2C675&amp;ssl=1\" data-orig-size=\"450,675\" data-comments-opened=\"1\" data-image-meta=\"{&quot;aperture&quot;:&quot;0&quot;,&quot;credit&quot;:&quot;&quot;,&quot;camera&quot;:&quot;&quot;,&quot;caption&quot;:&quot;&quot;,&quot;created_timestamp&quot;:&quot;0&quot;,&quot;copyright&quot;:&quot;Photo: Yannis Vlamos \\\/ Indigitalimages.com&quot;,&quot;focal_length&quot;:&quot;0&quot;,&quot;iso&quot;:&quot;0&quot;,&quot;shutter_speed&quot;:&quot;0&quot;,&quot;title&quot;:&quot;&quot;}\" data-image-title=\"semana-masculina-de-moda-de-milao-fendi-inverno-2014 (9)\" data-image-description=\"\" data-image-caption=\"&lt;p&gt;Semana Masculina de Moda de Mil\u00e3o :: Fendi Inverno 2014&lt;\/p&gt;\n\" data-medium-file=\"https:\/\/i0.wp.com\/agrund.com\/wp-content\/uploads\/sites\/6\/2014\/01\/semana-masculina-de-moda-de-milao-fendi-inverno-2014-9.jpg?fit=200%2C300&amp;ssl=1\" data-large-file=\"https:\/\/i0.wp.com\/agrund.com\/wp-content\/uploads\/sites\/6\/2014\/01\/semana-masculina-de-moda-de-milao-fendi-inverno-2014-9.jpg?fit=450%2C675&amp;ssl=1\" decoding=\"async\" loading=\"lazy\" class=\"size-large wp-image-93291\" alt=\"Semana Masculina de Moda de Mil\u00e3o :: Fendi Inverno 2014\" src=\"https:\/\/i0.wp.com\/www.agrund.com\/wp-content\/uploads\/sites\/6\/cache\/2014\/01\/semana-masculina-de-moda-de-milao-fendi-inverno-2014-9\/274840287.jpg?resize=450%2C675\" width=\"450\" height=\"675\" data-recalc-dims=\"1\" \/><\/a><p id=\"caption-attachment-93291\" class=\"wp-caption-text\">Semana Masculina de Moda de Mil\u00e3o :: Fendi Inverno 2014<\/p><\/div>\n<div id=\"attachment_93292\" style=\"width: 460px\" class=\"wp-caption aligncenter\"><a href=\"https:\/\/i0.wp.com\/www.agrund.com\/wp-content\/uploads\/sites\/6\/2014\/01\/semana-masculina-de-moda-de-milao-fendi-inverno-2014-10.jpg\"><img aria-describedby=\"caption-attachment-93292\" data-attachment-id=\"93292\" data-permalink=\"https:\/\/agrund.com\/index.php\/semana-masculina-de-moda-de-milao-fendi-inverno-2014\/semana-masculina-de-moda-de-milao-fendi-inverno-2014-10\/\" data-orig-file=\"https:\/\/i0.wp.com\/agrund.com\/wp-content\/uploads\/sites\/6\/2014\/01\/semana-masculina-de-moda-de-milao-fendi-inverno-2014-10.jpg?fit=450%2C675&amp;ssl=1\" data-orig-size=\"450,675\" data-comments-opened=\"1\" data-image-meta=\"{&quot;aperture&quot;:&quot;0&quot;,&quot;credit&quot;:&quot;&quot;,&quot;camera&quot;:&quot;&quot;,&quot;caption&quot;:&quot;&quot;,&quot;created_timestamp&quot;:&quot;0&quot;,&quot;copyright&quot;:&quot;Photo: Yannis Vlamos \\\/ Indigitalimages.com&quot;,&quot;focal_length&quot;:&quot;0&quot;,&quot;iso&quot;:&quot;0&quot;,&quot;shutter_speed&quot;:&quot;0&quot;,&quot;title&quot;:&quot;&quot;}\" data-image-title=\"semana-masculina-de-moda-de-milao-fendi-inverno-2014 (10)\" data-image-description=\"\" data-image-caption=\"&lt;p&gt;Semana Masculina de Moda de Mil\u00e3o :: Fendi Inverno 2014&lt;\/p&gt;\n\" data-medium-file=\"https:\/\/i0.wp.com\/agrund.com\/wp-content\/uploads\/sites\/6\/2014\/01\/semana-masculina-de-moda-de-milao-fendi-inverno-2014-10.jpg?fit=200%2C300&amp;ssl=1\" data-large-file=\"https:\/\/i0.wp.com\/agrund.com\/wp-content\/uploads\/sites\/6\/2014\/01\/semana-masculina-de-moda-de-milao-fendi-inverno-2014-10.jpg?fit=450%2C675&amp;ssl=1\" decoding=\"async\" loading=\"lazy\" class=\"size-large wp-image-93292\" alt=\"Semana Masculina de Moda de Mil\u00e3o :: Fendi Inverno 2014\" src=\"https:\/\/i0.wp.com\/www.agrund.com\/wp-content\/uploads\/sites\/6\/cache\/2014\/01\/semana-masculina-de-moda-de-milao-fendi-inverno-2014-10\/105623327.jpg?resize=450%2C675\" width=\"450\" height=\"675\" data-recalc-dims=\"1\" \/><\/a><p id=\"caption-attachment-93292\" class=\"wp-caption-text\">Semana Masculina de Moda de Mil\u00e3o :: Fendi Inverno 2014<\/p><\/div>\n<p>Imagens: Reprodu\u00e7\u00e3o.<\/p>\n","protected":false},"excerpt":{"rendered":"<p>A apresenta\u00e7\u00e3o da cole\u00e7\u00e3o masculina Fendi Inverno 2014\/2015 veio cheia de refer\u00eancias a essa nova cara jovem que a marca est\u00e1 come\u00e7ando a ter e com uma pegada de moda que alguns brasileiros podem at\u00e9 estranhar. Mas s\u00f3 no come\u00e7o, depois acostuma! O tric\u00f4 vem junto com um p\u00ealo que imita o desgaste da malha [&hellip;]<\/p>\n","protected":false},"author":1,"featured_media":93293,"comment_status":"open","ping_status":"open","sticky":false,"template":"","format":"standard","meta":{"jetpack_post_was_ever_published":false,"_jetpack_newsletter_access":"","jetpack_publicize_message":"","jetpack_is_tweetstorm":false,"jetpack_publicize_feature_enabled":true,"jetpack_social_post_already_shared":true,"jetpack_social_options":{"image_generator_settings":{"template":"highway","enabled":false}}},"categories":[21,2],"tags":[],"jetpack_publicize_connections":[],"jetpack_featured_media_url":"https:\/\/i0.wp.com\/agrund.com\/wp-content\/uploads\/sites\/6\/2014\/01\/slide65.jpg?fit=960%2C301&ssl=1","jetpack_sharing_enabled":true,"jetpack_shortlink":"https:\/\/wp.me\/p3Hz0n-ogy","jetpack_likes_enabled":true,"_links":{"self":[{"href":"https:\/\/agrund.com\/index.php\/wp-json\/wp\/v2\/posts\/93282"}],"collection":[{"href":"https:\/\/agrund.com\/index.php\/wp-json\/wp\/v2\/posts"}],"about":[{"href":"https:\/\/agrund.com\/index.php\/wp-json\/wp\/v2\/types\/post"}],"author":[{"embeddable":true,"href":"https:\/\/agrund.com\/index.php\/wp-json\/wp\/v2\/users\/1"}],"replies":[{"embeddable":true,"href":"https:\/\/agrund.com\/index.php\/wp-json\/wp\/v2\/comments?post=93282"}],"version-history":[{"count":0,"href":"https:\/\/agrund.com\/index.php\/wp-json\/wp\/v2\/posts\/93282\/revisions"}],"wp:featuredmedia":[{"embeddable":true,"href":"https:\/\/agrund.com\/index.php\/wp-json\/wp\/v2\/media\/93293"}],"wp:attachment":[{"href":"https:\/\/agrund.com\/index.php\/wp-json\/wp\/v2\/media?parent=93282"}],"wp:term":[{"taxonomy":"category","embeddable":true,"href":"https:\/\/agrund.com\/index.php\/wp-json\/wp\/v2\/categories?post=93282"},{"taxonomy":"post_tag","embeddable":true,"href":"https:\/\/agrund.com\/index.php\/wp-json\/wp\/v2\/tags?post=93282"}],"curies":[{"name":"wp","href":"https:\/\/api.w.org\/{rel}","templated":true}]}}