{"id":93267,"date":"2014-01-14T15:00:39","date_gmt":"2014-01-14T17:00:39","guid":{"rendered":"http:\/\/www.agrund.com\/?p=93267"},"modified":"2014-01-14T12:43:00","modified_gmt":"2014-01-14T14:43:00","slug":"semana-masculina-de-moda-de-milao-canali-inverno-2014","status":"publish","type":"post","link":"https:\/\/agrund.com\/index.php\/semana-masculina-de-moda-de-milao-canali-inverno-2014\/","title":{"rendered":"Semana Masculina de Moda de Mil\u00e3o :: Canali Inverno 2014"},"content":{"rendered":"<p>O fato \u00e9 que as marcas est\u00e3o voltando seus olhos para o p\u00fablico mais jovem. A Canali Inverno 2014\/2015 mostrou uma cole\u00e7\u00e3o comercial e bem atual com refer\u00eancias de moda para deixar qualquer homem elegante. A cintura marcada e as golas mais trabalhadas apareceram para modernizar a alfaiataria. Tecidos pesados se unem e comp\u00f5em bons looks. As estampas, que pareciam arabescos e mandalas, passearam pela apresenta\u00e7\u00e3o em v\u00e1rias pe\u00e7as. Aqui o homem \u00e9 elegante e tem muito estilo!<\/p>\n<div id=\"attachment_93268\" style=\"width: 460px\" class=\"wp-caption aligncenter\"><a href=\"https:\/\/i0.wp.com\/www.agrund.com\/wp-content\/uploads\/sites\/6\/2014\/01\/semana-masculina-de-moda-de-milao-canali-inverno-2014-1.jpg\"><img aria-describedby=\"caption-attachment-93268\" data-attachment-id=\"93268\" data-permalink=\"https:\/\/agrund.com\/index.php\/semana-masculina-de-moda-de-milao-canali-inverno-2014\/semana-masculina-de-moda-de-milao-canali-inverno-2014-1\/\" data-orig-file=\"https:\/\/i0.wp.com\/agrund.com\/wp-content\/uploads\/sites\/6\/2014\/01\/semana-masculina-de-moda-de-milao-canali-inverno-2014-1.jpg?fit=450%2C675&amp;ssl=1\" data-orig-size=\"450,675\" data-comments-opened=\"1\" data-image-meta=\"{&quot;aperture&quot;:&quot;0&quot;,&quot;credit&quot;:&quot;&quot;,&quot;camera&quot;:&quot;&quot;,&quot;caption&quot;:&quot;&quot;,&quot;created_timestamp&quot;:&quot;0&quot;,&quot;copyright&quot;:&quot;Photo: Marcus Tondo \\\/ Indigitalimages.com&quot;,&quot;focal_length&quot;:&quot;0&quot;,&quot;iso&quot;:&quot;0&quot;,&quot;shutter_speed&quot;:&quot;0&quot;,&quot;title&quot;:&quot;&quot;}\" data-image-title=\"semana-masculina-de-moda-de-milao-canali-inverno-2014 (1)\" data-image-description=\"\" data-image-caption=\"&lt;p&gt;Semana Masculina de Moda de Mil\u00e3o :: Canali Inverno 2014&lt;\/p&gt;\n\" data-medium-file=\"https:\/\/i0.wp.com\/agrund.com\/wp-content\/uploads\/sites\/6\/2014\/01\/semana-masculina-de-moda-de-milao-canali-inverno-2014-1.jpg?fit=200%2C300&amp;ssl=1\" data-large-file=\"https:\/\/i0.wp.com\/agrund.com\/wp-content\/uploads\/sites\/6\/2014\/01\/semana-masculina-de-moda-de-milao-canali-inverno-2014-1.jpg?fit=450%2C675&amp;ssl=1\" decoding=\"async\" loading=\"lazy\" class=\"size-large wp-image-93268\" alt=\"Semana Masculina de Moda de Mil\u00e3o :: Canali Inverno 2014\" src=\"https:\/\/i0.wp.com\/www.agrund.com\/wp-content\/uploads\/sites\/6\/cache\/2014\/01\/semana-masculina-de-moda-de-milao-canali-inverno-2014-1\/2270599358.jpg?resize=450%2C675\" width=\"450\" height=\"675\" data-recalc-dims=\"1\" \/><\/a><p id=\"caption-attachment-93268\" class=\"wp-caption-text\">Semana Masculina de Moda de Mil\u00e3o :: Canali Inverno 2014<\/p><\/div>\n<div id=\"attachment_93269\" style=\"width: 460px\" class=\"wp-caption aligncenter\"><a href=\"https:\/\/i0.wp.com\/www.agrund.com\/wp-content\/uploads\/sites\/6\/2014\/01\/semana-masculina-de-moda-de-milao-canali-inverno-2014-2.jpg\"><img aria-describedby=\"caption-attachment-93269\" data-attachment-id=\"93269\" data-permalink=\"https:\/\/agrund.com\/index.php\/semana-masculina-de-moda-de-milao-canali-inverno-2014\/semana-masculina-de-moda-de-milao-canali-inverno-2014-2\/\" data-orig-file=\"https:\/\/i0.wp.com\/agrund.com\/wp-content\/uploads\/sites\/6\/2014\/01\/semana-masculina-de-moda-de-milao-canali-inverno-2014-2.jpg?fit=450%2C675&amp;ssl=1\" data-orig-size=\"450,675\" data-comments-opened=\"1\" data-image-meta=\"{&quot;aperture&quot;:&quot;0&quot;,&quot;credit&quot;:&quot;&quot;,&quot;camera&quot;:&quot;&quot;,&quot;caption&quot;:&quot;&quot;,&quot;created_timestamp&quot;:&quot;0&quot;,&quot;copyright&quot;:&quot;Photo: Marcus Tondo \\\/ Indigitalimages.com&quot;,&quot;focal_length&quot;:&quot;0&quot;,&quot;iso&quot;:&quot;0&quot;,&quot;shutter_speed&quot;:&quot;0&quot;,&quot;title&quot;:&quot;&quot;}\" data-image-title=\"semana-masculina-de-moda-de-milao-canali-inverno-2014 (2)\" data-image-description=\"\" data-image-caption=\"&lt;p&gt;Semana Masculina de Moda de Mil\u00e3o :: Canali Inverno 2014&lt;\/p&gt;\n\" data-medium-file=\"https:\/\/i0.wp.com\/agrund.com\/wp-content\/uploads\/sites\/6\/2014\/01\/semana-masculina-de-moda-de-milao-canali-inverno-2014-2.jpg?fit=200%2C300&amp;ssl=1\" data-large-file=\"https:\/\/i0.wp.com\/agrund.com\/wp-content\/uploads\/sites\/6\/2014\/01\/semana-masculina-de-moda-de-milao-canali-inverno-2014-2.jpg?fit=450%2C675&amp;ssl=1\" decoding=\"async\" loading=\"lazy\" class=\"size-large wp-image-93269\" alt=\"Semana Masculina de Moda de Mil\u00e3o :: Canali Inverno 2014\" src=\"https:\/\/i0.wp.com\/www.agrund.com\/wp-content\/uploads\/sites\/6\/cache\/2014\/01\/semana-masculina-de-moda-de-milao-canali-inverno-2014-2\/165257053.jpg?resize=450%2C675\" width=\"450\" height=\"675\" data-recalc-dims=\"1\" \/><\/a><p id=\"caption-attachment-93269\" class=\"wp-caption-text\">Semana Masculina de Moda de Mil\u00e3o :: Canali Inverno 2014<\/p><\/div>\n<div id=\"attachment_93270\" style=\"width: 460px\" class=\"wp-caption aligncenter\"><a href=\"https:\/\/i0.wp.com\/www.agrund.com\/wp-content\/uploads\/sites\/6\/2014\/01\/semana-masculina-de-moda-de-milao-canali-inverno-2014-3.jpg\"><img aria-describedby=\"caption-attachment-93270\" data-attachment-id=\"93270\" data-permalink=\"https:\/\/agrund.com\/index.php\/semana-masculina-de-moda-de-milao-canali-inverno-2014\/semana-masculina-de-moda-de-milao-canali-inverno-2014-3\/\" data-orig-file=\"https:\/\/i0.wp.com\/agrund.com\/wp-content\/uploads\/sites\/6\/2014\/01\/semana-masculina-de-moda-de-milao-canali-inverno-2014-3.jpg?fit=450%2C675&amp;ssl=1\" data-orig-size=\"450,675\" data-comments-opened=\"1\" data-image-meta=\"{&quot;aperture&quot;:&quot;0&quot;,&quot;credit&quot;:&quot;&quot;,&quot;camera&quot;:&quot;&quot;,&quot;caption&quot;:&quot;&quot;,&quot;created_timestamp&quot;:&quot;0&quot;,&quot;copyright&quot;:&quot;Photo: Marcus Tondo \\\/ Indigitalimages.com&quot;,&quot;focal_length&quot;:&quot;0&quot;,&quot;iso&quot;:&quot;0&quot;,&quot;shutter_speed&quot;:&quot;0&quot;,&quot;title&quot;:&quot;&quot;}\" data-image-title=\"semana-masculina-de-moda-de-milao-canali-inverno-2014 (3)\" data-image-description=\"\" data-image-caption=\"&lt;p&gt;Semana Masculina de Moda de Mil\u00e3o :: Canali Inverno 2014&lt;\/p&gt;\n\" data-medium-file=\"https:\/\/i0.wp.com\/agrund.com\/wp-content\/uploads\/sites\/6\/2014\/01\/semana-masculina-de-moda-de-milao-canali-inverno-2014-3.jpg?fit=200%2C300&amp;ssl=1\" data-large-file=\"https:\/\/i0.wp.com\/agrund.com\/wp-content\/uploads\/sites\/6\/2014\/01\/semana-masculina-de-moda-de-milao-canali-inverno-2014-3.jpg?fit=450%2C675&amp;ssl=1\" decoding=\"async\" loading=\"lazy\" class=\"size-large wp-image-93270\" alt=\"Semana Masculina de Moda de Mil\u00e3o :: Canali Inverno 2014\" src=\"https:\/\/i0.wp.com\/www.agrund.com\/wp-content\/uploads\/sites\/6\/cache\/2014\/01\/semana-masculina-de-moda-de-milao-canali-inverno-2014-3\/3312689091.jpg?resize=450%2C675\" width=\"450\" height=\"675\" data-recalc-dims=\"1\" \/><\/a><p id=\"caption-attachment-93270\" class=\"wp-caption-text\">Semana Masculina de Moda de Mil\u00e3o :: Canali Inverno 2014<\/p><\/div>\n<div id=\"attachment_93271\" style=\"width: 460px\" class=\"wp-caption aligncenter\"><a href=\"https:\/\/i0.wp.com\/www.agrund.com\/wp-content\/uploads\/sites\/6\/2014\/01\/semana-masculina-de-moda-de-milao-canali-inverno-2014-4.jpg\"><img aria-describedby=\"caption-attachment-93271\" data-attachment-id=\"93271\" data-permalink=\"https:\/\/agrund.com\/index.php\/semana-masculina-de-moda-de-milao-canali-inverno-2014\/semana-masculina-de-moda-de-milao-canali-inverno-2014-4\/\" data-orig-file=\"https:\/\/i0.wp.com\/agrund.com\/wp-content\/uploads\/sites\/6\/2014\/01\/semana-masculina-de-moda-de-milao-canali-inverno-2014-4.jpg?fit=450%2C675&amp;ssl=1\" data-orig-size=\"450,675\" data-comments-opened=\"1\" data-image-meta=\"{&quot;aperture&quot;:&quot;0&quot;,&quot;credit&quot;:&quot;&quot;,&quot;camera&quot;:&quot;&quot;,&quot;caption&quot;:&quot;&quot;,&quot;created_timestamp&quot;:&quot;0&quot;,&quot;copyright&quot;:&quot;Photo: Marcus Tondo \\\/ Indigitalimages.com&quot;,&quot;focal_length&quot;:&quot;0&quot;,&quot;iso&quot;:&quot;0&quot;,&quot;shutter_speed&quot;:&quot;0&quot;,&quot;title&quot;:&quot;&quot;}\" data-image-title=\"semana-masculina-de-moda-de-milao-canali-inverno-2014 (4)\" data-image-description=\"\" data-image-caption=\"&lt;p&gt;Semana Masculina de Moda de Mil\u00e3o :: Canali Inverno 2014&lt;\/p&gt;\n\" data-medium-file=\"https:\/\/i0.wp.com\/agrund.com\/wp-content\/uploads\/sites\/6\/2014\/01\/semana-masculina-de-moda-de-milao-canali-inverno-2014-4.jpg?fit=200%2C300&amp;ssl=1\" data-large-file=\"https:\/\/i0.wp.com\/agrund.com\/wp-content\/uploads\/sites\/6\/2014\/01\/semana-masculina-de-moda-de-milao-canali-inverno-2014-4.jpg?fit=450%2C675&amp;ssl=1\" decoding=\"async\" loading=\"lazy\" class=\"size-large wp-image-93271\" alt=\"Semana Masculina de Moda de Mil\u00e3o :: Canali Inverno 2014\" src=\"https:\/\/i0.wp.com\/www.agrund.com\/wp-content\/uploads\/sites\/6\/cache\/2014\/01\/semana-masculina-de-moda-de-milao-canali-inverno-2014-4\/3484849882.jpg?resize=450%2C675\" width=\"450\" height=\"675\" data-recalc-dims=\"1\" \/><\/a><p id=\"caption-attachment-93271\" class=\"wp-caption-text\">Semana Masculina de Moda de Mil\u00e3o :: Canali Inverno 2014<\/p><\/div>\n<div id=\"attachment_93272\" style=\"width: 460px\" class=\"wp-caption aligncenter\"><a href=\"https:\/\/i0.wp.com\/www.agrund.com\/wp-content\/uploads\/sites\/6\/2014\/01\/semana-masculina-de-moda-de-milao-canali-inverno-2014-5.jpg\"><img aria-describedby=\"caption-attachment-93272\" data-attachment-id=\"93272\" data-permalink=\"https:\/\/agrund.com\/index.php\/semana-masculina-de-moda-de-milao-canali-inverno-2014\/semana-masculina-de-moda-de-milao-canali-inverno-2014-5\/\" data-orig-file=\"https:\/\/i0.wp.com\/agrund.com\/wp-content\/uploads\/sites\/6\/2014\/01\/semana-masculina-de-moda-de-milao-canali-inverno-2014-5.jpg?fit=450%2C675&amp;ssl=1\" data-orig-size=\"450,675\" data-comments-opened=\"1\" data-image-meta=\"{&quot;aperture&quot;:&quot;0&quot;,&quot;credit&quot;:&quot;&quot;,&quot;camera&quot;:&quot;&quot;,&quot;caption&quot;:&quot;&quot;,&quot;created_timestamp&quot;:&quot;0&quot;,&quot;copyright&quot;:&quot;Photo: Marcus Tondo \\\/ Indigitalimages.com&quot;,&quot;focal_length&quot;:&quot;0&quot;,&quot;iso&quot;:&quot;0&quot;,&quot;shutter_speed&quot;:&quot;0&quot;,&quot;title&quot;:&quot;&quot;}\" data-image-title=\"semana-masculina-de-moda-de-milao-canali-inverno-2014 (5)\" data-image-description=\"\" data-image-caption=\"&lt;p&gt;Semana Masculina de Moda de Mil\u00e3o :: Canali Inverno 2014&lt;\/p&gt;\n\" data-medium-file=\"https:\/\/i0.wp.com\/agrund.com\/wp-content\/uploads\/sites\/6\/2014\/01\/semana-masculina-de-moda-de-milao-canali-inverno-2014-5.jpg?fit=200%2C300&amp;ssl=1\" data-large-file=\"https:\/\/i0.wp.com\/agrund.com\/wp-content\/uploads\/sites\/6\/2014\/01\/semana-masculina-de-moda-de-milao-canali-inverno-2014-5.jpg?fit=450%2C675&amp;ssl=1\" decoding=\"async\" loading=\"lazy\" class=\"size-large wp-image-93272\" alt=\"Semana Masculina de Moda de Mil\u00e3o :: Canali Inverno 2014\" src=\"https:\/\/i0.wp.com\/www.agrund.com\/wp-content\/uploads\/sites\/6\/cache\/2014\/01\/semana-masculina-de-moda-de-milao-canali-inverno-2014-5\/52205124.jpg?resize=450%2C675\" width=\"450\" height=\"675\" data-recalc-dims=\"1\" \/><\/a><p id=\"caption-attachment-93272\" class=\"wp-caption-text\">Semana Masculina de Moda de Mil\u00e3o :: Canali Inverno 2014<\/p><\/div>\n<div id=\"attachment_93273\" style=\"width: 460px\" class=\"wp-caption aligncenter\"><a href=\"https:\/\/i0.wp.com\/www.agrund.com\/wp-content\/uploads\/sites\/6\/2014\/01\/semana-masculina-de-moda-de-milao-canali-inverno-2014-6.jpg\"><img aria-describedby=\"caption-attachment-93273\" data-attachment-id=\"93273\" data-permalink=\"https:\/\/agrund.com\/index.php\/semana-masculina-de-moda-de-milao-canali-inverno-2014\/semana-masculina-de-moda-de-milao-canali-inverno-2014-6\/\" data-orig-file=\"https:\/\/i0.wp.com\/agrund.com\/wp-content\/uploads\/sites\/6\/2014\/01\/semana-masculina-de-moda-de-milao-canali-inverno-2014-6.jpg?fit=450%2C675&amp;ssl=1\" data-orig-size=\"450,675\" data-comments-opened=\"1\" data-image-meta=\"{&quot;aperture&quot;:&quot;0&quot;,&quot;credit&quot;:&quot;&quot;,&quot;camera&quot;:&quot;&quot;,&quot;caption&quot;:&quot;&quot;,&quot;created_timestamp&quot;:&quot;0&quot;,&quot;copyright&quot;:&quot;Photo: Marcus Tondo \\\/ Indigitalimages.com&quot;,&quot;focal_length&quot;:&quot;0&quot;,&quot;iso&quot;:&quot;0&quot;,&quot;shutter_speed&quot;:&quot;0&quot;,&quot;title&quot;:&quot;&quot;}\" data-image-title=\"semana-masculina-de-moda-de-milao-canali-inverno-2014 (6)\" data-image-description=\"\" data-image-caption=\"&lt;p&gt;Semana Masculina de Moda de Mil\u00e3o :: Canali Inverno 2014&lt;\/p&gt;\n\" data-medium-file=\"https:\/\/i0.wp.com\/agrund.com\/wp-content\/uploads\/sites\/6\/2014\/01\/semana-masculina-de-moda-de-milao-canali-inverno-2014-6.jpg?fit=200%2C300&amp;ssl=1\" data-large-file=\"https:\/\/i0.wp.com\/agrund.com\/wp-content\/uploads\/sites\/6\/2014\/01\/semana-masculina-de-moda-de-milao-canali-inverno-2014-6.jpg?fit=450%2C675&amp;ssl=1\" decoding=\"async\" loading=\"lazy\" class=\"size-large wp-image-93273\" alt=\"Semana Masculina de Moda de Mil\u00e3o :: Canali Inverno 2014\" src=\"https:\/\/i0.wp.com\/www.agrund.com\/wp-content\/uploads\/sites\/6\/cache\/2014\/01\/semana-masculina-de-moda-de-milao-canali-inverno-2014-6\/2375258535.jpg?resize=450%2C675\" width=\"450\" height=\"675\" data-recalc-dims=\"1\" \/><\/a><p id=\"caption-attachment-93273\" class=\"wp-caption-text\">Semana Masculina de Moda de Mil\u00e3o :: Canali Inverno 2014<\/p><\/div>\n<div id=\"attachment_93274\" style=\"width: 460px\" class=\"wp-caption aligncenter\"><a href=\"https:\/\/i0.wp.com\/www.agrund.com\/wp-content\/uploads\/sites\/6\/2014\/01\/semana-masculina-de-moda-de-milao-canali-inverno-2014-7.jpg\"><img aria-describedby=\"caption-attachment-93274\" data-attachment-id=\"93274\" data-permalink=\"https:\/\/agrund.com\/index.php\/semana-masculina-de-moda-de-milao-canali-inverno-2014\/semana-masculina-de-moda-de-milao-canali-inverno-2014-7\/\" data-orig-file=\"https:\/\/i0.wp.com\/agrund.com\/wp-content\/uploads\/sites\/6\/2014\/01\/semana-masculina-de-moda-de-milao-canali-inverno-2014-7.jpg?fit=450%2C675&amp;ssl=1\" data-orig-size=\"450,675\" data-comments-opened=\"1\" data-image-meta=\"{&quot;aperture&quot;:&quot;0&quot;,&quot;credit&quot;:&quot;&quot;,&quot;camera&quot;:&quot;&quot;,&quot;caption&quot;:&quot;&quot;,&quot;created_timestamp&quot;:&quot;0&quot;,&quot;copyright&quot;:&quot;Photo: Marcus Tondo \\\/ Indigitalimages.com&quot;,&quot;focal_length&quot;:&quot;0&quot;,&quot;iso&quot;:&quot;0&quot;,&quot;shutter_speed&quot;:&quot;0&quot;,&quot;title&quot;:&quot;&quot;}\" data-image-title=\"semana-masculina-de-moda-de-milao-canali-inverno-2014 (7)\" data-image-description=\"\" data-image-caption=\"&lt;p&gt;Semana Masculina de Moda de Mil\u00e3o :: Canali Inverno 2014&lt;\/p&gt;\n\" data-medium-file=\"https:\/\/i0.wp.com\/agrund.com\/wp-content\/uploads\/sites\/6\/2014\/01\/semana-masculina-de-moda-de-milao-canali-inverno-2014-7.jpg?fit=200%2C300&amp;ssl=1\" data-large-file=\"https:\/\/i0.wp.com\/agrund.com\/wp-content\/uploads\/sites\/6\/2014\/01\/semana-masculina-de-moda-de-milao-canali-inverno-2014-7.jpg?fit=450%2C675&amp;ssl=1\" decoding=\"async\" loading=\"lazy\" class=\"size-large wp-image-93274\" alt=\"Semana Masculina de Moda de Mil\u00e3o :: Canali Inverno 2014\" src=\"https:\/\/i0.wp.com\/www.agrund.com\/wp-content\/uploads\/sites\/6\/cache\/2014\/01\/semana-masculina-de-moda-de-milao-canali-inverno-2014-7\/1094291769.jpg?resize=450%2C675\" width=\"450\" height=\"675\" data-recalc-dims=\"1\" \/><\/a><p id=\"caption-attachment-93274\" class=\"wp-caption-text\">Semana Masculina de Moda de Mil\u00e3o :: Canali Inverno 2014<\/p><\/div>\n<div id=\"attachment_93275\" style=\"width: 460px\" class=\"wp-caption aligncenter\"><a href=\"https:\/\/i0.wp.com\/www.agrund.com\/wp-content\/uploads\/sites\/6\/2014\/01\/semana-masculina-de-moda-de-milao-canali-inverno-2014-8.jpg\"><img aria-describedby=\"caption-attachment-93275\" data-attachment-id=\"93275\" data-permalink=\"https:\/\/agrund.com\/index.php\/semana-masculina-de-moda-de-milao-canali-inverno-2014\/semana-masculina-de-moda-de-milao-canali-inverno-2014-8\/\" data-orig-file=\"https:\/\/i0.wp.com\/agrund.com\/wp-content\/uploads\/sites\/6\/2014\/01\/semana-masculina-de-moda-de-milao-canali-inverno-2014-8.jpg?fit=450%2C675&amp;ssl=1\" data-orig-size=\"450,675\" data-comments-opened=\"1\" data-image-meta=\"{&quot;aperture&quot;:&quot;0&quot;,&quot;credit&quot;:&quot;&quot;,&quot;camera&quot;:&quot;&quot;,&quot;caption&quot;:&quot;&quot;,&quot;created_timestamp&quot;:&quot;0&quot;,&quot;copyright&quot;:&quot;Photo: Marcus Tondo \\\/ Indigitalimages.com&quot;,&quot;focal_length&quot;:&quot;0&quot;,&quot;iso&quot;:&quot;0&quot;,&quot;shutter_speed&quot;:&quot;0&quot;,&quot;title&quot;:&quot;&quot;}\" data-image-title=\"semana-masculina-de-moda-de-milao-canali-inverno-2014 (8)\" data-image-description=\"\" data-image-caption=\"&lt;p&gt;Semana Masculina de Moda de Mil\u00e3o :: Canali Inverno 2014&lt;\/p&gt;\n\" data-medium-file=\"https:\/\/i0.wp.com\/agrund.com\/wp-content\/uploads\/sites\/6\/2014\/01\/semana-masculina-de-moda-de-milao-canali-inverno-2014-8.jpg?fit=200%2C300&amp;ssl=1\" data-large-file=\"https:\/\/i0.wp.com\/agrund.com\/wp-content\/uploads\/sites\/6\/2014\/01\/semana-masculina-de-moda-de-milao-canali-inverno-2014-8.jpg?fit=450%2C675&amp;ssl=1\" decoding=\"async\" loading=\"lazy\" class=\"size-large wp-image-93275\" alt=\"Semana Masculina de Moda de Mil\u00e3o :: Canali Inverno 2014\" src=\"https:\/\/i0.wp.com\/www.agrund.com\/wp-content\/uploads\/sites\/6\/cache\/2014\/01\/semana-masculina-de-moda-de-milao-canali-inverno-2014-8\/2551808917.jpg?resize=450%2C675\" width=\"450\" height=\"675\" data-recalc-dims=\"1\" \/><\/a><p id=\"caption-attachment-93275\" class=\"wp-caption-text\">Semana Masculina de Moda de Mil\u00e3o :: Canali Inverno 2014<\/p><\/div>\n<div id=\"attachment_93276\" style=\"width: 460px\" class=\"wp-caption aligncenter\"><a href=\"https:\/\/i0.wp.com\/www.agrund.com\/wp-content\/uploads\/sites\/6\/2014\/01\/semana-masculina-de-moda-de-milao-canali-inverno-2014-9.jpg\"><img aria-describedby=\"caption-attachment-93276\" data-attachment-id=\"93276\" data-permalink=\"https:\/\/agrund.com\/index.php\/semana-masculina-de-moda-de-milao-canali-inverno-2014\/semana-masculina-de-moda-de-milao-canali-inverno-2014-9\/\" data-orig-file=\"https:\/\/i0.wp.com\/agrund.com\/wp-content\/uploads\/sites\/6\/2014\/01\/semana-masculina-de-moda-de-milao-canali-inverno-2014-9.jpg?fit=450%2C675&amp;ssl=1\" data-orig-size=\"450,675\" data-comments-opened=\"1\" data-image-meta=\"{&quot;aperture&quot;:&quot;0&quot;,&quot;credit&quot;:&quot;&quot;,&quot;camera&quot;:&quot;&quot;,&quot;caption&quot;:&quot;&quot;,&quot;created_timestamp&quot;:&quot;0&quot;,&quot;copyright&quot;:&quot;Photo: Marcus Tondo \\\/ Indigitalimages.com&quot;,&quot;focal_length&quot;:&quot;0&quot;,&quot;iso&quot;:&quot;0&quot;,&quot;shutter_speed&quot;:&quot;0&quot;,&quot;title&quot;:&quot;&quot;}\" data-image-title=\"semana-masculina-de-moda-de-milao-canali-inverno-2014 (9)\" data-image-description=\"\" data-image-caption=\"&lt;p&gt;Semana Masculina de Moda de Mil\u00e3o :: Canali Inverno 2014&lt;\/p&gt;\n\" data-medium-file=\"https:\/\/i0.wp.com\/agrund.com\/wp-content\/uploads\/sites\/6\/2014\/01\/semana-masculina-de-moda-de-milao-canali-inverno-2014-9.jpg?fit=200%2C300&amp;ssl=1\" data-large-file=\"https:\/\/i0.wp.com\/agrund.com\/wp-content\/uploads\/sites\/6\/2014\/01\/semana-masculina-de-moda-de-milao-canali-inverno-2014-9.jpg?fit=450%2C675&amp;ssl=1\" decoding=\"async\" loading=\"lazy\" class=\"size-large wp-image-93276\" alt=\"Semana Masculina de Moda de Mil\u00e3o :: Canali Inverno 2014\" src=\"https:\/\/i0.wp.com\/www.agrund.com\/wp-content\/uploads\/sites\/6\/cache\/2014\/01\/semana-masculina-de-moda-de-milao-canali-inverno-2014-9\/1421050635.jpg?resize=450%2C675\" width=\"450\" height=\"675\" data-recalc-dims=\"1\" \/><\/a><p id=\"caption-attachment-93276\" class=\"wp-caption-text\">Semana Masculina de Moda de Mil\u00e3o :: Canali Inverno 2014<\/p><\/div>\n<div id=\"attachment_93277\" style=\"width: 460px\" class=\"wp-caption aligncenter\"><a href=\"https:\/\/i0.wp.com\/www.agrund.com\/wp-content\/uploads\/sites\/6\/2014\/01\/semana-masculina-de-moda-de-milao-canali-inverno-2014-10.jpg\"><img aria-describedby=\"caption-attachment-93277\" data-attachment-id=\"93277\" data-permalink=\"https:\/\/agrund.com\/index.php\/semana-masculina-de-moda-de-milao-canali-inverno-2014\/semana-masculina-de-moda-de-milao-canali-inverno-2014-10\/\" data-orig-file=\"https:\/\/i0.wp.com\/agrund.com\/wp-content\/uploads\/sites\/6\/2014\/01\/semana-masculina-de-moda-de-milao-canali-inverno-2014-10.jpg?fit=450%2C675&amp;ssl=1\" data-orig-size=\"450,675\" data-comments-opened=\"1\" data-image-meta=\"{&quot;aperture&quot;:&quot;0&quot;,&quot;credit&quot;:&quot;&quot;,&quot;camera&quot;:&quot;&quot;,&quot;caption&quot;:&quot;&quot;,&quot;created_timestamp&quot;:&quot;0&quot;,&quot;copyright&quot;:&quot;Photo: Marcus Tondo \\\/ Indigitalimages.com&quot;,&quot;focal_length&quot;:&quot;0&quot;,&quot;iso&quot;:&quot;0&quot;,&quot;shutter_speed&quot;:&quot;0&quot;,&quot;title&quot;:&quot;&quot;}\" data-image-title=\"semana-masculina-de-moda-de-milao-canali-inverno-2014 (10)\" data-image-description=\"\" data-image-caption=\"&lt;p&gt;Semana Masculina de Moda de Mil\u00e3o :: Canali Inverno 2014&lt;\/p&gt;\n\" data-medium-file=\"https:\/\/i0.wp.com\/agrund.com\/wp-content\/uploads\/sites\/6\/2014\/01\/semana-masculina-de-moda-de-milao-canali-inverno-2014-10.jpg?fit=200%2C300&amp;ssl=1\" data-large-file=\"https:\/\/i0.wp.com\/agrund.com\/wp-content\/uploads\/sites\/6\/2014\/01\/semana-masculina-de-moda-de-milao-canali-inverno-2014-10.jpg?fit=450%2C675&amp;ssl=1\" decoding=\"async\" loading=\"lazy\" class=\"size-large wp-image-93277\" alt=\"Semana Masculina de Moda de Mil\u00e3o :: Canali Inverno 2014\" src=\"https:\/\/i0.wp.com\/www.agrund.com\/wp-content\/uploads\/sites\/6\/cache\/2014\/01\/semana-masculina-de-moda-de-milao-canali-inverno-2014-10\/588842033.jpg?resize=450%2C675\" width=\"450\" height=\"675\" data-recalc-dims=\"1\" \/><\/a><p id=\"caption-attachment-93277\" class=\"wp-caption-text\">Semana Masculina de Moda de Mil\u00e3o :: Canali Inverno 2014<\/p><\/div>\n<div id=\"attachment_93278\" style=\"width: 460px\" class=\"wp-caption aligncenter\"><a href=\"https:\/\/i0.wp.com\/www.agrund.com\/wp-content\/uploads\/sites\/6\/2014\/01\/semana-masculina-de-moda-de-milao-canali-inverno-2014-11.jpg\"><img aria-describedby=\"caption-attachment-93278\" data-attachment-id=\"93278\" data-permalink=\"https:\/\/agrund.com\/index.php\/semana-masculina-de-moda-de-milao-canali-inverno-2014\/semana-masculina-de-moda-de-milao-canali-inverno-2014-11\/\" data-orig-file=\"https:\/\/i0.wp.com\/agrund.com\/wp-content\/uploads\/sites\/6\/2014\/01\/semana-masculina-de-moda-de-milao-canali-inverno-2014-11.jpg?fit=450%2C675&amp;ssl=1\" data-orig-size=\"450,675\" data-comments-opened=\"1\" data-image-meta=\"{&quot;aperture&quot;:&quot;0&quot;,&quot;credit&quot;:&quot;&quot;,&quot;camera&quot;:&quot;&quot;,&quot;caption&quot;:&quot;&quot;,&quot;created_timestamp&quot;:&quot;0&quot;,&quot;copyright&quot;:&quot;Photo: Marcus Tondo \\\/ Indigitalimages.com&quot;,&quot;focal_length&quot;:&quot;0&quot;,&quot;iso&quot;:&quot;0&quot;,&quot;shutter_speed&quot;:&quot;0&quot;,&quot;title&quot;:&quot;&quot;}\" data-image-title=\"semana-masculina-de-moda-de-milao-canali-inverno-2014 (11)\" data-image-description=\"\" data-image-caption=\"&lt;p&gt;Semana Masculina de Moda de Mil\u00e3o :: Canali Inverno 2014&lt;\/p&gt;\n\" data-medium-file=\"https:\/\/i0.wp.com\/agrund.com\/wp-content\/uploads\/sites\/6\/2014\/01\/semana-masculina-de-moda-de-milao-canali-inverno-2014-11.jpg?fit=200%2C300&amp;ssl=1\" data-large-file=\"https:\/\/i0.wp.com\/agrund.com\/wp-content\/uploads\/sites\/6\/2014\/01\/semana-masculina-de-moda-de-milao-canali-inverno-2014-11.jpg?fit=450%2C675&amp;ssl=1\" decoding=\"async\" loading=\"lazy\" class=\"size-large wp-image-93278\" alt=\"Semana Masculina de Moda de Mil\u00e3o :: Canali Inverno 2014\" src=\"https:\/\/i0.wp.com\/www.agrund.com\/wp-content\/uploads\/sites\/6\/cache\/2014\/01\/semana-masculina-de-moda-de-milao-canali-inverno-2014-11\/4021486767.jpg?resize=450%2C675\" width=\"450\" height=\"675\" data-recalc-dims=\"1\" \/><\/a><p id=\"caption-attachment-93278\" class=\"wp-caption-text\">Semana Masculina de Moda de Mil\u00e3o :: Canali Inverno 2014<\/p><\/div>\n<div id=\"attachment_93279\" style=\"width: 460px\" class=\"wp-caption aligncenter\"><a href=\"https:\/\/i0.wp.com\/www.agrund.com\/wp-content\/uploads\/sites\/6\/2014\/01\/semana-masculina-de-moda-de-milao-canali-inverno-2014-12.jpg\"><img aria-describedby=\"caption-attachment-93279\" data-attachment-id=\"93279\" data-permalink=\"https:\/\/agrund.com\/index.php\/semana-masculina-de-moda-de-milao-canali-inverno-2014\/semana-masculina-de-moda-de-milao-canali-inverno-2014-12\/\" data-orig-file=\"https:\/\/i0.wp.com\/agrund.com\/wp-content\/uploads\/sites\/6\/2014\/01\/semana-masculina-de-moda-de-milao-canali-inverno-2014-12.jpg?fit=450%2C675&amp;ssl=1\" data-orig-size=\"450,675\" data-comments-opened=\"1\" data-image-meta=\"{&quot;aperture&quot;:&quot;0&quot;,&quot;credit&quot;:&quot;&quot;,&quot;camera&quot;:&quot;&quot;,&quot;caption&quot;:&quot;&quot;,&quot;created_timestamp&quot;:&quot;0&quot;,&quot;copyright&quot;:&quot;Photo: Marcus Tondo \\\/ Indigitalimages.com&quot;,&quot;focal_length&quot;:&quot;0&quot;,&quot;iso&quot;:&quot;0&quot;,&quot;shutter_speed&quot;:&quot;0&quot;,&quot;title&quot;:&quot;&quot;}\" data-image-title=\"semana-masculina-de-moda-de-milao-canali-inverno-2014 (12)\" data-image-description=\"\" data-image-caption=\"&lt;p&gt;Semana Masculina de Moda de Mil\u00e3o :: Canali Inverno 2014&lt;\/p&gt;\n\" data-medium-file=\"https:\/\/i0.wp.com\/agrund.com\/wp-content\/uploads\/sites\/6\/2014\/01\/semana-masculina-de-moda-de-milao-canali-inverno-2014-12.jpg?fit=200%2C300&amp;ssl=1\" data-large-file=\"https:\/\/i0.wp.com\/agrund.com\/wp-content\/uploads\/sites\/6\/2014\/01\/semana-masculina-de-moda-de-milao-canali-inverno-2014-12.jpg?fit=450%2C675&amp;ssl=1\" decoding=\"async\" loading=\"lazy\" class=\"size-large wp-image-93279\" alt=\"Semana Masculina de Moda de Mil\u00e3o :: Canali Inverno 2014\" src=\"https:\/\/i0.wp.com\/www.agrund.com\/wp-content\/uploads\/sites\/6\/cache\/2014\/01\/semana-masculina-de-moda-de-milao-canali-inverno-2014-12\/1631322956.jpg?resize=450%2C675\" width=\"450\" height=\"675\" data-recalc-dims=\"1\" \/><\/a><p id=\"caption-attachment-93279\" class=\"wp-caption-text\">Semana Masculina de Moda de Mil\u00e3o :: Canali Inverno 2014<\/p><\/div>\n<p>Imagens: Reprodu\u00e7\u00e3o.<\/p>\n","protected":false},"excerpt":{"rendered":"<p>O fato \u00e9 que as marcas est\u00e3o voltando seus olhos para o p\u00fablico mais jovem. A Canali Inverno 2014\/2015 mostrou uma cole\u00e7\u00e3o comercial e bem atual com refer\u00eancias de moda para deixar qualquer homem elegante. A cintura marcada e as golas mais trabalhadas apareceram para modernizar a alfaiataria. Tecidos pesados se unem e comp\u00f5em bons [&hellip;]<\/p>\n","protected":false},"author":1,"featured_media":93280,"comment_status":"open","ping_status":"open","sticky":false,"template":"","format":"standard","meta":{"jetpack_post_was_ever_published":false,"_jetpack_newsletter_access":"","jetpack_publicize_message":"","jetpack_is_tweetstorm":false,"jetpack_publicize_feature_enabled":true,"jetpack_social_post_already_shared":true,"jetpack_social_options":{"image_generator_settings":{"template":"highway","enabled":false}}},"categories":[21,2],"tags":[],"jetpack_publicize_connections":[],"jetpack_featured_media_url":"https:\/\/i0.wp.com\/agrund.com\/wp-content\/uploads\/sites\/6\/2014\/01\/slide64.jpg?fit=960%2C300&ssl=1","jetpack_sharing_enabled":true,"jetpack_shortlink":"https:\/\/wp.me\/p3Hz0n-ogj","jetpack_likes_enabled":true,"_links":{"self":[{"href":"https:\/\/agrund.com\/index.php\/wp-json\/wp\/v2\/posts\/93267"}],"collection":[{"href":"https:\/\/agrund.com\/index.php\/wp-json\/wp\/v2\/posts"}],"about":[{"href":"https:\/\/agrund.com\/index.php\/wp-json\/wp\/v2\/types\/post"}],"author":[{"embeddable":true,"href":"https:\/\/agrund.com\/index.php\/wp-json\/wp\/v2\/users\/1"}],"replies":[{"embeddable":true,"href":"https:\/\/agrund.com\/index.php\/wp-json\/wp\/v2\/comments?post=93267"}],"version-history":[{"count":0,"href":"https:\/\/agrund.com\/index.php\/wp-json\/wp\/v2\/posts\/93267\/revisions"}],"wp:featuredmedia":[{"embeddable":true,"href":"https:\/\/agrund.com\/index.php\/wp-json\/wp\/v2\/media\/93280"}],"wp:attachment":[{"href":"https:\/\/agrund.com\/index.php\/wp-json\/wp\/v2\/media?parent=93267"}],"wp:term":[{"taxonomy":"category","embeddable":true,"href":"https:\/\/agrund.com\/index.php\/wp-json\/wp\/v2\/categories?post=93267"},{"taxonomy":"post_tag","embeddable":true,"href":"https:\/\/agrund.com\/index.php\/wp-json\/wp\/v2\/tags?post=93267"}],"curies":[{"name":"wp","href":"https:\/\/api.w.org\/{rel}","templated":true}]}}