{"id":93148,"date":"2014-01-13T16:00:13","date_gmt":"2014-01-13T18:00:13","guid":{"rendered":"http:\/\/www.agrund.com\/?p=93148"},"modified":"2014-01-13T17:06:08","modified_gmt":"2014-01-13T19:06:08","slug":"os-looks-do-tapete-vermelho-do-golden-globe-awards","status":"publish","type":"post","link":"https:\/\/agrund.com\/index.php\/os-looks-do-tapete-vermelho-do-golden-globe-awards\/","title":{"rendered":"Moda Masculina :: Os looks do tapete vermelho do Golden Globe Awards"},"content":{"rendered":"<p>Ontem foi dada a largada para as cerim\u00f4nias de premia\u00e7\u00e3o da ind\u00fastria cinematogr\u00e1fica, televisiva e de m\u00fasica. E n\u00f3s, \u00e9 claro, estaremos de olho em todos os tapetes vermelhos que aparecerem. O mais legal \u00e9 ver que os homens tamb\u00e9m est\u00e3o se preocupando com o visual. Antes era a lei do que servir. Agora existem op\u00e7\u00f5es de marcas que querem vestir celebridades e que fazem pe\u00e7as sob medida e que caem como uma luva. Para ilustrar bem o que quero dizer, escolhi o ator e cantor Jared Leto, que usa um terno Saint Laurent e brilha no tapete vermelho. Empatado com o jovem gal\u00e3 vem Bradley Cooper usando um belo e bem cortado terno do estilista americano Tom Ford.<\/p>\n<div id=\"attachment_93149\" style=\"width: 410px\" class=\"wp-caption aligncenter\"><a href=\"https:\/\/i0.wp.com\/www.agrund.com\/wp-content\/uploads\/sites\/6\/2014\/01\/1-Jared-Leto-usa-Saint-Laurent.jpg\"><img aria-describedby=\"caption-attachment-93149\" data-attachment-id=\"93149\" data-permalink=\"https:\/\/agrund.com\/index.php\/os-looks-do-tapete-vermelho-do-golden-globe-awards\/1-jared-leto-usa-saint-laurent\/\" data-orig-file=\"https:\/\/i0.wp.com\/agrund.com\/wp-content\/uploads\/sites\/6\/2014\/01\/1-Jared-Leto-usa-Saint-Laurent.jpg?fit=400%2C600&amp;ssl=1\" data-orig-size=\"400,600\" data-comments-opened=\"1\" data-image-meta=\"{&quot;aperture&quot;:&quot;0&quot;,&quot;credit&quot;:&quot;&quot;,&quot;camera&quot;:&quot;&quot;,&quot;caption&quot;:&quot;&quot;,&quot;created_timestamp&quot;:&quot;0&quot;,&quot;copyright&quot;:&quot;2014 Steve Granitz&quot;,&quot;focal_length&quot;:&quot;0&quot;,&quot;iso&quot;:&quot;0&quot;,&quot;shutter_speed&quot;:&quot;0&quot;,&quot;title&quot;:&quot;&quot;}\" data-image-title=\"Moda Masculina :: Os looks do Tapete vermelho do Golden Globe Awards \" data-image-description=\"\" data-image-caption=\"&lt;p&gt;Jared Leto usa Saint Laurent&lt;\/p&gt;\n\" data-medium-file=\"https:\/\/i0.wp.com\/agrund.com\/wp-content\/uploads\/sites\/6\/2014\/01\/1-Jared-Leto-usa-Saint-Laurent.jpg?fit=200%2C300&amp;ssl=1\" data-large-file=\"https:\/\/i0.wp.com\/agrund.com\/wp-content\/uploads\/sites\/6\/2014\/01\/1-Jared-Leto-usa-Saint-Laurent.jpg?fit=400%2C600&amp;ssl=1\" decoding=\"async\" loading=\"lazy\" class=\"size-full wp-image-93149\" alt=\"Moda Masculina :: Os looks do Tapete vermelho do Golden Globe Awards \" src=\"https:\/\/i0.wp.com\/www.agrund.com\/wp-content\/uploads\/sites\/6\/2014\/01\/1-Jared-Leto-usa-Saint-Laurent.jpg?resize=400%2C600\" width=\"400\" height=\"600\" srcset=\"https:\/\/i0.wp.com\/agrund.com\/wp-content\/uploads\/sites\/6\/2014\/01\/1-Jared-Leto-usa-Saint-Laurent.jpg?w=400&amp;ssl=1 400w, https:\/\/i0.wp.com\/agrund.com\/wp-content\/uploads\/sites\/6\/2014\/01\/1-Jared-Leto-usa-Saint-Laurent.jpg?resize=200%2C300&amp;ssl=1 200w\" sizes=\"(max-width: 400px) 100vw, 400px\" data-recalc-dims=\"1\" \/><\/a><p id=\"caption-attachment-93149\" class=\"wp-caption-text\">Jared Leto usa Saint Laurent<\/p><\/div>\n<div id=\"attachment_93150\" style=\"width: 410px\" class=\"wp-caption aligncenter\"><a href=\"https:\/\/i0.wp.com\/www.agrund.com\/wp-content\/uploads\/sites\/6\/2014\/01\/2-Bradley-Cooper-de-Tom-Ford.jpg\"><img aria-describedby=\"caption-attachment-93150\" data-attachment-id=\"93150\" data-permalink=\"https:\/\/agrund.com\/index.php\/os-looks-do-tapete-vermelho-do-golden-globe-awards\/2-bradley-cooper-de-tom-ford\/\" data-orig-file=\"https:\/\/i0.wp.com\/agrund.com\/wp-content\/uploads\/sites\/6\/2014\/01\/2-Bradley-Cooper-de-Tom-Ford.jpg?fit=400%2C600&amp;ssl=1\" data-orig-size=\"400,600\" data-comments-opened=\"1\" data-image-meta=\"{&quot;aperture&quot;:&quot;0&quot;,&quot;credit&quot;:&quot;&quot;,&quot;camera&quot;:&quot;&quot;,&quot;caption&quot;:&quot;&quot;,&quot;created_timestamp&quot;:&quot;0&quot;,&quot;copyright&quot;:&quot;2014 Getty Images&quot;,&quot;focal_length&quot;:&quot;0&quot;,&quot;iso&quot;:&quot;0&quot;,&quot;shutter_speed&quot;:&quot;0&quot;,&quot;title&quot;:&quot;&quot;}\" data-image-title=\"Moda Masculina :: Os looks do Tapete vermelho do Golden Globe Awards \" data-image-description=\"\" data-image-caption=\"&lt;p&gt;Bradley Cooper de Tom Ford&lt;\/p&gt;\n\" data-medium-file=\"https:\/\/i0.wp.com\/agrund.com\/wp-content\/uploads\/sites\/6\/2014\/01\/2-Bradley-Cooper-de-Tom-Ford.jpg?fit=200%2C300&amp;ssl=1\" data-large-file=\"https:\/\/i0.wp.com\/agrund.com\/wp-content\/uploads\/sites\/6\/2014\/01\/2-Bradley-Cooper-de-Tom-Ford.jpg?fit=400%2C600&amp;ssl=1\" decoding=\"async\" loading=\"lazy\" class=\"size-full wp-image-93150\" alt=\"Moda Masculina :: Os looks do Tapete vermelho do Golden Globe Awards \" src=\"https:\/\/i0.wp.com\/www.agrund.com\/wp-content\/uploads\/sites\/6\/2014\/01\/2-Bradley-Cooper-de-Tom-Ford.jpg?resize=400%2C600\" width=\"400\" height=\"600\" srcset=\"https:\/\/i0.wp.com\/agrund.com\/wp-content\/uploads\/sites\/6\/2014\/01\/2-Bradley-Cooper-de-Tom-Ford.jpg?w=400&amp;ssl=1 400w, https:\/\/i0.wp.com\/agrund.com\/wp-content\/uploads\/sites\/6\/2014\/01\/2-Bradley-Cooper-de-Tom-Ford.jpg?resize=200%2C300&amp;ssl=1 200w\" sizes=\"(max-width: 400px) 100vw, 400px\" data-recalc-dims=\"1\" \/><\/a><p id=\"caption-attachment-93150\" class=\"wp-caption-text\">Bradley Cooper de Tom Ford<\/p><\/div>\n<p>&nbsp;<\/p>\n<div dir=\"ltr\">\n<p>Depois de ver os dois tops da lista, confira a eleg\u00e2ncia e o estilo de cada um. A alfaiataria mais pr\u00f3xima ao corpo foi a escolhida por todos, at\u00e9 por quem n\u00e3o est\u00e1 t\u00e3o em dia com a balan\u00e7a, n\u00e3o \u00e9 mesmo Leo DiCaprio?<\/p>\n<div id=\"attachment_93151\" style=\"width: 410px\" class=\"wp-caption aligncenter\"><a href=\"https:\/\/i0.wp.com\/www.agrund.com\/wp-content\/uploads\/sites\/6\/2014\/01\/10-Leonardo-DiCaprio-usai-Giorgio-Armani.jpg\"><img aria-describedby=\"caption-attachment-93151\" data-attachment-id=\"93151\" data-permalink=\"https:\/\/agrund.com\/index.php\/os-looks-do-tapete-vermelho-do-golden-globe-awards\/10-leonardo-dicaprio-usai-giorgio-armani\/\" data-orig-file=\"https:\/\/i0.wp.com\/agrund.com\/wp-content\/uploads\/sites\/6\/2014\/01\/10-Leonardo-DiCaprio-usai-Giorgio-Armani.jpg?fit=400%2C600&amp;ssl=1\" data-orig-size=\"400,600\" data-comments-opened=\"1\" data-image-meta=\"{&quot;aperture&quot;:&quot;0&quot;,&quot;credit&quot;:&quot;&quot;,&quot;camera&quot;:&quot;&quot;,&quot;caption&quot;:&quot;&quot;,&quot;created_timestamp&quot;:&quot;0&quot;,&quot;copyright&quot;:&quot;Copyright (c) 2014 Rex USA. No use without permission.&quot;,&quot;focal_length&quot;:&quot;0&quot;,&quot;iso&quot;:&quot;0&quot;,&quot;shutter_speed&quot;:&quot;0&quot;,&quot;title&quot;:&quot;&quot;}\" data-image-title=\"Moda Masculina :: Os looks do Tapete vermelho do Golden Globe Awards \" data-image-description=\"\" data-image-caption=\"&lt;p&gt;Leonardo DiCaprio usa Giorgio Armani&lt;\/p&gt;\n\" data-medium-file=\"https:\/\/i0.wp.com\/agrund.com\/wp-content\/uploads\/sites\/6\/2014\/01\/10-Leonardo-DiCaprio-usai-Giorgio-Armani.jpg?fit=200%2C300&amp;ssl=1\" data-large-file=\"https:\/\/i0.wp.com\/agrund.com\/wp-content\/uploads\/sites\/6\/2014\/01\/10-Leonardo-DiCaprio-usai-Giorgio-Armani.jpg?fit=400%2C600&amp;ssl=1\" decoding=\"async\" loading=\"lazy\" class=\"size-full wp-image-93151\" alt=\"Moda Masculina :: Os looks do Tapete vermelho do Golden Globe Awards \" src=\"https:\/\/i0.wp.com\/www.agrund.com\/wp-content\/uploads\/sites\/6\/2014\/01\/10-Leonardo-DiCaprio-usai-Giorgio-Armani.jpg?resize=400%2C600\" width=\"400\" height=\"600\" srcset=\"https:\/\/i0.wp.com\/agrund.com\/wp-content\/uploads\/sites\/6\/2014\/01\/10-Leonardo-DiCaprio-usai-Giorgio-Armani.jpg?w=400&amp;ssl=1 400w, https:\/\/i0.wp.com\/agrund.com\/wp-content\/uploads\/sites\/6\/2014\/01\/10-Leonardo-DiCaprio-usai-Giorgio-Armani.jpg?resize=200%2C300&amp;ssl=1 200w\" sizes=\"(max-width: 400px) 100vw, 400px\" data-recalc-dims=\"1\" \/><\/a><p id=\"caption-attachment-93151\" class=\"wp-caption-text\">Leonardo DiCaprio usa Giorgio Armani<\/p><\/div>\n<div id=\"attachment_93152\" style=\"width: 410px\" class=\"wp-caption aligncenter\"><a href=\"https:\/\/i0.wp.com\/www.agrund.com\/wp-content\/uploads\/sites\/6\/2014\/01\/Chris-Pine-usa-Ermenegildo-Zegna.jpg\"><img aria-describedby=\"caption-attachment-93152\" data-attachment-id=\"93152\" data-permalink=\"https:\/\/agrund.com\/index.php\/os-looks-do-tapete-vermelho-do-golden-globe-awards\/chris-pine-usa-ermenegildo-zegna\/\" data-orig-file=\"https:\/\/i0.wp.com\/agrund.com\/wp-content\/uploads\/sites\/6\/2014\/01\/Chris-Pine-usa-Ermenegildo-Zegna.jpg?fit=400%2C600&amp;ssl=1\" data-orig-size=\"400,600\" data-comments-opened=\"1\" data-image-meta=\"{&quot;aperture&quot;:&quot;0&quot;,&quot;credit&quot;:&quot;&quot;,&quot;camera&quot;:&quot;&quot;,&quot;caption&quot;:&quot;&quot;,&quot;created_timestamp&quot;:&quot;0&quot;,&quot;copyright&quot;:&quot;2014 Jeff Vespa&quot;,&quot;focal_length&quot;:&quot;0&quot;,&quot;iso&quot;:&quot;0&quot;,&quot;shutter_speed&quot;:&quot;0&quot;,&quot;title&quot;:&quot;&quot;}\" data-image-title=\"Moda Masculina :: Os looks do Tapete vermelho do Golden Globe Awards \" data-image-description=\"\" data-image-caption=\"&lt;p&gt;Chris Pine usa Ermenegildo Zegna&lt;\/p&gt;\n\" data-medium-file=\"https:\/\/i0.wp.com\/agrund.com\/wp-content\/uploads\/sites\/6\/2014\/01\/Chris-Pine-usa-Ermenegildo-Zegna.jpg?fit=200%2C300&amp;ssl=1\" data-large-file=\"https:\/\/i0.wp.com\/agrund.com\/wp-content\/uploads\/sites\/6\/2014\/01\/Chris-Pine-usa-Ermenegildo-Zegna.jpg?fit=400%2C600&amp;ssl=1\" decoding=\"async\" loading=\"lazy\" class=\"size-full wp-image-93152\" alt=\"Moda Masculina :: Os looks do Tapete vermelho do Golden Globe Awards \" src=\"https:\/\/i0.wp.com\/www.agrund.com\/wp-content\/uploads\/sites\/6\/2014\/01\/Chris-Pine-usa-Ermenegildo-Zegna.jpg?resize=400%2C600\" width=\"400\" height=\"600\" srcset=\"https:\/\/i0.wp.com\/agrund.com\/wp-content\/uploads\/sites\/6\/2014\/01\/Chris-Pine-usa-Ermenegildo-Zegna.jpg?w=400&amp;ssl=1 400w, https:\/\/i0.wp.com\/agrund.com\/wp-content\/uploads\/sites\/6\/2014\/01\/Chris-Pine-usa-Ermenegildo-Zegna.jpg?resize=200%2C300&amp;ssl=1 200w\" sizes=\"(max-width: 400px) 100vw, 400px\" data-recalc-dims=\"1\" \/><\/a><p id=\"caption-attachment-93152\" class=\"wp-caption-text\">Chris Pine usa Ermenegildo Zegna<\/p><\/div>\n<div id=\"attachment_93153\" style=\"width: 410px\" class=\"wp-caption aligncenter\"><a href=\"https:\/\/i0.wp.com\/www.agrund.com\/wp-content\/uploads\/sites\/6\/2014\/01\/Michael-Douglas-usa-Canali.jpg\"><img aria-describedby=\"caption-attachment-93153\" data-attachment-id=\"93153\" data-permalink=\"https:\/\/agrund.com\/index.php\/os-looks-do-tapete-vermelho-do-golden-globe-awards\/michael-douglas-usa-canali\/\" data-orig-file=\"https:\/\/i0.wp.com\/agrund.com\/wp-content\/uploads\/sites\/6\/2014\/01\/Michael-Douglas-usa-Canali.jpg?fit=400%2C600&amp;ssl=1\" data-orig-size=\"400,600\" data-comments-opened=\"1\" data-image-meta=\"{&quot;aperture&quot;:&quot;0&quot;,&quot;credit&quot;:&quot;&quot;,&quot;camera&quot;:&quot;&quot;,&quot;caption&quot;:&quot;&quot;,&quot;created_timestamp&quot;:&quot;0&quot;,&quot;copyright&quot;:&quot;2014 Kevork Djansezian\\\/NBC&quot;,&quot;focal_length&quot;:&quot;0&quot;,&quot;iso&quot;:&quot;0&quot;,&quot;shutter_speed&quot;:&quot;0&quot;,&quot;title&quot;:&quot;&quot;}\" data-image-title=\"Moda Masculina :: Os looks do Tapete vermelho do Golden Globe Awards \" data-image-description=\"\" data-image-caption=\"&lt;p&gt;Michael Douglas usa Canali&lt;\/p&gt;\n\" data-medium-file=\"https:\/\/i0.wp.com\/agrund.com\/wp-content\/uploads\/sites\/6\/2014\/01\/Michael-Douglas-usa-Canali.jpg?fit=200%2C300&amp;ssl=1\" data-large-file=\"https:\/\/i0.wp.com\/agrund.com\/wp-content\/uploads\/sites\/6\/2014\/01\/Michael-Douglas-usa-Canali.jpg?fit=400%2C600&amp;ssl=1\" decoding=\"async\" loading=\"lazy\" class=\"size-full wp-image-93153\" alt=\"Moda Masculina :: Os looks do Tapete vermelho do Golden Globe Awards \" src=\"https:\/\/i0.wp.com\/www.agrund.com\/wp-content\/uploads\/sites\/6\/2014\/01\/Michael-Douglas-usa-Canali.jpg?resize=400%2C600\" width=\"400\" height=\"600\" srcset=\"https:\/\/i0.wp.com\/agrund.com\/wp-content\/uploads\/sites\/6\/2014\/01\/Michael-Douglas-usa-Canali.jpg?w=400&amp;ssl=1 400w, https:\/\/i0.wp.com\/agrund.com\/wp-content\/uploads\/sites\/6\/2014\/01\/Michael-Douglas-usa-Canali.jpg?resize=200%2C300&amp;ssl=1 200w\" sizes=\"(max-width: 400px) 100vw, 400px\" data-recalc-dims=\"1\" \/><\/a><p id=\"caption-attachment-93153\" class=\"wp-caption-text\">Michael Douglas usa Canali<\/p><\/div>\n<div id=\"attachment_93154\" style=\"width: 410px\" class=\"wp-caption aligncenter\"><a href=\"https:\/\/i0.wp.com\/www.agrund.com\/wp-content\/uploads\/sites\/6\/2014\/01\/Michael-Fassbender.jpg\"><img aria-describedby=\"caption-attachment-93154\" data-attachment-id=\"93154\" data-permalink=\"https:\/\/agrund.com\/index.php\/os-looks-do-tapete-vermelho-do-golden-globe-awards\/michael-fassbender\/\" data-orig-file=\"https:\/\/i0.wp.com\/agrund.com\/wp-content\/uploads\/sites\/6\/2014\/01\/Michael-Fassbender.jpg?fit=400%2C600&amp;ssl=1\" data-orig-size=\"400,600\" data-comments-opened=\"1\" data-image-meta=\"{&quot;aperture&quot;:&quot;0&quot;,&quot;credit&quot;:&quot;&quot;,&quot;camera&quot;:&quot;&quot;,&quot;caption&quot;:&quot;&quot;,&quot;created_timestamp&quot;:&quot;0&quot;,&quot;copyright&quot;:&quot;2014 Getty Images&quot;,&quot;focal_length&quot;:&quot;0&quot;,&quot;iso&quot;:&quot;0&quot;,&quot;shutter_speed&quot;:&quot;0&quot;,&quot;title&quot;:&quot;&quot;}\" data-image-title=\"Moda Masculina :: Os looks do Tapete vermelho do Golden Globe Awards \" data-image-description=\"\" data-image-caption=\"&lt;p&gt;Michael Fassbender&lt;\/p&gt;\n\" data-medium-file=\"https:\/\/i0.wp.com\/agrund.com\/wp-content\/uploads\/sites\/6\/2014\/01\/Michael-Fassbender.jpg?fit=200%2C300&amp;ssl=1\" data-large-file=\"https:\/\/i0.wp.com\/agrund.com\/wp-content\/uploads\/sites\/6\/2014\/01\/Michael-Fassbender.jpg?fit=400%2C600&amp;ssl=1\" decoding=\"async\" loading=\"lazy\" class=\"size-full wp-image-93154\" alt=\"Moda Masculina :: Os looks do Tapete vermelho do Golden Globe Awards \" src=\"https:\/\/i0.wp.com\/www.agrund.com\/wp-content\/uploads\/sites\/6\/2014\/01\/Michael-Fassbender.jpg?resize=400%2C600\" width=\"400\" height=\"600\" srcset=\"https:\/\/i0.wp.com\/agrund.com\/wp-content\/uploads\/sites\/6\/2014\/01\/Michael-Fassbender.jpg?w=400&amp;ssl=1 400w, https:\/\/i0.wp.com\/agrund.com\/wp-content\/uploads\/sites\/6\/2014\/01\/Michael-Fassbender.jpg?resize=200%2C300&amp;ssl=1 200w\" sizes=\"(max-width: 400px) 100vw, 400px\" data-recalc-dims=\"1\" \/><\/a><p id=\"caption-attachment-93154\" class=\"wp-caption-text\">Michael Fassbender<\/p><\/div>\n<div id=\"attachment_93155\" style=\"width: 410px\" class=\"wp-caption aligncenter\"><a href=\"https:\/\/i0.wp.com\/www.agrund.com\/wp-content\/uploads\/sites\/6\/2014\/01\/Orlando-Bloom-usa-Lanvin.jpg\"><img aria-describedby=\"caption-attachment-93155\" data-attachment-id=\"93155\" data-permalink=\"https:\/\/agrund.com\/index.php\/os-looks-do-tapete-vermelho-do-golden-globe-awards\/orlando-bloom-usa-lanvin\/\" data-orig-file=\"https:\/\/i0.wp.com\/agrund.com\/wp-content\/uploads\/sites\/6\/2014\/01\/Orlando-Bloom-usa-Lanvin.jpg?fit=400%2C600&amp;ssl=1\" data-orig-size=\"400,600\" data-comments-opened=\"1\" data-image-meta=\"{&quot;aperture&quot;:&quot;0&quot;,&quot;credit&quot;:&quot;&quot;,&quot;camera&quot;:&quot;&quot;,&quot;caption&quot;:&quot;&quot;,&quot;created_timestamp&quot;:&quot;0&quot;,&quot;copyright&quot;:&quot;2014 Getty Images&quot;,&quot;focal_length&quot;:&quot;0&quot;,&quot;iso&quot;:&quot;0&quot;,&quot;shutter_speed&quot;:&quot;0&quot;,&quot;title&quot;:&quot;&quot;}\" data-image-title=\"Moda Masculina :: Os looks do Tapete vermelho do Golden Globe Awards \" data-image-description=\"\" data-image-caption=\"&lt;p&gt;Orlando Bloom usa Lanvin&lt;\/p&gt;\n\" data-medium-file=\"https:\/\/i0.wp.com\/agrund.com\/wp-content\/uploads\/sites\/6\/2014\/01\/Orlando-Bloom-usa-Lanvin.jpg?fit=200%2C300&amp;ssl=1\" data-large-file=\"https:\/\/i0.wp.com\/agrund.com\/wp-content\/uploads\/sites\/6\/2014\/01\/Orlando-Bloom-usa-Lanvin.jpg?fit=400%2C600&amp;ssl=1\" decoding=\"async\" loading=\"lazy\" class=\"size-full wp-image-93155\" alt=\"Moda Masculina :: Os looks do Tapete vermelho do Golden Globe Awards \" src=\"https:\/\/i0.wp.com\/www.agrund.com\/wp-content\/uploads\/sites\/6\/2014\/01\/Orlando-Bloom-usa-Lanvin.jpg?resize=400%2C600\" width=\"400\" height=\"600\" srcset=\"https:\/\/i0.wp.com\/agrund.com\/wp-content\/uploads\/sites\/6\/2014\/01\/Orlando-Bloom-usa-Lanvin.jpg?w=400&amp;ssl=1 400w, https:\/\/i0.wp.com\/agrund.com\/wp-content\/uploads\/sites\/6\/2014\/01\/Orlando-Bloom-usa-Lanvin.jpg?resize=200%2C300&amp;ssl=1 200w\" sizes=\"(max-width: 400px) 100vw, 400px\" data-recalc-dims=\"1\" \/><\/a><p id=\"caption-attachment-93155\" class=\"wp-caption-text\">Orlando Bloom usa Lanvin<\/p><\/div>\n<div id=\"attachment_93156\" style=\"width: 410px\" class=\"wp-caption aligncenter\"><a href=\"https:\/\/i0.wp.com\/www.agrund.com\/wp-content\/uploads\/sites\/6\/2014\/01\/Sean-Combs.jpg\"><img aria-describedby=\"caption-attachment-93156\" data-attachment-id=\"93156\" data-permalink=\"https:\/\/agrund.com\/index.php\/os-looks-do-tapete-vermelho-do-golden-globe-awards\/sean-combs\/\" data-orig-file=\"https:\/\/i0.wp.com\/agrund.com\/wp-content\/uploads\/sites\/6\/2014\/01\/Sean-Combs.jpg?fit=400%2C600&amp;ssl=1\" data-orig-size=\"400,600\" data-comments-opened=\"1\" data-image-meta=\"{&quot;aperture&quot;:&quot;0&quot;,&quot;credit&quot;:&quot;&quot;,&quot;camera&quot;:&quot;&quot;,&quot;caption&quot;:&quot;&quot;,&quot;created_timestamp&quot;:&quot;0&quot;,&quot;copyright&quot;:&quot;2014 Getty Images&quot;,&quot;focal_length&quot;:&quot;0&quot;,&quot;iso&quot;:&quot;0&quot;,&quot;shutter_speed&quot;:&quot;0&quot;,&quot;title&quot;:&quot;&quot;}\" data-image-title=\"Moda Masculina :: Os looks do Tapete vermelho do Golden Globe Awards \" data-image-description=\"\" data-image-caption=\"&lt;p&gt;Sean Combs&lt;\/p&gt;\n\" data-medium-file=\"https:\/\/i0.wp.com\/agrund.com\/wp-content\/uploads\/sites\/6\/2014\/01\/Sean-Combs.jpg?fit=200%2C300&amp;ssl=1\" data-large-file=\"https:\/\/i0.wp.com\/agrund.com\/wp-content\/uploads\/sites\/6\/2014\/01\/Sean-Combs.jpg?fit=400%2C600&amp;ssl=1\" decoding=\"async\" loading=\"lazy\" class=\"size-full wp-image-93156\" alt=\"Moda Masculina :: Os looks do Tapete vermelho do Golden Globe Awards \" src=\"https:\/\/i0.wp.com\/www.agrund.com\/wp-content\/uploads\/sites\/6\/2014\/01\/Sean-Combs.jpg?resize=400%2C600\" width=\"400\" height=\"600\" srcset=\"https:\/\/i0.wp.com\/agrund.com\/wp-content\/uploads\/sites\/6\/2014\/01\/Sean-Combs.jpg?w=400&amp;ssl=1 400w, https:\/\/i0.wp.com\/agrund.com\/wp-content\/uploads\/sites\/6\/2014\/01\/Sean-Combs.jpg?resize=200%2C300&amp;ssl=1 200w\" sizes=\"(max-width: 400px) 100vw, 400px\" data-recalc-dims=\"1\" \/><\/a><p id=\"caption-attachment-93156\" class=\"wp-caption-text\">Sean Combs<\/p><\/div>\n<div id=\"attachment_93157\" style=\"width: 410px\" class=\"wp-caption aligncenter\"><a href=\"https:\/\/i0.wp.com\/www.agrund.com\/wp-content\/uploads\/sites\/6\/2014\/01\/Spike-Jonze-usa-Kenzo.jpg\"><img aria-describedby=\"caption-attachment-93157\" data-attachment-id=\"93157\" data-permalink=\"https:\/\/agrund.com\/index.php\/os-looks-do-tapete-vermelho-do-golden-globe-awards\/spike-jonze-usa-kenzo\/\" data-orig-file=\"https:\/\/i0.wp.com\/agrund.com\/wp-content\/uploads\/sites\/6\/2014\/01\/Spike-Jonze-usa-Kenzo.jpg?fit=400%2C600&amp;ssl=1\" data-orig-size=\"400,600\" data-comments-opened=\"1\" data-image-meta=\"{&quot;aperture&quot;:&quot;0&quot;,&quot;credit&quot;:&quot;&quot;,&quot;camera&quot;:&quot;&quot;,&quot;caption&quot;:&quot;&quot;,&quot;created_timestamp&quot;:&quot;0&quot;,&quot;copyright&quot;:&quot;2014 Handout&quot;,&quot;focal_length&quot;:&quot;0&quot;,&quot;iso&quot;:&quot;0&quot;,&quot;shutter_speed&quot;:&quot;0&quot;,&quot;title&quot;:&quot;&quot;}\" data-image-title=\"Moda Masculina :: Os looks do Tapete vermelho do Golden Globe Awards \" data-image-description=\"\" data-image-caption=\"&lt;p&gt;Spike Jonze usa Kenzo&lt;\/p&gt;\n\" data-medium-file=\"https:\/\/i0.wp.com\/agrund.com\/wp-content\/uploads\/sites\/6\/2014\/01\/Spike-Jonze-usa-Kenzo.jpg?fit=200%2C300&amp;ssl=1\" data-large-file=\"https:\/\/i0.wp.com\/agrund.com\/wp-content\/uploads\/sites\/6\/2014\/01\/Spike-Jonze-usa-Kenzo.jpg?fit=400%2C600&amp;ssl=1\" decoding=\"async\" loading=\"lazy\" class=\"size-full wp-image-93157\" alt=\"Moda Masculina :: Os looks do Tapete vermelho do Golden Globe Awards \" src=\"https:\/\/i0.wp.com\/www.agrund.com\/wp-content\/uploads\/sites\/6\/2014\/01\/Spike-Jonze-usa-Kenzo.jpg?resize=400%2C600\" width=\"400\" height=\"600\" srcset=\"https:\/\/i0.wp.com\/agrund.com\/wp-content\/uploads\/sites\/6\/2014\/01\/Spike-Jonze-usa-Kenzo.jpg?w=400&amp;ssl=1 400w, https:\/\/i0.wp.com\/agrund.com\/wp-content\/uploads\/sites\/6\/2014\/01\/Spike-Jonze-usa-Kenzo.jpg?resize=200%2C300&amp;ssl=1 200w\" sizes=\"(max-width: 400px) 100vw, 400px\" data-recalc-dims=\"1\" \/><\/a><p id=\"caption-attachment-93157\" class=\"wp-caption-text\">Spike Jonze usa Kenzo<\/p><\/div>\n<div id=\"attachment_93158\" style=\"width: 410px\" class=\"wp-caption aligncenter\"><a href=\"https:\/\/i0.wp.com\/www.agrund.com\/wp-content\/uploads\/sites\/6\/2014\/01\/Will-Forte-usa-Ralph-Lauren.jpg\"><img aria-describedby=\"caption-attachment-93158\" data-attachment-id=\"93158\" data-permalink=\"https:\/\/agrund.com\/index.php\/os-looks-do-tapete-vermelho-do-golden-globe-awards\/will-forte-usa-ralph-lauren\/\" data-orig-file=\"https:\/\/i0.wp.com\/agrund.com\/wp-content\/uploads\/sites\/6\/2014\/01\/Will-Forte-usa-Ralph-Lauren.jpg?fit=400%2C600&amp;ssl=1\" data-orig-size=\"400,600\" data-comments-opened=\"1\" data-image-meta=\"{&quot;aperture&quot;:&quot;0&quot;,&quot;credit&quot;:&quot;&quot;,&quot;camera&quot;:&quot;&quot;,&quot;caption&quot;:&quot;&quot;,&quot;created_timestamp&quot;:&quot;0&quot;,&quot;copyright&quot;:&quot;2014 Jeff Vespa&quot;,&quot;focal_length&quot;:&quot;0&quot;,&quot;iso&quot;:&quot;0&quot;,&quot;shutter_speed&quot;:&quot;0&quot;,&quot;title&quot;:&quot;&quot;}\" data-image-title=\"Moda Masculina :: Os looks do Tapete vermelho do Golden Globe Awards \" data-image-description=\"\" data-image-caption=\"&lt;p&gt;Will Forte usa Ralph Lauren&lt;\/p&gt;\n\" data-medium-file=\"https:\/\/i0.wp.com\/agrund.com\/wp-content\/uploads\/sites\/6\/2014\/01\/Will-Forte-usa-Ralph-Lauren.jpg?fit=200%2C300&amp;ssl=1\" data-large-file=\"https:\/\/i0.wp.com\/agrund.com\/wp-content\/uploads\/sites\/6\/2014\/01\/Will-Forte-usa-Ralph-Lauren.jpg?fit=400%2C600&amp;ssl=1\" decoding=\"async\" loading=\"lazy\" class=\"size-full wp-image-93158\" alt=\"Moda Masculina :: Os looks do Tapete vermelho do Golden Globe Awards \" src=\"https:\/\/i0.wp.com\/www.agrund.com\/wp-content\/uploads\/sites\/6\/2014\/01\/Will-Forte-usa-Ralph-Lauren.jpg?resize=400%2C600\" width=\"400\" height=\"600\" srcset=\"https:\/\/i0.wp.com\/agrund.com\/wp-content\/uploads\/sites\/6\/2014\/01\/Will-Forte-usa-Ralph-Lauren.jpg?w=400&amp;ssl=1 400w, https:\/\/i0.wp.com\/agrund.com\/wp-content\/uploads\/sites\/6\/2014\/01\/Will-Forte-usa-Ralph-Lauren.jpg?resize=200%2C300&amp;ssl=1 200w\" sizes=\"(max-width: 400px) 100vw, 400px\" data-recalc-dims=\"1\" \/><\/a><p id=\"caption-attachment-93158\" class=\"wp-caption-text\">Will Forte usa Ralph Lauren<\/p><\/div>\n<p>Imagens: Reprodu\u00e7\u00e3o.<\/p>\n<p>&nbsp;<\/p>\n<p>&nbsp;<\/p>\n<p>&nbsp;<\/p>\n<p>&nbsp;<\/p>\n<p>&nbsp;<\/p>\n<p>&nbsp;<\/p>\n<p>&nbsp;<\/p>\n<p>&nbsp;<\/p>\n<\/div>\n","protected":false},"excerpt":{"rendered":"<p>Ontem foi dada a largada para as cerim\u00f4nias de premia\u00e7\u00e3o da ind\u00fastria cinematogr\u00e1fica, televisiva e de m\u00fasica. E n\u00f3s, \u00e9 claro, estaremos de olho em todos os tapetes vermelhos que aparecerem. O mais legal \u00e9 ver que os homens tamb\u00e9m est\u00e3o se preocupando com o visual. Antes era a lei do que servir. Agora existem [&hellip;]<\/p>\n","protected":false},"author":8,"featured_media":93160,"comment_status":"open","ping_status":"open","sticky":false,"template":"","format":"standard","meta":{"jetpack_post_was_ever_published":false,"_jetpack_newsletter_access":"","jetpack_publicize_message":"","jetpack_is_tweetstorm":false,"jetpack_publicize_feature_enabled":true,"jetpack_social_post_already_shared":true,"jetpack_social_options":{"image_generator_settings":{"template":"highway","enabled":false}}},"categories":[6],"tags":[],"jetpack_publicize_connections":[],"jetpack_featured_media_url":"https:\/\/i0.wp.com\/agrund.com\/wp-content\/uploads\/sites\/6\/2014\/01\/slide57.jpg?fit=960%2C300&ssl=1","jetpack_sharing_enabled":true,"jetpack_shortlink":"https:\/\/wp.me\/p3Hz0n-oeo","jetpack_likes_enabled":true,"_links":{"self":[{"href":"https:\/\/agrund.com\/index.php\/wp-json\/wp\/v2\/posts\/93148"}],"collection":[{"href":"https:\/\/agrund.com\/index.php\/wp-json\/wp\/v2\/posts"}],"about":[{"href":"https:\/\/agrund.com\/index.php\/wp-json\/wp\/v2\/types\/post"}],"author":[{"embeddable":true,"href":"https:\/\/agrund.com\/index.php\/wp-json\/wp\/v2\/users\/8"}],"replies":[{"embeddable":true,"href":"https:\/\/agrund.com\/index.php\/wp-json\/wp\/v2\/comments?post=93148"}],"version-history":[{"count":0,"href":"https:\/\/agrund.com\/index.php\/wp-json\/wp\/v2\/posts\/93148\/revisions"}],"wp:featuredmedia":[{"embeddable":true,"href":"https:\/\/agrund.com\/index.php\/wp-json\/wp\/v2\/media\/93160"}],"wp:attachment":[{"href":"https:\/\/agrund.com\/index.php\/wp-json\/wp\/v2\/media?parent=93148"}],"wp:term":[{"taxonomy":"category","embeddable":true,"href":"https:\/\/agrund.com\/index.php\/wp-json\/wp\/v2\/categories?post=93148"},{"taxonomy":"post_tag","embeddable":true,"href":"https:\/\/agrund.com\/index.php\/wp-json\/wp\/v2\/tags?post=93148"}],"curies":[{"name":"wp","href":"https:\/\/api.w.org\/{rel}","templated":true}]}}