{"id":93029,"date":"2014-01-13T17:00:18","date_gmt":"2014-01-13T19:00:18","guid":{"rendered":"http:\/\/www.agrund.com\/?p=93029"},"modified":"2014-01-13T15:03:44","modified_gmt":"2014-01-13T17:03:44","slug":"moda-masculina-dicas-curtas-floral-no-verao-iii","status":"publish","type":"post","link":"https:\/\/agrund.com\/index.php\/moda-masculina-dicas-curtas-floral-no-verao-iii\/","title":{"rendered":"Moda Masculina :: Dicas Curtas \u2013 Floral no ver\u00e3o III"},"content":{"rendered":"<p>As rosas geralmente aparecem em camisas com modelagem mais tradicional. A camisaria ganha ares de ver\u00e3o com essa estampa que vai do trabalho ao lazer sem nenhum problema. S\u00f3 escolha as estampas mais fortes e mais coloridas para os momentos de lazer. A partir da\u00ed voc\u00ea dever\u00e1 tirar suas conclus\u00f5es. Mais dicas no Twitter e Instagram @FabioPaivaFP.<\/p>\n<div id=\"attachment_93030\" style=\"width: 437px\" class=\"wp-caption aligncenter\"><a href=\"https:\/\/i0.wp.com\/www.agrund.com\/wp-content\/uploads\/sites\/6\/2014\/01\/dica-3.jpg\"><img aria-describedby=\"caption-attachment-93030\" data-attachment-id=\"93030\" data-permalink=\"https:\/\/agrund.com\/index.php\/moda-masculina-dicas-curtas-floral-no-verao-iii\/dica-3-30\/\" data-orig-file=\"https:\/\/i0.wp.com\/agrund.com\/wp-content\/uploads\/sites\/6\/2014\/01\/dica-3.jpg?fit=427%2C640&amp;ssl=1\" data-orig-size=\"427,640\" data-comments-opened=\"1\" data-image-meta=\"{&quot;aperture&quot;:&quot;0&quot;,&quot;credit&quot;:&quot;&quot;,&quot;camera&quot;:&quot;&quot;,&quot;caption&quot;:&quot;&quot;,&quot;created_timestamp&quot;:&quot;0&quot;,&quot;copyright&quot;:&quot;&quot;,&quot;focal_length&quot;:&quot;0&quot;,&quot;iso&quot;:&quot;0&quot;,&quot;shutter_speed&quot;:&quot;0&quot;,&quot;title&quot;:&quot;&quot;}\" data-image-title=\"dica 3\" data-image-description=\"\" data-image-caption=\"&lt;p&gt;Moda Masculina :: Dicas Curtas \u2013 Floral no ver\u00e3o III&lt;\/p&gt;\n\" data-medium-file=\"https:\/\/i0.wp.com\/agrund.com\/wp-content\/uploads\/sites\/6\/2014\/01\/dica-3.jpg?fit=200%2C300&amp;ssl=1\" data-large-file=\"https:\/\/i0.wp.com\/agrund.com\/wp-content\/uploads\/sites\/6\/2014\/01\/dica-3.jpg?fit=427%2C640&amp;ssl=1\" decoding=\"async\" loading=\"lazy\" class=\"size-large wp-image-93030\" alt=\"Moda Masculina :: Dicas Curtas \u2013 Floral no ver\u00e3o III\" src=\"https:\/\/i0.wp.com\/www.agrund.com\/wp-content\/uploads\/sites\/6\/cache\/2014\/01\/dica-3\/1242634161.jpg?resize=427%2C640\" width=\"427\" height=\"640\" data-recalc-dims=\"1\" \/><\/a><p id=\"caption-attachment-93030\" class=\"wp-caption-text\">Moda Masculina :: Dicas Curtas \u2013 Floral no ver\u00e3o III<\/p><\/div>\n<p>Imagem: Reprodu\u00e7\u00e3o.<\/p>\n","protected":false},"excerpt":{"rendered":"<p>As rosas geralmente aparecem em camisas com modelagem mais tradicional. A camisaria ganha ares de ver\u00e3o com essa estampa que vai do trabalho ao lazer sem nenhum problema. S\u00f3 escolha as estampas mais fortes e mais coloridas para os momentos de lazer. A partir da\u00ed voc\u00ea dever\u00e1 tirar suas conclus\u00f5es. Mais dicas no Twitter e [&hellip;]<\/p>\n","protected":false},"author":1,"featured_media":93031,"comment_status":"open","ping_status":"open","sticky":false,"template":"","format":"standard","meta":{"jetpack_post_was_ever_published":false,"_jetpack_newsletter_access":"","jetpack_publicize_message":"","jetpack_is_tweetstorm":false,"jetpack_publicize_feature_enabled":true,"jetpack_social_post_already_shared":true,"jetpack_social_options":{"image_generator_settings":{"template":"highway","enabled":false}}},"categories":[5,6],"tags":[],"jetpack_publicize_connections":[],"jetpack_featured_media_url":"https:\/\/i0.wp.com\/agrund.com\/wp-content\/uploads\/sites\/6\/2014\/01\/slide-3.jpg?fit=960%2C320&ssl=1","jetpack_sharing_enabled":true,"jetpack_shortlink":"https:\/\/wp.me\/p3Hz0n-oct","jetpack_likes_enabled":true,"_links":{"self":[{"href":"https:\/\/agrund.com\/index.php\/wp-json\/wp\/v2\/posts\/93029"}],"collection":[{"href":"https:\/\/agrund.com\/index.php\/wp-json\/wp\/v2\/posts"}],"about":[{"href":"https:\/\/agrund.com\/index.php\/wp-json\/wp\/v2\/types\/post"}],"author":[{"embeddable":true,"href":"https:\/\/agrund.com\/index.php\/wp-json\/wp\/v2\/users\/1"}],"replies":[{"embeddable":true,"href":"https:\/\/agrund.com\/index.php\/wp-json\/wp\/v2\/comments?post=93029"}],"version-history":[{"count":0,"href":"https:\/\/agrund.com\/index.php\/wp-json\/wp\/v2\/posts\/93029\/revisions"}],"wp:featuredmedia":[{"embeddable":true,"href":"https:\/\/agrund.com\/index.php\/wp-json\/wp\/v2\/media\/93031"}],"wp:attachment":[{"href":"https:\/\/agrund.com\/index.php\/wp-json\/wp\/v2\/media?parent=93029"}],"wp:term":[{"taxonomy":"category","embeddable":true,"href":"https:\/\/agrund.com\/index.php\/wp-json\/wp\/v2\/categories?post=93029"},{"taxonomy":"post_tag","embeddable":true,"href":"https:\/\/agrund.com\/index.php\/wp-json\/wp\/v2\/tags?post=93029"}],"curies":[{"name":"wp","href":"https:\/\/api.w.org\/{rel}","templated":true}]}}