{"id":93025,"date":"2014-01-13T14:00:33","date_gmt":"2014-01-13T16:00:33","guid":{"rendered":"http:\/\/www.agrund.com\/?p=93025"},"modified":"2014-01-13T13:52:40","modified_gmt":"2014-01-13T15:52:40","slug":"moda-masculina-dicas-curtas-floral-no-verao-ii","status":"publish","type":"post","link":"https:\/\/agrund.com\/index.php\/moda-masculina-dicas-curtas-floral-no-verao-ii\/","title":{"rendered":"Moda Masculina :: Dicas Curtas \u2013 Floral no ver\u00e3o II"},"content":{"rendered":"<p>Se tem uma flor que \u00e9 a cara do ver\u00e3o \u00e9 a hibisco. S\u00f3 para lembrar, essas flores geralmente est\u00e3o presentes nos pare\u00f4s havaianos. Lembrou? Pe\u00e7as com essa estampa ficam \u00f3timas num fim de tarde com short mais curto de alfaiataria ou at\u00e9 mesmo numa noite mais fresca com uma bela cal\u00e7a de linho. Pense! Mais dicas no Twitter e Instagram @FabioPaivaFP.<\/p>\n<div id=\"attachment_93026\" style=\"width: 550px\" class=\"wp-caption aligncenter\"><a href=\"https:\/\/i0.wp.com\/www.agrund.com\/wp-content\/uploads\/sites\/6\/2014\/01\/dica-2.jpg\"><img aria-describedby=\"caption-attachment-93026\" data-attachment-id=\"93026\" data-permalink=\"https:\/\/agrund.com\/index.php\/moda-masculina-dicas-curtas-floral-no-verao-ii\/dica-2-24\/\" data-orig-file=\"https:\/\/i0.wp.com\/agrund.com\/wp-content\/uploads\/sites\/6\/2014\/01\/dica-2.jpg?fit=540%2C810&amp;ssl=1\" data-orig-size=\"540,810\" data-comments-opened=\"1\" data-image-meta=\"{&quot;aperture&quot;:&quot;0&quot;,&quot;credit&quot;:&quot;&quot;,&quot;camera&quot;:&quot;&quot;,&quot;caption&quot;:&quot;&quot;,&quot;created_timestamp&quot;:&quot;0&quot;,&quot;copyright&quot;:&quot;&quot;,&quot;focal_length&quot;:&quot;0&quot;,&quot;iso&quot;:&quot;0&quot;,&quot;shutter_speed&quot;:&quot;0&quot;,&quot;title&quot;:&quot;&quot;}\" data-image-title=\"dica 2\" data-image-description=\"\" data-image-caption=\"&lt;p&gt;Moda Masculina :: Dicas Curtas \u2013 Floral no ver\u00e3o II&lt;\/p&gt;\n\" data-medium-file=\"https:\/\/i0.wp.com\/agrund.com\/wp-content\/uploads\/sites\/6\/2014\/01\/dica-2.jpg?fit=200%2C300&amp;ssl=1\" data-large-file=\"https:\/\/i0.wp.com\/agrund.com\/wp-content\/uploads\/sites\/6\/2014\/01\/dica-2.jpg?fit=540%2C810&amp;ssl=1\" decoding=\"async\" loading=\"lazy\" class=\"size-large wp-image-93026\" alt=\"Moda Masculina :: Dicas Curtas \u2013 Floral no ver\u00e3o II\" src=\"https:\/\/i0.wp.com\/www.agrund.com\/wp-content\/uploads\/sites\/6\/cache\/2014\/01\/dica-2\/2260408111.jpg?resize=540%2C810\" width=\"540\" height=\"810\" data-recalc-dims=\"1\" \/><\/a><p id=\"caption-attachment-93026\" class=\"wp-caption-text\">Moda Masculina :: Dicas Curtas \u2013 Floral no ver\u00e3o II<\/p><\/div>\n<p>Imagem: Reprodu\u00e7\u00e3o.<\/p>\n","protected":false},"excerpt":{"rendered":"<p>Se tem uma flor que \u00e9 a cara do ver\u00e3o \u00e9 a hibisco. S\u00f3 para lembrar, essas flores geralmente est\u00e3o presentes nos pare\u00f4s havaianos. Lembrou? Pe\u00e7as com essa estampa ficam \u00f3timas num fim de tarde com short mais curto de alfaiataria ou at\u00e9 mesmo numa noite mais fresca com uma bela cal\u00e7a de linho. Pense! [&hellip;]<\/p>\n","protected":false},"author":1,"featured_media":93027,"comment_status":"open","ping_status":"open","sticky":false,"template":"","format":"standard","meta":{"jetpack_post_was_ever_published":false,"_jetpack_newsletter_access":"","jetpack_publicize_message":"","jetpack_is_tweetstorm":false,"jetpack_publicize_feature_enabled":true,"jetpack_social_post_already_shared":true,"jetpack_social_options":{"image_generator_settings":{"template":"highway","enabled":false}}},"categories":[5,6],"tags":[],"jetpack_publicize_connections":[],"jetpack_featured_media_url":"https:\/\/i0.wp.com\/agrund.com\/wp-content\/uploads\/sites\/6\/2014\/01\/slide-2.jpg?fit=960%2C320&ssl=1","jetpack_sharing_enabled":true,"jetpack_shortlink":"https:\/\/wp.me\/p3Hz0n-ocp","jetpack_likes_enabled":true,"_links":{"self":[{"href":"https:\/\/agrund.com\/index.php\/wp-json\/wp\/v2\/posts\/93025"}],"collection":[{"href":"https:\/\/agrund.com\/index.php\/wp-json\/wp\/v2\/posts"}],"about":[{"href":"https:\/\/agrund.com\/index.php\/wp-json\/wp\/v2\/types\/post"}],"author":[{"embeddable":true,"href":"https:\/\/agrund.com\/index.php\/wp-json\/wp\/v2\/users\/1"}],"replies":[{"embeddable":true,"href":"https:\/\/agrund.com\/index.php\/wp-json\/wp\/v2\/comments?post=93025"}],"version-history":[{"count":0,"href":"https:\/\/agrund.com\/index.php\/wp-json\/wp\/v2\/posts\/93025\/revisions"}],"wp:featuredmedia":[{"embeddable":true,"href":"https:\/\/agrund.com\/index.php\/wp-json\/wp\/v2\/media\/93027"}],"wp:attachment":[{"href":"https:\/\/agrund.com\/index.php\/wp-json\/wp\/v2\/media?parent=93025"}],"wp:term":[{"taxonomy":"category","embeddable":true,"href":"https:\/\/agrund.com\/index.php\/wp-json\/wp\/v2\/categories?post=93025"},{"taxonomy":"post_tag","embeddable":true,"href":"https:\/\/agrund.com\/index.php\/wp-json\/wp\/v2\/tags?post=93025"}],"curies":[{"name":"wp","href":"https:\/\/api.w.org\/{rel}","templated":true}]}}