{"id":93006,"date":"2014-01-13T12:00:14","date_gmt":"2014-01-13T14:00:14","guid":{"rendered":"http:\/\/www.agrund.com\/?p=93006"},"modified":"2014-01-12T22:43:13","modified_gmt":"2014-01-13T00:43:13","slug":"londres-dita-tendencias-na-semana-de-moda","status":"publish","type":"post","link":"https:\/\/agrund.com\/index.php\/londres-dita-tendencias-na-semana-de-moda\/","title":{"rendered":"Londres dita tend\u00eancias na Semana de Moda"},"content":{"rendered":"<p>Durante tr\u00eas dias, de 6 a 8 de janeiro, os estilistas apresentaram suas cole\u00e7\u00f5es para o Inverno 2014. Fiz um balan\u00e7o geral do que rolou na passarela e do que pode se tornar tend\u00eancia. Antes de qualquer julgamento, abra sua cabe\u00e7a e entenda que ingl\u00eas faz moda \u00e0 frente do seu tempo!<br \/>\nO jeans mais uma vez est\u00e1 voltando a ter seu status. Ele apareceu em algumas cole\u00e7\u00f5es em Londres. A lavagem \u00e9 bem clara e algumas vezes quase branca. Lou Dalton apostou no jeans com jaquetas curtas e com um toque militar: o camuflado est\u00e1 voltando! J\u00e1 a marca Sibling n\u00e3o perdeu tempo e misturou o denim com muitas cores, tric\u00f4 e texturas diferenciadas.<br \/>\nH\u00e1 muito tempo a moda vem pregando que o luxo est\u00e1 na simplicidade e no conforto. Partindo dessa premissa, as cal\u00e7as apareceram mais soltas e com cintura um pouco mais alta. A alfaiataria n\u00e3o dispensa as pregas, t\u00e3o tradicionais nas pe\u00e7as masculinas. As cores fortes tamb\u00e9m s\u00e3o uma tend\u00eancia que v\u00e3o alegrar o inverno de qualquer ingl\u00eas.<br \/>\nListras e xadrez tamb\u00e9m deram suas caras no inverno 2014 da capital inglesa. O mais legal \u00e9 que as listras aparecem formando desenhos geom\u00e9tricos ou localizadas em lugares inusitados, como mostrou Jonathan Saunders. J\u00e1 a estilista Sarah Burton trouxe para a passarela uma inspira\u00e7\u00e3o punk escocesa com um xadrez t\u00edpico e com direito a kilt, aquela saia usada pelos escoceses.<br \/>\nPor fim, escolha uma estampa para chamar de sua. Se voc\u00ea acha que seu inverno vai ter cara de flores, una-se ao estilista Jonathan Saunders. Agora se voc\u00ea quer se camuflar no outono, n\u00e3o deixe de conhecer a cole\u00e7\u00e3o da Burberry Prorsum, que traz folhas secas do outono em suas pe\u00e7as.<\/p>\n<p>Se preparem porque janeiro ser\u00e1 dedicado \u00e0s semanas de moda masculina. E quarta que vem apresentarei para voc\u00eas o que vai acontecer nas passarelas de Mil\u00e3o. At\u00e9 j\u00e1!<\/p>\n<div id=\"attachment_93007\" style=\"width: 460px\" class=\"wp-caption aligncenter\"><a href=\"https:\/\/i0.wp.com\/www.agrund.com\/wp-content\/uploads\/sites\/6\/2014\/01\/1-Lou-Dalton.jpg\"><img aria-describedby=\"caption-attachment-93007\" data-attachment-id=\"93007\" data-permalink=\"https:\/\/agrund.com\/index.php\/londres-dita-tendencias-na-semana-de-moda\/1-lou-dalton\/\" data-orig-file=\"https:\/\/i0.wp.com\/agrund.com\/wp-content\/uploads\/sites\/6\/2014\/01\/1-Lou-Dalton.jpg?fit=450%2C675&amp;ssl=1\" data-orig-size=\"450,675\" data-comments-opened=\"1\" data-image-meta=\"{&quot;aperture&quot;:&quot;0&quot;,&quot;credit&quot;:&quot;&quot;,&quot;camera&quot;:&quot;&quot;,&quot;caption&quot;:&quot;&quot;,&quot;created_timestamp&quot;:&quot;0&quot;,&quot;copyright&quot;:&quot;Photo: Kim Weston \\\/ Indigitalimages.com&quot;,&quot;focal_length&quot;:&quot;0&quot;,&quot;iso&quot;:&quot;0&quot;,&quot;shutter_speed&quot;:&quot;0&quot;,&quot;title&quot;:&quot;&quot;}\" data-image-title=\"1 Lou Dalton\" data-image-description=\"\" data-image-caption=\"&lt;p&gt; Londres dita tend\u00eancias na Semana de Moda &#8211; Lou Dalton&lt;\/p&gt;\n\" data-medium-file=\"https:\/\/i0.wp.com\/agrund.com\/wp-content\/uploads\/sites\/6\/2014\/01\/1-Lou-Dalton.jpg?fit=200%2C300&amp;ssl=1\" data-large-file=\"https:\/\/i0.wp.com\/agrund.com\/wp-content\/uploads\/sites\/6\/2014\/01\/1-Lou-Dalton.jpg?fit=450%2C675&amp;ssl=1\" decoding=\"async\" loading=\"lazy\" class=\"size-large wp-image-93007\" alt=\" Londres dita tend\u00eancias na Semana de Moda - Lou Dalton\" src=\"https:\/\/i0.wp.com\/www.agrund.com\/wp-content\/uploads\/sites\/6\/cache\/2014\/01\/1-Lou-Dalton\/2428492227.jpg?resize=450%2C675\" width=\"450\" height=\"675\" data-recalc-dims=\"1\" \/><\/a><p id=\"caption-attachment-93007\" class=\"wp-caption-text\">Londres dita tend\u00eancias na Semana de Moda &#8211; Lou Dalton<\/p><\/div>\n<div id=\"attachment_93008\" style=\"width: 460px\" class=\"wp-caption aligncenter\"><a href=\"https:\/\/i0.wp.com\/www.agrund.com\/wp-content\/uploads\/sites\/6\/2014\/01\/1-Sibling.jpg\"><img aria-describedby=\"caption-attachment-93008\" data-attachment-id=\"93008\" data-permalink=\"https:\/\/agrund.com\/index.php\/londres-dita-tendencias-na-semana-de-moda\/1-sibling\/\" data-orig-file=\"https:\/\/i0.wp.com\/agrund.com\/wp-content\/uploads\/sites\/6\/2014\/01\/1-Sibling.jpg?fit=450%2C675&amp;ssl=1\" data-orig-size=\"450,675\" data-comments-opened=\"1\" data-image-meta=\"{&quot;aperture&quot;:&quot;0&quot;,&quot;credit&quot;:&quot;&quot;,&quot;camera&quot;:&quot;&quot;,&quot;caption&quot;:&quot;&quot;,&quot;created_timestamp&quot;:&quot;0&quot;,&quot;copyright&quot;:&quot;Photo: Yannis Vlamos \\\/ Indigitalimages.com&quot;,&quot;focal_length&quot;:&quot;0&quot;,&quot;iso&quot;:&quot;0&quot;,&quot;shutter_speed&quot;:&quot;0&quot;,&quot;title&quot;:&quot;&quot;}\" data-image-title=\"1 Sibling\" data-image-description=\"\" data-image-caption=\"&lt;p&gt; Londres dita tend\u00eancias na Semana de Moda &#8211; Sibling&lt;\/p&gt;\n\" data-medium-file=\"https:\/\/i0.wp.com\/agrund.com\/wp-content\/uploads\/sites\/6\/2014\/01\/1-Sibling.jpg?fit=200%2C300&amp;ssl=1\" data-large-file=\"https:\/\/i0.wp.com\/agrund.com\/wp-content\/uploads\/sites\/6\/2014\/01\/1-Sibling.jpg?fit=450%2C675&amp;ssl=1\" decoding=\"async\" loading=\"lazy\" class=\"size-large wp-image-93008\" alt=\" Londres dita tend\u00eancias na Semana de Moda - Sibling\" src=\"https:\/\/i0.wp.com\/www.agrund.com\/wp-content\/uploads\/sites\/6\/cache\/2014\/01\/1-Sibling\/908062756.jpg?resize=450%2C675\" width=\"450\" height=\"675\" data-recalc-dims=\"1\" \/><\/a><p id=\"caption-attachment-93008\" class=\"wp-caption-text\">Londres dita tend\u00eancias na Semana de Moda &#8211; Sibling<\/p><\/div>\n<div id=\"attachment_93009\" style=\"width: 460px\" class=\"wp-caption aligncenter\"><a href=\"https:\/\/i0.wp.com\/www.agrund.com\/wp-content\/uploads\/sites\/6\/2014\/01\/2-Richard-Nicoll.jpg\"><img aria-describedby=\"caption-attachment-93009\" data-attachment-id=\"93009\" data-permalink=\"https:\/\/agrund.com\/index.php\/londres-dita-tendencias-na-semana-de-moda\/2-richard-nicoll\/\" data-orig-file=\"https:\/\/i0.wp.com\/agrund.com\/wp-content\/uploads\/sites\/6\/2014\/01\/2-Richard-Nicoll.jpg?fit=450%2C675&amp;ssl=1\" data-orig-size=\"450,675\" data-comments-opened=\"1\" data-image-meta=\"{&quot;aperture&quot;:&quot;0&quot;,&quot;credit&quot;:&quot;&quot;,&quot;camera&quot;:&quot;&quot;,&quot;caption&quot;:&quot;&quot;,&quot;created_timestamp&quot;:&quot;0&quot;,&quot;copyright&quot;:&quot;Photo: Marcus Tondo \\\/ Indigitalimages.com&quot;,&quot;focal_length&quot;:&quot;0&quot;,&quot;iso&quot;:&quot;0&quot;,&quot;shutter_speed&quot;:&quot;0&quot;,&quot;title&quot;:&quot;&quot;}\" data-image-title=\"2 Richard Nicoll\" data-image-description=\"\" data-image-caption=\"&lt;p&gt; Londres dita tend\u00eancias na Semana de Moda &#8211; Richard Nicoli&lt;\/p&gt;\n\" data-medium-file=\"https:\/\/i0.wp.com\/agrund.com\/wp-content\/uploads\/sites\/6\/2014\/01\/2-Richard-Nicoll.jpg?fit=200%2C300&amp;ssl=1\" data-large-file=\"https:\/\/i0.wp.com\/agrund.com\/wp-content\/uploads\/sites\/6\/2014\/01\/2-Richard-Nicoll.jpg?fit=450%2C675&amp;ssl=1\" decoding=\"async\" loading=\"lazy\" class=\"size-large wp-image-93009\" alt=\" Londres dita tend\u00eancias na Semana de Moda - Richard Nicoli\" src=\"https:\/\/i0.wp.com\/www.agrund.com\/wp-content\/uploads\/sites\/6\/cache\/2014\/01\/2-Richard-Nicoll\/4108857970.jpg?resize=450%2C675\" width=\"450\" height=\"675\" data-recalc-dims=\"1\" \/><\/a><p id=\"caption-attachment-93009\" class=\"wp-caption-text\">Londres dita tend\u00eancias na Semana de Moda &#8211; Richard Nicoli<\/p><\/div>\n<div id=\"attachment_93010\" style=\"width: 460px\" class=\"wp-caption aligncenter\"><a href=\"https:\/\/i0.wp.com\/www.agrund.com\/wp-content\/uploads\/sites\/6\/2014\/01\/2-Topman-Design.jpg\"><img aria-describedby=\"caption-attachment-93010\" data-attachment-id=\"93010\" data-permalink=\"https:\/\/agrund.com\/index.php\/londres-dita-tendencias-na-semana-de-moda\/2-topman-design\/\" data-orig-file=\"https:\/\/i0.wp.com\/agrund.com\/wp-content\/uploads\/sites\/6\/2014\/01\/2-Topman-Design.jpg?fit=450%2C675&amp;ssl=1\" data-orig-size=\"450,675\" data-comments-opened=\"1\" data-image-meta=\"{&quot;aperture&quot;:&quot;0&quot;,&quot;credit&quot;:&quot;&quot;,&quot;camera&quot;:&quot;&quot;,&quot;caption&quot;:&quot;&quot;,&quot;created_timestamp&quot;:&quot;0&quot;,&quot;copyright&quot;:&quot;Photo: Marcus Tondo \\\/ Indigitalimages.com&quot;,&quot;focal_length&quot;:&quot;0&quot;,&quot;iso&quot;:&quot;0&quot;,&quot;shutter_speed&quot;:&quot;0&quot;,&quot;title&quot;:&quot;&quot;}\" data-image-title=\"2 Topman Design\" data-image-description=\"\" data-image-caption=\"&lt;p&gt; Londres dita tend\u00eancias na Semana de Moda &#8211; Topman Design&lt;\/p&gt;\n\" data-medium-file=\"https:\/\/i0.wp.com\/agrund.com\/wp-content\/uploads\/sites\/6\/2014\/01\/2-Topman-Design.jpg?fit=200%2C300&amp;ssl=1\" data-large-file=\"https:\/\/i0.wp.com\/agrund.com\/wp-content\/uploads\/sites\/6\/2014\/01\/2-Topman-Design.jpg?fit=450%2C675&amp;ssl=1\" decoding=\"async\" loading=\"lazy\" class=\"size-large wp-image-93010\" alt=\" Londres dita tend\u00eancias na Semana de Moda - Topman Design\" src=\"https:\/\/i0.wp.com\/www.agrund.com\/wp-content\/uploads\/sites\/6\/cache\/2014\/01\/2-Topman-Design\/2210447142.jpg?resize=450%2C675\" width=\"450\" height=\"675\" data-recalc-dims=\"1\" \/><\/a><p id=\"caption-attachment-93010\" class=\"wp-caption-text\">Londres dita tend\u00eancias na Semana de Moda &#8211; Topman Design<\/p><\/div>\n<div id=\"attachment_93011\" style=\"width: 460px\" class=\"wp-caption aligncenter\"><a href=\"https:\/\/i0.wp.com\/www.agrund.com\/wp-content\/uploads\/sites\/6\/2014\/01\/3-Alexander-McQueen.jpg\"><img aria-describedby=\"caption-attachment-93011\" data-attachment-id=\"93011\" data-permalink=\"https:\/\/agrund.com\/index.php\/londres-dita-tendencias-na-semana-de-moda\/3-alexander-mcqueen\/\" data-orig-file=\"https:\/\/i0.wp.com\/agrund.com\/wp-content\/uploads\/sites\/6\/2014\/01\/3-Alexander-McQueen.jpg?fit=450%2C675&amp;ssl=1\" data-orig-size=\"450,675\" data-comments-opened=\"1\" data-image-meta=\"{&quot;aperture&quot;:&quot;5.6&quot;,&quot;credit&quot;:&quot;Marcus Tondo&quot;,&quot;camera&quot;:&quot;Canon EOS-1D Mark IV&quot;,&quot;caption&quot;:&quot;&quot;,&quot;created_timestamp&quot;:&quot;1389118576&quot;,&quot;copyright&quot;:&quot;Photo: Marcus Tondo \\\/ Indigitalimages.com&quot;,&quot;focal_length&quot;:&quot;98&quot;,&quot;iso&quot;:&quot;800&quot;,&quot;shutter_speed&quot;:&quot;0.0025&quot;,&quot;title&quot;:&quot;&quot;}\" data-image-title=\"3 Alexander McQueen\" data-image-description=\"\" data-image-caption=\"&lt;p&gt; Londres dita tend\u00eancias na Semana de Moda &#8211; Alexander Mcqueen&lt;\/p&gt;\n\" data-medium-file=\"https:\/\/i0.wp.com\/agrund.com\/wp-content\/uploads\/sites\/6\/2014\/01\/3-Alexander-McQueen.jpg?fit=200%2C300&amp;ssl=1\" data-large-file=\"https:\/\/i0.wp.com\/agrund.com\/wp-content\/uploads\/sites\/6\/2014\/01\/3-Alexander-McQueen.jpg?fit=450%2C675&amp;ssl=1\" decoding=\"async\" loading=\"lazy\" class=\"size-large wp-image-93011\" alt=\" Londres dita tend\u00eancias na Semana de Moda - Alexander Mcqueen\" src=\"https:\/\/i0.wp.com\/www.agrund.com\/wp-content\/uploads\/sites\/6\/cache\/2014\/01\/3-Alexander-McQueen\/3647741324.jpg?resize=450%2C675\" width=\"450\" height=\"675\" data-recalc-dims=\"1\" \/><\/a><p id=\"caption-attachment-93011\" class=\"wp-caption-text\">Londres dita tend\u00eancias na Semana de Moda &#8211; Alexander Mcqueen<\/p><\/div>\n<div id=\"attachment_93012\" style=\"width: 460px\" class=\"wp-caption aligncenter\"><a href=\"https:\/\/i0.wp.com\/www.agrund.com\/wp-content\/uploads\/sites\/6\/2014\/01\/3-JW-Anderson.jpg\"><img aria-describedby=\"caption-attachment-93012\" data-attachment-id=\"93012\" data-permalink=\"https:\/\/agrund.com\/index.php\/londres-dita-tendencias-na-semana-de-moda\/3-jw-anderson\/\" data-orig-file=\"https:\/\/i0.wp.com\/agrund.com\/wp-content\/uploads\/sites\/6\/2014\/01\/3-JW-Anderson.jpg?fit=450%2C675&amp;ssl=1\" data-orig-size=\"450,675\" data-comments-opened=\"1\" data-image-meta=\"{&quot;aperture&quot;:&quot;0&quot;,&quot;credit&quot;:&quot;&quot;,&quot;camera&quot;:&quot;&quot;,&quot;caption&quot;:&quot;&quot;,&quot;created_timestamp&quot;:&quot;0&quot;,&quot;copyright&quot;:&quot;Photo: Marcus Tondo \\\/ Indigitalimages.com&quot;,&quot;focal_length&quot;:&quot;0&quot;,&quot;iso&quot;:&quot;0&quot;,&quot;shutter_speed&quot;:&quot;0&quot;,&quot;title&quot;:&quot;&quot;}\" data-image-title=\"3 JW Anderson\" data-image-description=\"\" data-image-caption=\"&lt;p&gt; Londres dita tend\u00eancias na Semana de Moda &#8211; JW Anderson&lt;\/p&gt;\n\" data-medium-file=\"https:\/\/i0.wp.com\/agrund.com\/wp-content\/uploads\/sites\/6\/2014\/01\/3-JW-Anderson.jpg?fit=200%2C300&amp;ssl=1\" data-large-file=\"https:\/\/i0.wp.com\/agrund.com\/wp-content\/uploads\/sites\/6\/2014\/01\/3-JW-Anderson.jpg?fit=450%2C675&amp;ssl=1\" decoding=\"async\" loading=\"lazy\" class=\"size-large wp-image-93012\" alt=\" Londres dita tend\u00eancias na Semana de Moda - JW Anderson\" src=\"https:\/\/i0.wp.com\/www.agrund.com\/wp-content\/uploads\/sites\/6\/cache\/2014\/01\/3-JW-Anderson\/3711245346.jpg?resize=450%2C675\" width=\"450\" height=\"675\" data-recalc-dims=\"1\" \/><\/a><p id=\"caption-attachment-93012\" class=\"wp-caption-text\">Londres dita tend\u00eancias na Semana de Moda &#8211; JW Anderson<\/p><\/div>\n<div id=\"attachment_93013\" style=\"width: 460px\" class=\"wp-caption aligncenter\"><a href=\"https:\/\/i0.wp.com\/www.agrund.com\/wp-content\/uploads\/sites\/6\/2014\/01\/4-Burberry-Prorsum.jpg\"><img aria-describedby=\"caption-attachment-93013\" data-attachment-id=\"93013\" data-permalink=\"https:\/\/agrund.com\/index.php\/londres-dita-tendencias-na-semana-de-moda\/4-burberry-prorsum\/\" data-orig-file=\"https:\/\/i0.wp.com\/agrund.com\/wp-content\/uploads\/sites\/6\/2014\/01\/4-Burberry-Prorsum.jpg?fit=450%2C675&amp;ssl=1\" data-orig-size=\"450,675\" data-comments-opened=\"1\" data-image-meta=\"{&quot;aperture&quot;:&quot;5.6&quot;,&quot;credit&quot;:&quot;Marcus Tondo&quot;,&quot;camera&quot;:&quot;Canon EOS-1D Mark IV&quot;,&quot;caption&quot;:&quot;&quot;,&quot;created_timestamp&quot;:&quot;1389197472&quot;,&quot;copyright&quot;:&quot;Photo: Marcus Tondo \\\/ Indigitalimages.com&quot;,&quot;focal_length&quot;:&quot;149&quot;,&quot;iso&quot;:&quot;800&quot;,&quot;shutter_speed&quot;:&quot;0.0025&quot;,&quot;title&quot;:&quot;&quot;}\" data-image-title=\"4 Burberry Prorsum\" data-image-description=\"\" data-image-caption=\"&lt;p&gt; Londres dita tend\u00eancias na Semana de Moda &#8211; Burberry Prorsum&lt;\/p&gt;\n\" data-medium-file=\"https:\/\/i0.wp.com\/agrund.com\/wp-content\/uploads\/sites\/6\/2014\/01\/4-Burberry-Prorsum.jpg?fit=200%2C300&amp;ssl=1\" data-large-file=\"https:\/\/i0.wp.com\/agrund.com\/wp-content\/uploads\/sites\/6\/2014\/01\/4-Burberry-Prorsum.jpg?fit=450%2C675&amp;ssl=1\" decoding=\"async\" loading=\"lazy\" class=\"size-large wp-image-93013\" alt=\" Londres dita tend\u00eancias na Semana de Moda - Burberry Prorsum\" src=\"https:\/\/i0.wp.com\/www.agrund.com\/wp-content\/uploads\/sites\/6\/cache\/2014\/01\/4-Burberry-Prorsum\/2797006938.jpg?resize=450%2C675\" width=\"450\" height=\"675\" data-recalc-dims=\"1\" \/><\/a><p id=\"caption-attachment-93013\" class=\"wp-caption-text\">Londres dita tend\u00eancias na Semana de Moda &#8211; Burberry Prorsum<\/p><\/div>\n<div id=\"attachment_93014\" style=\"width: 460px\" class=\"wp-caption aligncenter\"><a href=\"https:\/\/i0.wp.com\/www.agrund.com\/wp-content\/uploads\/sites\/6\/2014\/01\/4-Jonathan-Saunders.jpg\"><img aria-describedby=\"caption-attachment-93014\" data-attachment-id=\"93014\" data-permalink=\"https:\/\/agrund.com\/index.php\/londres-dita-tendencias-na-semana-de-moda\/4-jonathan-saunders\/\" data-orig-file=\"https:\/\/i0.wp.com\/agrund.com\/wp-content\/uploads\/sites\/6\/2014\/01\/4-Jonathan-Saunders.jpg?fit=450%2C675&amp;ssl=1\" data-orig-size=\"450,675\" data-comments-opened=\"1\" data-image-meta=\"{&quot;aperture&quot;:&quot;0&quot;,&quot;credit&quot;:&quot;&quot;,&quot;camera&quot;:&quot;&quot;,&quot;caption&quot;:&quot;&quot;,&quot;created_timestamp&quot;:&quot;0&quot;,&quot;copyright&quot;:&quot;Filippo Fior&quot;,&quot;focal_length&quot;:&quot;0&quot;,&quot;iso&quot;:&quot;0&quot;,&quot;shutter_speed&quot;:&quot;0&quot;,&quot;title&quot;:&quot;&quot;}\" data-image-title=\"4 Jonathan Saunders\" data-image-description=\"\" data-image-caption=\"&lt;p&gt; Londres dita tend\u00eancias na Semana de Moda &#8211; Jonathan Saunders&lt;\/p&gt;\n\" data-medium-file=\"https:\/\/i0.wp.com\/agrund.com\/wp-content\/uploads\/sites\/6\/2014\/01\/4-Jonathan-Saunders.jpg?fit=200%2C300&amp;ssl=1\" data-large-file=\"https:\/\/i0.wp.com\/agrund.com\/wp-content\/uploads\/sites\/6\/2014\/01\/4-Jonathan-Saunders.jpg?fit=450%2C675&amp;ssl=1\" decoding=\"async\" loading=\"lazy\" class=\"size-large wp-image-93014\" alt=\" Londres dita tend\u00eancias na Semana de Moda - Jonathan Saunders\" src=\"https:\/\/i0.wp.com\/www.agrund.com\/wp-content\/uploads\/sites\/6\/cache\/2014\/01\/4-Jonathan-Saunders\/4084963544.jpg?resize=450%2C675\" width=\"450\" height=\"675\" data-recalc-dims=\"1\" \/><\/a><p id=\"caption-attachment-93014\" class=\"wp-caption-text\">Londres dita tend\u00eancias na Semana de Moda &#8211; Jonathan Saunders<\/p><\/div>\n<p>Imagens: Reprodu\u00e7\u00e3o.<\/p>\n","protected":false},"excerpt":{"rendered":"<p>Durante tr\u00eas dias, de 6 a 8 de janeiro, os estilistas apresentaram suas cole\u00e7\u00f5es para o Inverno 2014. Fiz um balan\u00e7o geral do que rolou na passarela e do que pode se tornar tend\u00eancia. Antes de qualquer julgamento, abra sua cabe\u00e7a e entenda que ingl\u00eas faz moda \u00e0 frente do seu tempo! O jeans mais [&hellip;]<\/p>\n","protected":false},"author":1,"featured_media":93015,"comment_status":"open","ping_status":"open","sticky":false,"template":"","format":"standard","meta":{"jetpack_post_was_ever_published":false,"_jetpack_newsletter_access":"","jetpack_publicize_message":"","jetpack_is_tweetstorm":false,"jetpack_publicize_feature_enabled":true,"jetpack_social_post_already_shared":true,"jetpack_social_options":{"image_generator_settings":{"template":"highway","enabled":false}}},"categories":[6],"tags":[],"jetpack_publicize_connections":[],"jetpack_featured_media_url":"https:\/\/i0.wp.com\/agrund.com\/wp-content\/uploads\/sites\/6\/2014\/01\/slide210.jpg?fit=960%2C300&ssl=1","jetpack_sharing_enabled":true,"jetpack_shortlink":"https:\/\/wp.me\/p3Hz0n-oc6","jetpack_likes_enabled":true,"_links":{"self":[{"href":"https:\/\/agrund.com\/index.php\/wp-json\/wp\/v2\/posts\/93006"}],"collection":[{"href":"https:\/\/agrund.com\/index.php\/wp-json\/wp\/v2\/posts"}],"about":[{"href":"https:\/\/agrund.com\/index.php\/wp-json\/wp\/v2\/types\/post"}],"author":[{"embeddable":true,"href":"https:\/\/agrund.com\/index.php\/wp-json\/wp\/v2\/users\/1"}],"replies":[{"embeddable":true,"href":"https:\/\/agrund.com\/index.php\/wp-json\/wp\/v2\/comments?post=93006"}],"version-history":[{"count":0,"href":"https:\/\/agrund.com\/index.php\/wp-json\/wp\/v2\/posts\/93006\/revisions"}],"wp:featuredmedia":[{"embeddable":true,"href":"https:\/\/agrund.com\/index.php\/wp-json\/wp\/v2\/media\/93015"}],"wp:attachment":[{"href":"https:\/\/agrund.com\/index.php\/wp-json\/wp\/v2\/media?parent=93006"}],"wp:term":[{"taxonomy":"category","embeddable":true,"href":"https:\/\/agrund.com\/index.php\/wp-json\/wp\/v2\/categories?post=93006"},{"taxonomy":"post_tag","embeddable":true,"href":"https:\/\/agrund.com\/index.php\/wp-json\/wp\/v2\/tags?post=93006"}],"curies":[{"name":"wp","href":"https:\/\/api.w.org\/{rel}","templated":true}]}}