{"id":92998,"date":"2014-01-13T10:00:23","date_gmt":"2014-01-13T12:00:23","guid":{"rendered":"http:\/\/www.agrund.com\/?p=92998"},"modified":"2014-01-12T21:22:05","modified_gmt":"2014-01-12T23:22:05","slug":"universo-intimista-inspira-colecao-de-enrico-rossi","status":"publish","type":"post","link":"https:\/\/agrund.com\/index.php\/universo-intimista-inspira-colecao-de-enrico-rossi\/","title":{"rendered":"Universo intimista inspira cole\u00e7\u00e3o de  Enrico Rossi"},"content":{"rendered":"<p>A marca masculina Enrico Rossi tem como tema para seu inverno 2014 \u201cO escritor- O Universo intimista do homem&#8221;. A cole\u00e7\u00e3o \u00e9 para um homem mais cl\u00e1ssico que gosta de uma pe\u00e7a bem cortada e sofistica\u00e7\u00e3o. As jaquetas em couro ecol\u00f3gico, p\u00f3los moletons e casacos em l\u00e3 s\u00e3o alguns destaques da marca. Entre os dias 12 a 15 de janeiro de 2014, no Expo Center Norte, em S\u00e3o Paulo, acontece a 4\u00aa edi\u00e7\u00e3o do S\u00e3o Paulo Pr\u00eat-\u00e0-Porter onde ser\u00e1 lan\u00e7ada a cole\u00e7\u00e3o que estar\u00e1 nas lojas a partir de fevereiro.<\/p>\n<div id=\"attachment_92999\" style=\"width: 560px\" class=\"wp-caption aligncenter\"><a href=\"https:\/\/i0.wp.com\/www.agrund.com\/wp-content\/uploads\/sites\/6\/2014\/01\/universo-intimista-inspira-colecao-de-enrico-rossi-1.jpg\"><img aria-describedby=\"caption-attachment-92999\" data-attachment-id=\"92999\" data-permalink=\"https:\/\/agrund.com\/index.php\/universo-intimista-inspira-colecao-de-enrico-rossi\/universo-intimista-inspira-colecao-de-enrico-rossi-1\/\" data-orig-file=\"https:\/\/i0.wp.com\/agrund.com\/wp-content\/uploads\/sites\/6\/2014\/01\/universo-intimista-inspira-colecao-de-enrico-rossi-1.jpg?fit=550%2C817&amp;ssl=1\" data-orig-size=\"550,817\" data-comments-opened=\"1\" data-image-meta=\"{&quot;aperture&quot;:&quot;0&quot;,&quot;credit&quot;:&quot;&quot;,&quot;camera&quot;:&quot;&quot;,&quot;caption&quot;:&quot;&quot;,&quot;created_timestamp&quot;:&quot;0&quot;,&quot;copyright&quot;:&quot;&quot;,&quot;focal_length&quot;:&quot;0&quot;,&quot;iso&quot;:&quot;0&quot;,&quot;shutter_speed&quot;:&quot;0&quot;,&quot;title&quot;:&quot;&quot;}\" data-image-title=\"universo-intimista-inspira-colecao-de-enrico-rossi (1)\" data-image-description=\"\" data-image-caption=\"&lt;p&gt;Universo intimista inspira cole\u00e7\u00e3o de  Enrico Rossi&lt;\/p&gt;\n\" data-medium-file=\"https:\/\/i0.wp.com\/agrund.com\/wp-content\/uploads\/sites\/6\/2014\/01\/universo-intimista-inspira-colecao-de-enrico-rossi-1.jpg?fit=201%2C300&amp;ssl=1\" data-large-file=\"https:\/\/i0.wp.com\/agrund.com\/wp-content\/uploads\/sites\/6\/2014\/01\/universo-intimista-inspira-colecao-de-enrico-rossi-1.jpg?fit=550%2C817&amp;ssl=1\" decoding=\"async\" loading=\"lazy\" class=\"size-large wp-image-92999\" alt=\"Universo intimista inspira cole\u00e7\u00e3o de  Enrico Rossi\" src=\"https:\/\/i0.wp.com\/www.agrund.com\/wp-content\/uploads\/sites\/6\/cache\/2014\/01\/universo-intimista-inspira-colecao-de-enrico-rossi-1\/1230510277.jpg?resize=550%2C817\" width=\"550\" height=\"817\" data-recalc-dims=\"1\" \/><\/a><p id=\"caption-attachment-92999\" class=\"wp-caption-text\">Universo intimista inspira cole\u00e7\u00e3o de Enrico Rossi<\/p><\/div>\n<div id=\"attachment_93000\" style=\"width: 560px\" class=\"wp-caption aligncenter\"><a href=\"https:\/\/i0.wp.com\/www.agrund.com\/wp-content\/uploads\/sites\/6\/2014\/01\/universo-intimista-inspira-colecao-de-enrico-rossi-2.jpg\"><img aria-describedby=\"caption-attachment-93000\" data-attachment-id=\"93000\" data-permalink=\"https:\/\/agrund.com\/index.php\/universo-intimista-inspira-colecao-de-enrico-rossi\/universo-intimista-inspira-colecao-de-enrico-rossi-2\/\" data-orig-file=\"https:\/\/i0.wp.com\/agrund.com\/wp-content\/uploads\/sites\/6\/2014\/01\/universo-intimista-inspira-colecao-de-enrico-rossi-2.jpg?fit=550%2C903&amp;ssl=1\" data-orig-size=\"550,903\" data-comments-opened=\"1\" data-image-meta=\"{&quot;aperture&quot;:&quot;0&quot;,&quot;credit&quot;:&quot;&quot;,&quot;camera&quot;:&quot;&quot;,&quot;caption&quot;:&quot;&quot;,&quot;created_timestamp&quot;:&quot;0&quot;,&quot;copyright&quot;:&quot;&quot;,&quot;focal_length&quot;:&quot;0&quot;,&quot;iso&quot;:&quot;0&quot;,&quot;shutter_speed&quot;:&quot;0&quot;,&quot;title&quot;:&quot;&quot;}\" data-image-title=\"universo-intimista-inspira-colecao-de-enrico-rossi (2)\" data-image-description=\"\" data-image-caption=\"&lt;p&gt;Universo intimista inspira cole\u00e7\u00e3o de  Enrico Rossi&lt;\/p&gt;\n\" data-medium-file=\"https:\/\/i0.wp.com\/agrund.com\/wp-content\/uploads\/sites\/6\/2014\/01\/universo-intimista-inspira-colecao-de-enrico-rossi-2.jpg?fit=182%2C300&amp;ssl=1\" data-large-file=\"https:\/\/i0.wp.com\/agrund.com\/wp-content\/uploads\/sites\/6\/2014\/01\/universo-intimista-inspira-colecao-de-enrico-rossi-2.jpg?fit=550%2C903&amp;ssl=1\" decoding=\"async\" loading=\"lazy\" class=\"size-large wp-image-93000\" alt=\"Universo intimista inspira cole\u00e7\u00e3o de  Enrico Rossi\" src=\"https:\/\/i0.wp.com\/www.agrund.com\/wp-content\/uploads\/sites\/6\/cache\/2014\/01\/universo-intimista-inspira-colecao-de-enrico-rossi-2\/3352764198.jpg?resize=550%2C903\" width=\"550\" height=\"903\" data-recalc-dims=\"1\" \/><\/a><p id=\"caption-attachment-93000\" class=\"wp-caption-text\">Universo intimista inspira cole\u00e7\u00e3o de Enrico Rossi<\/p><\/div>\n<div id=\"attachment_93001\" style=\"width: 560px\" class=\"wp-caption aligncenter\"><a href=\"https:\/\/i0.wp.com\/www.agrund.com\/wp-content\/uploads\/sites\/6\/2014\/01\/universo-intimista-inspira-colecao-de-enrico-rossi-3.jpg\"><img aria-describedby=\"caption-attachment-93001\" data-attachment-id=\"93001\" data-permalink=\"https:\/\/agrund.com\/index.php\/universo-intimista-inspira-colecao-de-enrico-rossi\/universo-intimista-inspira-colecao-de-enrico-rossi-3\/\" data-orig-file=\"https:\/\/i0.wp.com\/agrund.com\/wp-content\/uploads\/sites\/6\/2014\/01\/universo-intimista-inspira-colecao-de-enrico-rossi-3.jpg?fit=550%2C806&amp;ssl=1\" data-orig-size=\"550,806\" data-comments-opened=\"1\" data-image-meta=\"{&quot;aperture&quot;:&quot;0&quot;,&quot;credit&quot;:&quot;&quot;,&quot;camera&quot;:&quot;&quot;,&quot;caption&quot;:&quot;&quot;,&quot;created_timestamp&quot;:&quot;0&quot;,&quot;copyright&quot;:&quot;&quot;,&quot;focal_length&quot;:&quot;0&quot;,&quot;iso&quot;:&quot;0&quot;,&quot;shutter_speed&quot;:&quot;0&quot;,&quot;title&quot;:&quot;&quot;}\" data-image-title=\"universo-intimista-inspira-colecao-de-enrico-rossi (3)\" data-image-description=\"\" data-image-caption=\"&lt;p&gt;Universo intimista inspira cole\u00e7\u00e3o de  Enrico Rossi&lt;\/p&gt;\n\" data-medium-file=\"https:\/\/i0.wp.com\/agrund.com\/wp-content\/uploads\/sites\/6\/2014\/01\/universo-intimista-inspira-colecao-de-enrico-rossi-3.jpg?fit=204%2C300&amp;ssl=1\" data-large-file=\"https:\/\/i0.wp.com\/agrund.com\/wp-content\/uploads\/sites\/6\/2014\/01\/universo-intimista-inspira-colecao-de-enrico-rossi-3.jpg?fit=550%2C806&amp;ssl=1\" decoding=\"async\" loading=\"lazy\" class=\"size-large wp-image-93001\" alt=\"Universo intimista inspira cole\u00e7\u00e3o de  Enrico Rossi\" src=\"https:\/\/i0.wp.com\/www.agrund.com\/wp-content\/uploads\/sites\/6\/cache\/2014\/01\/universo-intimista-inspira-colecao-de-enrico-rossi-3\/192749496.jpg?resize=550%2C806\" width=\"550\" height=\"806\" data-recalc-dims=\"1\" \/><\/a><p id=\"caption-attachment-93001\" class=\"wp-caption-text\">Universo intimista inspira cole\u00e7\u00e3o de Enrico Rossi<\/p><\/div>\n<div id=\"attachment_93002\" style=\"width: 560px\" class=\"wp-caption aligncenter\"><a href=\"https:\/\/i0.wp.com\/www.agrund.com\/wp-content\/uploads\/sites\/6\/2014\/01\/universo-intimista-inspira-colecao-de-enrico-rossi-4.jpg\"><img aria-describedby=\"caption-attachment-93002\" data-attachment-id=\"93002\" data-permalink=\"https:\/\/agrund.com\/index.php\/universo-intimista-inspira-colecao-de-enrico-rossi\/universo-intimista-inspira-colecao-de-enrico-rossi-4\/\" data-orig-file=\"https:\/\/i0.wp.com\/agrund.com\/wp-content\/uploads\/sites\/6\/2014\/01\/universo-intimista-inspira-colecao-de-enrico-rossi-4.jpg?fit=550%2C817&amp;ssl=1\" data-orig-size=\"550,817\" data-comments-opened=\"1\" data-image-meta=\"{&quot;aperture&quot;:&quot;0&quot;,&quot;credit&quot;:&quot;&quot;,&quot;camera&quot;:&quot;&quot;,&quot;caption&quot;:&quot;&quot;,&quot;created_timestamp&quot;:&quot;0&quot;,&quot;copyright&quot;:&quot;&quot;,&quot;focal_length&quot;:&quot;0&quot;,&quot;iso&quot;:&quot;0&quot;,&quot;shutter_speed&quot;:&quot;0&quot;,&quot;title&quot;:&quot;&quot;}\" data-image-title=\"universo-intimista-inspira-colecao-de-enrico-rossi (4)\" data-image-description=\"\" data-image-caption=\"&lt;p&gt;Universo intimista inspira cole\u00e7\u00e3o de  Enrico Rossi&lt;\/p&gt;\n\" data-medium-file=\"https:\/\/i0.wp.com\/agrund.com\/wp-content\/uploads\/sites\/6\/2014\/01\/universo-intimista-inspira-colecao-de-enrico-rossi-4.jpg?fit=201%2C300&amp;ssl=1\" data-large-file=\"https:\/\/i0.wp.com\/agrund.com\/wp-content\/uploads\/sites\/6\/2014\/01\/universo-intimista-inspira-colecao-de-enrico-rossi-4.jpg?fit=550%2C817&amp;ssl=1\" decoding=\"async\" loading=\"lazy\" class=\"size-large wp-image-93002\" alt=\"Universo intimista inspira cole\u00e7\u00e3o de  Enrico Rossi\" src=\"https:\/\/i0.wp.com\/www.agrund.com\/wp-content\/uploads\/sites\/6\/cache\/2014\/01\/universo-intimista-inspira-colecao-de-enrico-rossi-4\/28841633.jpg?resize=550%2C817\" width=\"550\" height=\"817\" data-recalc-dims=\"1\" \/><\/a><p id=\"caption-attachment-93002\" class=\"wp-caption-text\">Universo intimista inspira cole\u00e7\u00e3o de Enrico Rossi<\/p><\/div>\n<div id=\"attachment_93003\" style=\"width: 560px\" class=\"wp-caption aligncenter\"><a href=\"https:\/\/i0.wp.com\/www.agrund.com\/wp-content\/uploads\/sites\/6\/2014\/01\/universo-intimista-inspira-colecao-de-enrico-rossi-5.jpg\"><img aria-describedby=\"caption-attachment-93003\" data-attachment-id=\"93003\" data-permalink=\"https:\/\/agrund.com\/index.php\/universo-intimista-inspira-colecao-de-enrico-rossi\/universo-intimista-inspira-colecao-de-enrico-rossi-5\/\" data-orig-file=\"https:\/\/i0.wp.com\/agrund.com\/wp-content\/uploads\/sites\/6\/2014\/01\/universo-intimista-inspira-colecao-de-enrico-rossi-5.jpg?fit=550%2C806&amp;ssl=1\" data-orig-size=\"550,806\" data-comments-opened=\"1\" data-image-meta=\"{&quot;aperture&quot;:&quot;0&quot;,&quot;credit&quot;:&quot;&quot;,&quot;camera&quot;:&quot;&quot;,&quot;caption&quot;:&quot;&quot;,&quot;created_timestamp&quot;:&quot;0&quot;,&quot;copyright&quot;:&quot;&quot;,&quot;focal_length&quot;:&quot;0&quot;,&quot;iso&quot;:&quot;0&quot;,&quot;shutter_speed&quot;:&quot;0&quot;,&quot;title&quot;:&quot;&quot;}\" data-image-title=\"universo-intimista-inspira-colecao-de-enrico-rossi (5)\" data-image-description=\"\" data-image-caption=\"&lt;p&gt;Universo intimista inspira cole\u00e7\u00e3o de  Enrico Rossi&lt;\/p&gt;\n\" data-medium-file=\"https:\/\/i0.wp.com\/agrund.com\/wp-content\/uploads\/sites\/6\/2014\/01\/universo-intimista-inspira-colecao-de-enrico-rossi-5.jpg?fit=204%2C300&amp;ssl=1\" data-large-file=\"https:\/\/i0.wp.com\/agrund.com\/wp-content\/uploads\/sites\/6\/2014\/01\/universo-intimista-inspira-colecao-de-enrico-rossi-5.jpg?fit=550%2C806&amp;ssl=1\" decoding=\"async\" loading=\"lazy\" class=\"size-large wp-image-93003\" alt=\"Universo intimista inspira cole\u00e7\u00e3o de  Enrico Rossi\" src=\"https:\/\/i0.wp.com\/www.agrund.com\/wp-content\/uploads\/sites\/6\/cache\/2014\/01\/universo-intimista-inspira-colecao-de-enrico-rossi-5\/3440514623.jpg?resize=550%2C806\" width=\"550\" height=\"806\" data-recalc-dims=\"1\" \/><\/a><p id=\"caption-attachment-93003\" class=\"wp-caption-text\">Universo intimista inspira cole\u00e7\u00e3o de Enrico Rossi<\/p><\/div>\n<p>Imagens: Divulga\u00e7\u00e3o.<\/p>\n","protected":false},"excerpt":{"rendered":"<p>A marca masculina Enrico Rossi tem como tema para seu inverno 2014 \u201cO escritor- O Universo intimista do homem&#8221;. A cole\u00e7\u00e3o \u00e9 para um homem mais cl\u00e1ssico que gosta de uma pe\u00e7a bem cortada e sofistica\u00e7\u00e3o. As jaquetas em couro ecol\u00f3gico, p\u00f3los moletons e casacos em l\u00e3 s\u00e3o alguns destaques da marca. Entre os dias [&hellip;]<\/p>\n","protected":false},"author":1,"featured_media":93004,"comment_status":"open","ping_status":"open","sticky":false,"template":"","format":"standard","meta":{"jetpack_post_was_ever_published":false,"_jetpack_newsletter_access":"","jetpack_publicize_message":"","jetpack_is_tweetstorm":false,"jetpack_publicize_feature_enabled":true,"jetpack_social_post_already_shared":true,"jetpack_social_options":{"image_generator_settings":{"template":"highway","enabled":false}}},"categories":[6],"tags":[],"jetpack_publicize_connections":[],"jetpack_featured_media_url":"https:\/\/i0.wp.com\/agrund.com\/wp-content\/uploads\/sites\/6\/2014\/01\/slide110.jpg?fit=960%2C300&ssl=1","jetpack_sharing_enabled":true,"jetpack_shortlink":"https:\/\/wp.me\/p3Hz0n-obY","jetpack_likes_enabled":true,"_links":{"self":[{"href":"https:\/\/agrund.com\/index.php\/wp-json\/wp\/v2\/posts\/92998"}],"collection":[{"href":"https:\/\/agrund.com\/index.php\/wp-json\/wp\/v2\/posts"}],"about":[{"href":"https:\/\/agrund.com\/index.php\/wp-json\/wp\/v2\/types\/post"}],"author":[{"embeddable":true,"href":"https:\/\/agrund.com\/index.php\/wp-json\/wp\/v2\/users\/1"}],"replies":[{"embeddable":true,"href":"https:\/\/agrund.com\/index.php\/wp-json\/wp\/v2\/comments?post=92998"}],"version-history":[{"count":0,"href":"https:\/\/agrund.com\/index.php\/wp-json\/wp\/v2\/posts\/92998\/revisions"}],"wp:featuredmedia":[{"embeddable":true,"href":"https:\/\/agrund.com\/index.php\/wp-json\/wp\/v2\/media\/93004"}],"wp:attachment":[{"href":"https:\/\/agrund.com\/index.php\/wp-json\/wp\/v2\/media?parent=92998"}],"wp:term":[{"taxonomy":"category","embeddable":true,"href":"https:\/\/agrund.com\/index.php\/wp-json\/wp\/v2\/categories?post=92998"},{"taxonomy":"post_tag","embeddable":true,"href":"https:\/\/agrund.com\/index.php\/wp-json\/wp\/v2\/tags?post=92998"}],"curies":[{"name":"wp","href":"https:\/\/api.w.org\/{rel}","templated":true}]}}