{"id":92982,"date":"2014-01-12T16:23:43","date_gmt":"2014-01-12T18:23:43","guid":{"rendered":"http:\/\/www.agrund.com\/?p=92982"},"modified":"2014-01-12T16:23:43","modified_gmt":"2014-01-12T18:23:43","slug":"semana-masculina-de-moda-de-milao-versace-inverno-2014","status":"publish","type":"post","link":"https:\/\/agrund.com\/index.php\/semana-masculina-de-moda-de-milao-versace-inverno-2014\/","title":{"rendered":"Semana Masculina de Moda de Mil\u00e3o :: Versace Inverno 2014"},"content":{"rendered":"<p>A Semana Masculina de Moda de Mil\u00e3o sempre treme quando o assunto \u00e9 o desfile da Versace. Donatella Versace foi aos extremos para criar sua cole\u00e7\u00e3o inverno 2014\/2015. Motoqueiros vaqueiros ou vaqueiros motoqueiros? O cavalo sai e entra a moto. A jaqueta ganha aplica\u00e7\u00f5es como cactos e estrelas de xerife. E as luvas aparecem com bordados pesados e fortes. O jeans vem sujo com salpicos coloridos e a alfaiataria, que tamb\u00e9m vem proxima ao corpo, usou tecidos mais encorpados e cores marcantes. Os acess\u00f3rios pontuaram o universo western e a estampa de motociclista criou um camuflado inusitado. Veja o que Donatella apresentou dessa vez!<\/p>\n<div id=\"attachment_92983\" style=\"width: 560px\" class=\"wp-caption aligncenter\"><a href=\"https:\/\/i0.wp.com\/www.agrund.com\/wp-content\/uploads\/sites\/6\/2014\/01\/semana-masculina-de-moda-de-milao-versace-inverno-2014-1.jpg\"><img aria-describedby=\"caption-attachment-92983\" data-attachment-id=\"92983\" data-permalink=\"https:\/\/agrund.com\/index.php\/semana-masculina-de-moda-de-milao-versace-inverno-2014\/semana-masculina-de-moda-de-milao-versace-inverno-2014-1\/\" data-orig-file=\"https:\/\/i0.wp.com\/agrund.com\/wp-content\/uploads\/sites\/6\/2014\/01\/semana-masculina-de-moda-de-milao-versace-inverno-2014-1.jpg?fit=550%2C825&amp;ssl=1\" data-orig-size=\"550,825\" data-comments-opened=\"1\" data-image-meta=\"{&quot;aperture&quot;:&quot;0&quot;,&quot;credit&quot;:&quot;&quot;,&quot;camera&quot;:&quot;&quot;,&quot;caption&quot;:&quot;&quot;,&quot;created_timestamp&quot;:&quot;0&quot;,&quot;copyright&quot;:&quot;&quot;,&quot;focal_length&quot;:&quot;0&quot;,&quot;iso&quot;:&quot;0&quot;,&quot;shutter_speed&quot;:&quot;0&quot;,&quot;title&quot;:&quot;&quot;}\" data-image-title=\"semana-masculina-de-moda-de-milao-versace-inverno-2014 (1)\" data-image-description=\"\" data-image-caption=\"&lt;p&gt;Semana Masculina de Moda de Mil\u00e3o :: Versace Inverno 2014&lt;\/p&gt;\n\" data-medium-file=\"https:\/\/i0.wp.com\/agrund.com\/wp-content\/uploads\/sites\/6\/2014\/01\/semana-masculina-de-moda-de-milao-versace-inverno-2014-1.jpg?fit=200%2C300&amp;ssl=1\" data-large-file=\"https:\/\/i0.wp.com\/agrund.com\/wp-content\/uploads\/sites\/6\/2014\/01\/semana-masculina-de-moda-de-milao-versace-inverno-2014-1.jpg?fit=550%2C825&amp;ssl=1\" decoding=\"async\" loading=\"lazy\" class=\"size-large wp-image-92983\" alt=\"Semana Masculina de Moda de Mil\u00e3o :: Versace Inverno 2014\" src=\"https:\/\/i0.wp.com\/www.agrund.com\/wp-content\/uploads\/sites\/6\/cache\/2014\/01\/semana-masculina-de-moda-de-milao-versace-inverno-2014-1\/4245024638.jpg?resize=550%2C825\" width=\"550\" height=\"825\" data-recalc-dims=\"1\" \/><\/a><p id=\"caption-attachment-92983\" class=\"wp-caption-text\">Semana Masculina de Moda de Mil\u00e3o :: Versace Inverno 2014<\/p><\/div>\n<p><a href=\"https:\/\/i0.wp.com\/www.agrund.com\/wp-content\/uploads\/sites\/6\/2014\/01\/semana-masculina-de-moda-de-milao-versace-inverno-2014-2.jpg\"><img data-attachment-id=\"92984\" data-permalink=\"https:\/\/agrund.com\/index.php\/semana-masculina-de-moda-de-milao-versace-inverno-2014\/semana-masculina-de-moda-de-milao-versace-inverno-2014-2\/\" data-orig-file=\"https:\/\/i0.wp.com\/agrund.com\/wp-content\/uploads\/sites\/6\/2014\/01\/semana-masculina-de-moda-de-milao-versace-inverno-2014-2.jpg?fit=550%2C825&amp;ssl=1\" data-orig-size=\"550,825\" data-comments-opened=\"1\" data-image-meta=\"{&quot;aperture&quot;:&quot;0&quot;,&quot;credit&quot;:&quot;&quot;,&quot;camera&quot;:&quot;&quot;,&quot;caption&quot;:&quot;&quot;,&quot;created_timestamp&quot;:&quot;0&quot;,&quot;copyright&quot;:&quot;&quot;,&quot;focal_length&quot;:&quot;0&quot;,&quot;iso&quot;:&quot;0&quot;,&quot;shutter_speed&quot;:&quot;0&quot;,&quot;title&quot;:&quot;&quot;}\" data-image-title=\"semana-masculina-de-moda-de-milao-versace-inverno-2014 (2)\" data-image-description=\"\" data-image-caption=\"\" data-medium-file=\"https:\/\/i0.wp.com\/agrund.com\/wp-content\/uploads\/sites\/6\/2014\/01\/semana-masculina-de-moda-de-milao-versace-inverno-2014-2.jpg?fit=200%2C300&amp;ssl=1\" data-large-file=\"https:\/\/i0.wp.com\/agrund.com\/wp-content\/uploads\/sites\/6\/2014\/01\/semana-masculina-de-moda-de-milao-versace-inverno-2014-2.jpg?fit=550%2C825&amp;ssl=1\" decoding=\"async\" loading=\"lazy\" class=\"aligncenter size-large wp-image-92984\" alt=\"semana-masculina-de-moda-de-milao-versace-inverno-2014 (2)\" src=\"https:\/\/i0.wp.com\/www.agrund.com\/wp-content\/uploads\/sites\/6\/cache\/2014\/01\/semana-masculina-de-moda-de-milao-versace-inverno-2014-2\/1938483357.jpg?resize=550%2C825\" width=\"550\" height=\"825\" data-recalc-dims=\"1\" \/><\/a><\/p>\n<div id=\"attachment_92985\" style=\"width: 560px\" class=\"wp-caption aligncenter\"><a href=\"https:\/\/i0.wp.com\/www.agrund.com\/wp-content\/uploads\/sites\/6\/2014\/01\/semana-masculina-de-moda-de-milao-versace-inverno-2014-3.jpg\"><img aria-describedby=\"caption-attachment-92985\" data-attachment-id=\"92985\" data-permalink=\"https:\/\/agrund.com\/index.php\/semana-masculina-de-moda-de-milao-versace-inverno-2014\/semana-masculina-de-moda-de-milao-versace-inverno-2014-3\/\" data-orig-file=\"https:\/\/i0.wp.com\/agrund.com\/wp-content\/uploads\/sites\/6\/2014\/01\/semana-masculina-de-moda-de-milao-versace-inverno-2014-3.jpg?fit=550%2C825&amp;ssl=1\" data-orig-size=\"550,825\" data-comments-opened=\"1\" data-image-meta=\"{&quot;aperture&quot;:&quot;0&quot;,&quot;credit&quot;:&quot;&quot;,&quot;camera&quot;:&quot;&quot;,&quot;caption&quot;:&quot;&quot;,&quot;created_timestamp&quot;:&quot;0&quot;,&quot;copyright&quot;:&quot;&quot;,&quot;focal_length&quot;:&quot;0&quot;,&quot;iso&quot;:&quot;0&quot;,&quot;shutter_speed&quot;:&quot;0&quot;,&quot;title&quot;:&quot;&quot;}\" data-image-title=\"semana-masculina-de-moda-de-milao-versace-inverno-2014 (3)\" data-image-description=\"\" data-image-caption=\"&lt;p&gt;Semana Masculina de Moda de Mil\u00e3o :: Versace Inverno 2014&lt;\/p&gt;\n\" data-medium-file=\"https:\/\/i0.wp.com\/agrund.com\/wp-content\/uploads\/sites\/6\/2014\/01\/semana-masculina-de-moda-de-milao-versace-inverno-2014-3.jpg?fit=200%2C300&amp;ssl=1\" data-large-file=\"https:\/\/i0.wp.com\/agrund.com\/wp-content\/uploads\/sites\/6\/2014\/01\/semana-masculina-de-moda-de-milao-versace-inverno-2014-3.jpg?fit=550%2C825&amp;ssl=1\" decoding=\"async\" loading=\"lazy\" class=\"size-large wp-image-92985\" alt=\"Semana Masculina de Moda de Mil\u00e3o :: Versace Inverno 2014\" src=\"https:\/\/i0.wp.com\/www.agrund.com\/wp-content\/uploads\/sites\/6\/cache\/2014\/01\/semana-masculina-de-moda-de-milao-versace-inverno-2014-3\/3206604803.jpg?resize=550%2C825\" width=\"550\" height=\"825\" data-recalc-dims=\"1\" \/><\/a><p id=\"caption-attachment-92985\" class=\"wp-caption-text\">Semana Masculina de Moda de Mil\u00e3o :: Versace Inverno 2014<\/p><\/div>\n<div id=\"attachment_92986\" style=\"width: 560px\" class=\"wp-caption aligncenter\"><a href=\"https:\/\/i0.wp.com\/www.agrund.com\/wp-content\/uploads\/sites\/6\/2014\/01\/semana-masculina-de-moda-de-milao-versace-inverno-2014-4.jpg\"><img aria-describedby=\"caption-attachment-92986\" data-attachment-id=\"92986\" data-permalink=\"https:\/\/agrund.com\/index.php\/semana-masculina-de-moda-de-milao-versace-inverno-2014\/semana-masculina-de-moda-de-milao-versace-inverno-2014-4\/\" data-orig-file=\"https:\/\/i0.wp.com\/agrund.com\/wp-content\/uploads\/sites\/6\/2014\/01\/semana-masculina-de-moda-de-milao-versace-inverno-2014-4.jpg?fit=550%2C825&amp;ssl=1\" data-orig-size=\"550,825\" data-comments-opened=\"1\" data-image-meta=\"{&quot;aperture&quot;:&quot;0&quot;,&quot;credit&quot;:&quot;&quot;,&quot;camera&quot;:&quot;&quot;,&quot;caption&quot;:&quot;&quot;,&quot;created_timestamp&quot;:&quot;0&quot;,&quot;copyright&quot;:&quot;&quot;,&quot;focal_length&quot;:&quot;0&quot;,&quot;iso&quot;:&quot;0&quot;,&quot;shutter_speed&quot;:&quot;0&quot;,&quot;title&quot;:&quot;&quot;}\" data-image-title=\"semana-masculina-de-moda-de-milao-versace-inverno-2014 (4)\" data-image-description=\"\" data-image-caption=\"&lt;p&gt;Semana Masculina de Moda de Mil\u00e3o :: Versace Inverno 2014&lt;\/p&gt;\n\" data-medium-file=\"https:\/\/i0.wp.com\/agrund.com\/wp-content\/uploads\/sites\/6\/2014\/01\/semana-masculina-de-moda-de-milao-versace-inverno-2014-4.jpg?fit=200%2C300&amp;ssl=1\" data-large-file=\"https:\/\/i0.wp.com\/agrund.com\/wp-content\/uploads\/sites\/6\/2014\/01\/semana-masculina-de-moda-de-milao-versace-inverno-2014-4.jpg?fit=550%2C825&amp;ssl=1\" decoding=\"async\" loading=\"lazy\" class=\"size-large wp-image-92986\" alt=\"Semana Masculina de Moda de Mil\u00e3o :: Versace Inverno 2014\" src=\"https:\/\/i0.wp.com\/www.agrund.com\/wp-content\/uploads\/sites\/6\/cache\/2014\/01\/semana-masculina-de-moda-de-milao-versace-inverno-2014-4\/3051741466.jpg?resize=550%2C825\" width=\"550\" height=\"825\" data-recalc-dims=\"1\" \/><\/a><p id=\"caption-attachment-92986\" class=\"wp-caption-text\">Semana Masculina de Moda de Mil\u00e3o :: Versace Inverno 2014<\/p><\/div>\n<div id=\"attachment_92987\" style=\"width: 560px\" class=\"wp-caption aligncenter\"><a href=\"https:\/\/i0.wp.com\/www.agrund.com\/wp-content\/uploads\/sites\/6\/2014\/01\/semana-masculina-de-moda-de-milao-versace-inverno-2014-5.jpg\"><img aria-describedby=\"caption-attachment-92987\" data-attachment-id=\"92987\" data-permalink=\"https:\/\/agrund.com\/index.php\/semana-masculina-de-moda-de-milao-versace-inverno-2014\/semana-masculina-de-moda-de-milao-versace-inverno-2014-5\/\" data-orig-file=\"https:\/\/i0.wp.com\/agrund.com\/wp-content\/uploads\/sites\/6\/2014\/01\/semana-masculina-de-moda-de-milao-versace-inverno-2014-5.jpg?fit=550%2C825&amp;ssl=1\" data-orig-size=\"550,825\" data-comments-opened=\"1\" data-image-meta=\"{&quot;aperture&quot;:&quot;0&quot;,&quot;credit&quot;:&quot;&quot;,&quot;camera&quot;:&quot;&quot;,&quot;caption&quot;:&quot;&quot;,&quot;created_timestamp&quot;:&quot;0&quot;,&quot;copyright&quot;:&quot;&quot;,&quot;focal_length&quot;:&quot;0&quot;,&quot;iso&quot;:&quot;0&quot;,&quot;shutter_speed&quot;:&quot;0&quot;,&quot;title&quot;:&quot;&quot;}\" data-image-title=\"semana-masculina-de-moda-de-milao-versace-inverno-2014 (5)\" data-image-description=\"\" data-image-caption=\"&lt;p&gt;Semana Masculina de Moda de Mil\u00e3o :: Versace Inverno 2014&lt;\/p&gt;\n\" data-medium-file=\"https:\/\/i0.wp.com\/agrund.com\/wp-content\/uploads\/sites\/6\/2014\/01\/semana-masculina-de-moda-de-milao-versace-inverno-2014-5.jpg?fit=200%2C300&amp;ssl=1\" data-large-file=\"https:\/\/i0.wp.com\/agrund.com\/wp-content\/uploads\/sites\/6\/2014\/01\/semana-masculina-de-moda-de-milao-versace-inverno-2014-5.jpg?fit=550%2C825&amp;ssl=1\" decoding=\"async\" loading=\"lazy\" class=\"size-large wp-image-92987\" alt=\"Semana Masculina de Moda de Mil\u00e3o :: Versace Inverno 2014\" src=\"https:\/\/i0.wp.com\/www.agrund.com\/wp-content\/uploads\/sites\/6\/cache\/2014\/01\/semana-masculina-de-moda-de-milao-versace-inverno-2014-5\/2035278212.jpg?resize=550%2C825\" width=\"550\" height=\"825\" data-recalc-dims=\"1\" \/><\/a><p id=\"caption-attachment-92987\" class=\"wp-caption-text\">Semana Masculina de Moda de Mil\u00e3o :: Versace Inverno 2014<\/p><\/div>\n<div id=\"attachment_92988\" style=\"width: 560px\" class=\"wp-caption aligncenter\"><a href=\"https:\/\/i0.wp.com\/www.agrund.com\/wp-content\/uploads\/sites\/6\/2014\/01\/semana-masculina-de-moda-de-milao-versace-inverno-2014-6.jpg\"><img aria-describedby=\"caption-attachment-92988\" data-attachment-id=\"92988\" data-permalink=\"https:\/\/agrund.com\/index.php\/semana-masculina-de-moda-de-milao-versace-inverno-2014\/semana-masculina-de-moda-de-milao-versace-inverno-2014-6\/\" data-orig-file=\"https:\/\/i0.wp.com\/agrund.com\/wp-content\/uploads\/sites\/6\/2014\/01\/semana-masculina-de-moda-de-milao-versace-inverno-2014-6.jpg?fit=550%2C825&amp;ssl=1\" data-orig-size=\"550,825\" data-comments-opened=\"1\" data-image-meta=\"{&quot;aperture&quot;:&quot;0&quot;,&quot;credit&quot;:&quot;&quot;,&quot;camera&quot;:&quot;&quot;,&quot;caption&quot;:&quot;&quot;,&quot;created_timestamp&quot;:&quot;0&quot;,&quot;copyright&quot;:&quot;&quot;,&quot;focal_length&quot;:&quot;0&quot;,&quot;iso&quot;:&quot;0&quot;,&quot;shutter_speed&quot;:&quot;0&quot;,&quot;title&quot;:&quot;&quot;}\" data-image-title=\"semana-masculina-de-moda-de-milao-versace-inverno-2014 (6)\" data-image-description=\"\" data-image-caption=\"&lt;p&gt;Semana Masculina de Moda de Mil\u00e3o :: Versace Inverno 2014&lt;\/p&gt;\n\" data-medium-file=\"https:\/\/i0.wp.com\/agrund.com\/wp-content\/uploads\/sites\/6\/2014\/01\/semana-masculina-de-moda-de-milao-versace-inverno-2014-6.jpg?fit=200%2C300&amp;ssl=1\" data-large-file=\"https:\/\/i0.wp.com\/agrund.com\/wp-content\/uploads\/sites\/6\/2014\/01\/semana-masculina-de-moda-de-milao-versace-inverno-2014-6.jpg?fit=550%2C825&amp;ssl=1\" decoding=\"async\" loading=\"lazy\" class=\"size-large wp-image-92988\" alt=\"Semana Masculina de Moda de Mil\u00e3o :: Versace Inverno 2014\" src=\"https:\/\/i0.wp.com\/www.agrund.com\/wp-content\/uploads\/sites\/6\/cache\/2014\/01\/semana-masculina-de-moda-de-milao-versace-inverno-2014-6\/4156614247.jpg?resize=550%2C825\" width=\"550\" height=\"825\" data-recalc-dims=\"1\" \/><\/a><p id=\"caption-attachment-92988\" class=\"wp-caption-text\">Semana Masculina de Moda de Mil\u00e3o :: Versace Inverno 2014<\/p><\/div>\n<div id=\"attachment_92989\" style=\"width: 560px\" class=\"wp-caption aligncenter\"><a href=\"https:\/\/i0.wp.com\/www.agrund.com\/wp-content\/uploads\/sites\/6\/2014\/01\/semana-masculina-de-moda-de-milao-versace-inverno-2014-7.jpg\"><img aria-describedby=\"caption-attachment-92989\" data-attachment-id=\"92989\" data-permalink=\"https:\/\/agrund.com\/index.php\/semana-masculina-de-moda-de-milao-versace-inverno-2014\/semana-masculina-de-moda-de-milao-versace-inverno-2014-7\/\" data-orig-file=\"https:\/\/i0.wp.com\/agrund.com\/wp-content\/uploads\/sites\/6\/2014\/01\/semana-masculina-de-moda-de-milao-versace-inverno-2014-7.jpg?fit=550%2C825&amp;ssl=1\" data-orig-size=\"550,825\" data-comments-opened=\"1\" data-image-meta=\"{&quot;aperture&quot;:&quot;0&quot;,&quot;credit&quot;:&quot;&quot;,&quot;camera&quot;:&quot;&quot;,&quot;caption&quot;:&quot;&quot;,&quot;created_timestamp&quot;:&quot;0&quot;,&quot;copyright&quot;:&quot;&quot;,&quot;focal_length&quot;:&quot;0&quot;,&quot;iso&quot;:&quot;0&quot;,&quot;shutter_speed&quot;:&quot;0&quot;,&quot;title&quot;:&quot;&quot;}\" data-image-title=\"semana-masculina-de-moda-de-milao-versace-inverno-2014 (7)\" data-image-description=\"\" data-image-caption=\"&lt;p&gt;Semana Masculina de Moda de Mil\u00e3o :: Versace Inverno 2014&lt;\/p&gt;\n\" data-medium-file=\"https:\/\/i0.wp.com\/agrund.com\/wp-content\/uploads\/sites\/6\/2014\/01\/semana-masculina-de-moda-de-milao-versace-inverno-2014-7.jpg?fit=200%2C300&amp;ssl=1\" data-large-file=\"https:\/\/i0.wp.com\/agrund.com\/wp-content\/uploads\/sites\/6\/2014\/01\/semana-masculina-de-moda-de-milao-versace-inverno-2014-7.jpg?fit=550%2C825&amp;ssl=1\" decoding=\"async\" loading=\"lazy\" class=\"size-large wp-image-92989\" alt=\"Semana Masculina de Moda de Mil\u00e3o :: Versace Inverno 2014\" src=\"https:\/\/i0.wp.com\/www.agrund.com\/wp-content\/uploads\/sites\/6\/cache\/2014\/01\/semana-masculina-de-moda-de-milao-versace-inverno-2014-7\/996861689.jpg?resize=550%2C825\" width=\"550\" height=\"825\" data-recalc-dims=\"1\" \/><\/a><p id=\"caption-attachment-92989\" class=\"wp-caption-text\">Semana Masculina de Moda de Mil\u00e3o :: Versace Inverno 2014<\/p><\/div>\n<div id=\"attachment_92990\" style=\"width: 560px\" class=\"wp-caption aligncenter\"><a href=\"https:\/\/i0.wp.com\/www.agrund.com\/wp-content\/uploads\/sites\/6\/2014\/01\/semana-masculina-de-moda-de-milao-versace-inverno-2014-8.jpg\"><img aria-describedby=\"caption-attachment-92990\" data-attachment-id=\"92990\" data-permalink=\"https:\/\/agrund.com\/index.php\/semana-masculina-de-moda-de-milao-versace-inverno-2014\/semana-masculina-de-moda-de-milao-versace-inverno-2014-8\/\" data-orig-file=\"https:\/\/i0.wp.com\/agrund.com\/wp-content\/uploads\/sites\/6\/2014\/01\/semana-masculina-de-moda-de-milao-versace-inverno-2014-8.jpg?fit=550%2C825&amp;ssl=1\" data-orig-size=\"550,825\" data-comments-opened=\"1\" data-image-meta=\"{&quot;aperture&quot;:&quot;0&quot;,&quot;credit&quot;:&quot;&quot;,&quot;camera&quot;:&quot;&quot;,&quot;caption&quot;:&quot;&quot;,&quot;created_timestamp&quot;:&quot;0&quot;,&quot;copyright&quot;:&quot;&quot;,&quot;focal_length&quot;:&quot;0&quot;,&quot;iso&quot;:&quot;0&quot;,&quot;shutter_speed&quot;:&quot;0&quot;,&quot;title&quot;:&quot;&quot;}\" data-image-title=\"semana-masculina-de-moda-de-milao-versace-inverno-2014 (8)\" data-image-description=\"\" data-image-caption=\"&lt;p&gt;Semana Masculina de Moda de Mil\u00e3o :: Versace Inverno 2014&lt;\/p&gt;\n\" data-medium-file=\"https:\/\/i0.wp.com\/agrund.com\/wp-content\/uploads\/sites\/6\/2014\/01\/semana-masculina-de-moda-de-milao-versace-inverno-2014-8.jpg?fit=200%2C300&amp;ssl=1\" data-large-file=\"https:\/\/i0.wp.com\/agrund.com\/wp-content\/uploads\/sites\/6\/2014\/01\/semana-masculina-de-moda-de-milao-versace-inverno-2014-8.jpg?fit=550%2C825&amp;ssl=1\" decoding=\"async\" loading=\"lazy\" class=\"size-large wp-image-92990\" alt=\"Semana Masculina de Moda de Mil\u00e3o :: Versace Inverno 2014\" src=\"https:\/\/i0.wp.com\/www.agrund.com\/wp-content\/uploads\/sites\/6\/cache\/2014\/01\/semana-masculina-de-moda-de-milao-versace-inverno-2014-8\/3796563029.jpg?resize=550%2C825\" width=\"550\" height=\"825\" data-recalc-dims=\"1\" \/><\/a><p id=\"caption-attachment-92990\" class=\"wp-caption-text\">Semana Masculina de Moda de Mil\u00e3o :: Versace Inverno 2014<\/p><\/div>\n<div id=\"attachment_92991\" style=\"width: 560px\" class=\"wp-caption aligncenter\"><a href=\"https:\/\/i0.wp.com\/www.agrund.com\/wp-content\/uploads\/sites\/6\/2014\/01\/semana-masculina-de-moda-de-milao-versace-inverno-2014-9.jpg\"><img aria-describedby=\"caption-attachment-92991\" data-attachment-id=\"92991\" data-permalink=\"https:\/\/agrund.com\/index.php\/semana-masculina-de-moda-de-milao-versace-inverno-2014\/semana-masculina-de-moda-de-milao-versace-inverno-2014-9\/\" data-orig-file=\"https:\/\/i0.wp.com\/agrund.com\/wp-content\/uploads\/sites\/6\/2014\/01\/semana-masculina-de-moda-de-milao-versace-inverno-2014-9.jpg?fit=550%2C825&amp;ssl=1\" data-orig-size=\"550,825\" data-comments-opened=\"1\" data-image-meta=\"{&quot;aperture&quot;:&quot;0&quot;,&quot;credit&quot;:&quot;&quot;,&quot;camera&quot;:&quot;&quot;,&quot;caption&quot;:&quot;&quot;,&quot;created_timestamp&quot;:&quot;0&quot;,&quot;copyright&quot;:&quot;&quot;,&quot;focal_length&quot;:&quot;0&quot;,&quot;iso&quot;:&quot;0&quot;,&quot;shutter_speed&quot;:&quot;0&quot;,&quot;title&quot;:&quot;&quot;}\" data-image-title=\"semana-masculina-de-moda-de-milao-versace-inverno-2014 (9)\" data-image-description=\"\" data-image-caption=\"&lt;p&gt;Semana Masculina de Moda de Mil\u00e3o :: Versace Inverno 2014&lt;\/p&gt;\n\" data-medium-file=\"https:\/\/i0.wp.com\/agrund.com\/wp-content\/uploads\/sites\/6\/2014\/01\/semana-masculina-de-moda-de-milao-versace-inverno-2014-9.jpg?fit=200%2C300&amp;ssl=1\" data-large-file=\"https:\/\/i0.wp.com\/agrund.com\/wp-content\/uploads\/sites\/6\/2014\/01\/semana-masculina-de-moda-de-milao-versace-inverno-2014-9.jpg?fit=550%2C825&amp;ssl=1\" decoding=\"async\" loading=\"lazy\" class=\"size-large wp-image-92991\" alt=\"Semana Masculina de Moda de Mil\u00e3o :: Versace Inverno 2014\" src=\"https:\/\/i0.wp.com\/www.agrund.com\/wp-content\/uploads\/sites\/6\/cache\/2014\/01\/semana-masculina-de-moda-de-milao-versace-inverno-2014-9\/786494667.jpg?resize=550%2C825\" width=\"550\" height=\"825\" data-recalc-dims=\"1\" \/><\/a><p id=\"caption-attachment-92991\" class=\"wp-caption-text\">Semana Masculina de Moda de Mil\u00e3o :: Versace Inverno 2014<\/p><\/div>\n<div id=\"attachment_92992\" style=\"width: 560px\" class=\"wp-caption aligncenter\"><a href=\"https:\/\/i0.wp.com\/www.agrund.com\/wp-content\/uploads\/sites\/6\/2014\/01\/semana-masculina-de-moda-de-milao-versace-inverno-2014-10.jpg\"><img aria-describedby=\"caption-attachment-92992\" data-attachment-id=\"92992\" data-permalink=\"https:\/\/agrund.com\/index.php\/semana-masculina-de-moda-de-milao-versace-inverno-2014\/semana-masculina-de-moda-de-milao-versace-inverno-2014-10\/\" data-orig-file=\"https:\/\/i0.wp.com\/agrund.com\/wp-content\/uploads\/sites\/6\/2014\/01\/semana-masculina-de-moda-de-milao-versace-inverno-2014-10.jpg?fit=550%2C825&amp;ssl=1\" data-orig-size=\"550,825\" data-comments-opened=\"1\" data-image-meta=\"{&quot;aperture&quot;:&quot;0&quot;,&quot;credit&quot;:&quot;&quot;,&quot;camera&quot;:&quot;&quot;,&quot;caption&quot;:&quot;&quot;,&quot;created_timestamp&quot;:&quot;0&quot;,&quot;copyright&quot;:&quot;&quot;,&quot;focal_length&quot;:&quot;0&quot;,&quot;iso&quot;:&quot;0&quot;,&quot;shutter_speed&quot;:&quot;0&quot;,&quot;title&quot;:&quot;&quot;}\" data-image-title=\"semana-masculina-de-moda-de-milao-versace-inverno-2014 (10)\" data-image-description=\"\" data-image-caption=\"&lt;p&gt;Semana Masculina de Moda de Mil\u00e3o :: Versace Inverno 2014&lt;\/p&gt;\n\" data-medium-file=\"https:\/\/i0.wp.com\/agrund.com\/wp-content\/uploads\/sites\/6\/2014\/01\/semana-masculina-de-moda-de-milao-versace-inverno-2014-10.jpg?fit=200%2C300&amp;ssl=1\" data-large-file=\"https:\/\/i0.wp.com\/agrund.com\/wp-content\/uploads\/sites\/6\/2014\/01\/semana-masculina-de-moda-de-milao-versace-inverno-2014-10.jpg?fit=550%2C825&amp;ssl=1\" decoding=\"async\" loading=\"lazy\" class=\"size-large wp-image-92992\" alt=\"Semana Masculina de Moda de Mil\u00e3o :: Versace Inverno 2014\" src=\"https:\/\/i0.wp.com\/www.agrund.com\/wp-content\/uploads\/sites\/6\/cache\/2014\/01\/semana-masculina-de-moda-de-milao-versace-inverno-2014-10\/1486608435.jpg?resize=550%2C825\" width=\"550\" height=\"825\" data-recalc-dims=\"1\" \/><\/a><p id=\"caption-attachment-92992\" class=\"wp-caption-text\">Semana Masculina de Moda de Mil\u00e3o :: Versace Inverno 2014<\/p><\/div>\n<div id=\"attachment_92993\" style=\"width: 560px\" class=\"wp-caption aligncenter\"><a href=\"https:\/\/i0.wp.com\/www.agrund.com\/wp-content\/uploads\/sites\/6\/2014\/01\/semana-masculina-de-moda-de-milao-versace-inverno-2014-11.jpg\"><img aria-describedby=\"caption-attachment-92993\" data-attachment-id=\"92993\" data-permalink=\"https:\/\/agrund.com\/index.php\/semana-masculina-de-moda-de-milao-versace-inverno-2014\/semana-masculina-de-moda-de-milao-versace-inverno-2014-11\/\" data-orig-file=\"https:\/\/i0.wp.com\/agrund.com\/wp-content\/uploads\/sites\/6\/2014\/01\/semana-masculina-de-moda-de-milao-versace-inverno-2014-11.jpg?fit=550%2C825&amp;ssl=1\" data-orig-size=\"550,825\" data-comments-opened=\"1\" data-image-meta=\"{&quot;aperture&quot;:&quot;0&quot;,&quot;credit&quot;:&quot;&quot;,&quot;camera&quot;:&quot;&quot;,&quot;caption&quot;:&quot;&quot;,&quot;created_timestamp&quot;:&quot;0&quot;,&quot;copyright&quot;:&quot;&quot;,&quot;focal_length&quot;:&quot;0&quot;,&quot;iso&quot;:&quot;0&quot;,&quot;shutter_speed&quot;:&quot;0&quot;,&quot;title&quot;:&quot;&quot;}\" data-image-title=\"semana-masculina-de-moda-de-milao-versace-inverno-2014 (11)\" data-image-description=\"\" data-image-caption=\"&lt;p&gt;Semana Masculina de Moda de Mil\u00e3o :: Versace Inverno 2014&lt;\/p&gt;\n\" data-medium-file=\"https:\/\/i0.wp.com\/agrund.com\/wp-content\/uploads\/sites\/6\/2014\/01\/semana-masculina-de-moda-de-milao-versace-inverno-2014-11.jpg?fit=200%2C300&amp;ssl=1\" data-large-file=\"https:\/\/i0.wp.com\/agrund.com\/wp-content\/uploads\/sites\/6\/2014\/01\/semana-masculina-de-moda-de-milao-versace-inverno-2014-11.jpg?fit=550%2C825&amp;ssl=1\" decoding=\"async\" loading=\"lazy\" class=\"size-large wp-image-92993\" alt=\"Semana Masculina de Moda de Mil\u00e3o :: Versace Inverno 2014\" src=\"https:\/\/i0.wp.com\/www.agrund.com\/wp-content\/uploads\/sites\/6\/cache\/2014\/01\/semana-masculina-de-moda-de-milao-versace-inverno-2014-11\/2486294701.jpg?resize=550%2C825\" width=\"550\" height=\"825\" data-recalc-dims=\"1\" \/><\/a><p id=\"caption-attachment-92993\" class=\"wp-caption-text\">Semana Masculina de Moda de Mil\u00e3o :: Versace Inverno 2014<\/p><\/div>\n<div id=\"attachment_92994\" style=\"width: 560px\" class=\"wp-caption aligncenter\"><a href=\"https:\/\/i0.wp.com\/www.agrund.com\/wp-content\/uploads\/sites\/6\/2014\/01\/semana-masculina-de-moda-de-milao-versace-inverno-2014-12.jpg\"><img aria-describedby=\"caption-attachment-92994\" data-attachment-id=\"92994\" data-permalink=\"https:\/\/agrund.com\/index.php\/semana-masculina-de-moda-de-milao-versace-inverno-2014\/semana-masculina-de-moda-de-milao-versace-inverno-2014-12\/\" data-orig-file=\"https:\/\/i0.wp.com\/agrund.com\/wp-content\/uploads\/sites\/6\/2014\/01\/semana-masculina-de-moda-de-milao-versace-inverno-2014-12.jpg?fit=550%2C825&amp;ssl=1\" data-orig-size=\"550,825\" data-comments-opened=\"1\" data-image-meta=\"{&quot;aperture&quot;:&quot;0&quot;,&quot;credit&quot;:&quot;&quot;,&quot;camera&quot;:&quot;&quot;,&quot;caption&quot;:&quot;&quot;,&quot;created_timestamp&quot;:&quot;0&quot;,&quot;copyright&quot;:&quot;&quot;,&quot;focal_length&quot;:&quot;0&quot;,&quot;iso&quot;:&quot;0&quot;,&quot;shutter_speed&quot;:&quot;0&quot;,&quot;title&quot;:&quot;&quot;}\" data-image-title=\"semana-masculina-de-moda-de-milao-versace-inverno-2014 (12)\" data-image-description=\"\" data-image-caption=\"&lt;p&gt;Semana Masculina de Moda de Mil\u00e3o :: Versace Inverno 2014&lt;\/p&gt;\n\" data-medium-file=\"https:\/\/i0.wp.com\/agrund.com\/wp-content\/uploads\/sites\/6\/2014\/01\/semana-masculina-de-moda-de-milao-versace-inverno-2014-12.jpg?fit=200%2C300&amp;ssl=1\" data-large-file=\"https:\/\/i0.wp.com\/agrund.com\/wp-content\/uploads\/sites\/6\/2014\/01\/semana-masculina-de-moda-de-milao-versace-inverno-2014-12.jpg?fit=550%2C825&amp;ssl=1\" decoding=\"async\" loading=\"lazy\" class=\"size-large wp-image-92994\" alt=\"Semana Masculina de Moda de Mil\u00e3o :: Versace Inverno 2014\" src=\"https:\/\/i0.wp.com\/www.agrund.com\/wp-content\/uploads\/sites\/6\/cache\/2014\/01\/semana-masculina-de-moda-de-milao-versace-inverno-2014-12\/448716622.jpg?resize=550%2C825\" width=\"550\" height=\"825\" data-recalc-dims=\"1\" \/><\/a><p id=\"caption-attachment-92994\" class=\"wp-caption-text\">Semana Masculina de Moda de Mil\u00e3o :: Versace Inverno 2014<\/p><\/div>\n<p>Imagens: Reprodu\u00e7\u00e3o.<\/p>\n","protected":false},"excerpt":{"rendered":"<p>A Semana Masculina de Moda de Mil\u00e3o sempre treme quando o assunto \u00e9 o desfile da Versace. Donatella Versace foi aos extremos para criar sua cole\u00e7\u00e3o inverno 2014\/2015. Motoqueiros vaqueiros ou vaqueiros motoqueiros? O cavalo sai e entra a moto. A jaqueta ganha aplica\u00e7\u00f5es como cactos e estrelas de xerife. E as luvas aparecem com [&hellip;]<\/p>\n","protected":false},"author":1,"featured_media":92995,"comment_status":"open","ping_status":"open","sticky":false,"template":"","format":"standard","meta":{"jetpack_post_was_ever_published":false,"_jetpack_newsletter_access":"","jetpack_publicize_message":"","jetpack_is_tweetstorm":false,"jetpack_publicize_feature_enabled":true,"jetpack_social_post_already_shared":true,"jetpack_social_options":{"image_generator_settings":{"template":"highway","enabled":false}}},"categories":[21,2],"tags":[],"jetpack_publicize_connections":[],"jetpack_featured_media_url":"https:\/\/i0.wp.com\/agrund.com\/wp-content\/uploads\/sites\/6\/2014\/01\/slide48.jpg?fit=960%2C320&ssl=1","jetpack_sharing_enabled":true,"jetpack_shortlink":"https:\/\/wp.me\/p3Hz0n-obI","jetpack_likes_enabled":true,"_links":{"self":[{"href":"https:\/\/agrund.com\/index.php\/wp-json\/wp\/v2\/posts\/92982"}],"collection":[{"href":"https:\/\/agrund.com\/index.php\/wp-json\/wp\/v2\/posts"}],"about":[{"href":"https:\/\/agrund.com\/index.php\/wp-json\/wp\/v2\/types\/post"}],"author":[{"embeddable":true,"href":"https:\/\/agrund.com\/index.php\/wp-json\/wp\/v2\/users\/1"}],"replies":[{"embeddable":true,"href":"https:\/\/agrund.com\/index.php\/wp-json\/wp\/v2\/comments?post=92982"}],"version-history":[{"count":0,"href":"https:\/\/agrund.com\/index.php\/wp-json\/wp\/v2\/posts\/92982\/revisions"}],"wp:featuredmedia":[{"embeddable":true,"href":"https:\/\/agrund.com\/index.php\/wp-json\/wp\/v2\/media\/92995"}],"wp:attachment":[{"href":"https:\/\/agrund.com\/index.php\/wp-json\/wp\/v2\/media?parent=92982"}],"wp:term":[{"taxonomy":"category","embeddable":true,"href":"https:\/\/agrund.com\/index.php\/wp-json\/wp\/v2\/categories?post=92982"},{"taxonomy":"post_tag","embeddable":true,"href":"https:\/\/agrund.com\/index.php\/wp-json\/wp\/v2\/tags?post=92982"}],"curies":[{"name":"wp","href":"https:\/\/api.w.org\/{rel}","templated":true}]}}