{"id":92894,"date":"2014-01-10T18:00:10","date_gmt":"2014-01-10T20:00:10","guid":{"rendered":"http:\/\/www.agrund.com\/?p=92894"},"modified":"2014-01-10T16:07:48","modified_gmt":"2014-01-10T18:07:48","slug":"riccardo-tisci-assina-colecao-para-a-nike","status":"publish","type":"post","link":"https:\/\/agrund.com\/index.php\/riccardo-tisci-assina-colecao-para-a-nike\/","title":{"rendered":"Riccardo Tisci assina cole\u00e7\u00e3o para a Nike"},"content":{"rendered":"<p>Alerta de parceria fashion! Riccardo Tisci acaba de anunciar uma cole\u00e7\u00e3o-c\u00e1psula em parceria com a Nike!<br \/>\nSem dar detalhes, o estilista da Givenchy confirmou a not\u00edcia atrav\u00e9s de seu perfil no Instagram. O resultado deve chegar \u00e0s lojas no final de mar\u00e7o e n\u00f3s j\u00e1 estamos de olho!<\/p>\n<div id=\"attachment_92895\" style=\"width: 538px\" class=\"wp-caption aligncenter\"><a href=\"https:\/\/i0.wp.com\/www.agrund.com\/wp-content\/uploads\/sites\/6\/2014\/01\/riccardo-tisci-assina-colecao-para-a-nike.jpg\"><img aria-describedby=\"caption-attachment-92895\" data-attachment-id=\"92895\" data-permalink=\"https:\/\/agrund.com\/index.php\/riccardo-tisci-assina-colecao-para-a-nike\/riccardo-tisci-assina-colecao-para-a-nike\/\" data-orig-file=\"https:\/\/i0.wp.com\/agrund.com\/wp-content\/uploads\/sites\/6\/2014\/01\/riccardo-tisci-assina-colecao-para-a-nike.jpg?fit=528%2C692&amp;ssl=1\" data-orig-size=\"528,692\" data-comments-opened=\"1\" data-image-meta=\"{&quot;aperture&quot;:&quot;0&quot;,&quot;credit&quot;:&quot;&quot;,&quot;camera&quot;:&quot;&quot;,&quot;caption&quot;:&quot;&quot;,&quot;created_timestamp&quot;:&quot;0&quot;,&quot;copyright&quot;:&quot;&quot;,&quot;focal_length&quot;:&quot;0&quot;,&quot;iso&quot;:&quot;0&quot;,&quot;shutter_speed&quot;:&quot;0&quot;,&quot;title&quot;:&quot;&quot;}\" data-image-title=\"riccardo-tisci-assina-colecao-para-a-nike\" data-image-description=\"\" data-image-caption=\"&lt;p&gt;Riccardo Tisci assina cole\u00e7\u00e3o para a Nike&lt;\/p&gt;\n\" data-medium-file=\"https:\/\/i0.wp.com\/agrund.com\/wp-content\/uploads\/sites\/6\/2014\/01\/riccardo-tisci-assina-colecao-para-a-nike.jpg?fit=228%2C300&amp;ssl=1\" data-large-file=\"https:\/\/i0.wp.com\/agrund.com\/wp-content\/uploads\/sites\/6\/2014\/01\/riccardo-tisci-assina-colecao-para-a-nike.jpg?fit=528%2C692&amp;ssl=1\" decoding=\"async\" loading=\"lazy\" class=\"size-large wp-image-92895\" alt=\"Riccardo Tisci assina cole\u00e7\u00e3o para a Nike\" src=\"https:\/\/i0.wp.com\/www.agrund.com\/wp-content\/uploads\/sites\/6\/cache\/2014\/01\/riccardo-tisci-assina-colecao-para-a-nike\/3069784792.jpg?resize=528%2C692\" width=\"528\" height=\"692\" data-recalc-dims=\"1\" \/><\/a><p id=\"caption-attachment-92895\" class=\"wp-caption-text\">Riccardo Tisci assina cole\u00e7\u00e3o para a Nike<\/p><\/div>\n<p>Imagem: Reprodu\u00e7\u00e3o.<\/p>\n","protected":false},"excerpt":{"rendered":"<p>Alerta de parceria fashion! Riccardo Tisci acaba de anunciar uma cole\u00e7\u00e3o-c\u00e1psula em parceria com a Nike! Sem dar detalhes, o estilista da Givenchy confirmou a not\u00edcia atrav\u00e9s de seu perfil no Instagram. O resultado deve chegar \u00e0s lojas no final de mar\u00e7o e n\u00f3s j\u00e1 estamos de olho! Imagem: Reprodu\u00e7\u00e3o.<\/p>\n","protected":false},"author":1,"featured_media":92896,"comment_status":"open","ping_status":"open","sticky":false,"template":"","format":"standard","meta":{"jetpack_post_was_ever_published":false,"_jetpack_newsletter_access":"","jetpack_publicize_message":"","jetpack_is_tweetstorm":false,"jetpack_publicize_feature_enabled":true,"jetpack_social_post_already_shared":true,"jetpack_social_options":{"image_generator_settings":{"template":"highway","enabled":false}}},"categories":[2],"tags":[],"jetpack_publicize_connections":[],"jetpack_featured_media_url":"https:\/\/i0.wp.com\/agrund.com\/wp-content\/uploads\/sites\/6\/2014\/01\/slide19.jpg?fit=960%2C300&ssl=1","jetpack_sharing_enabled":true,"jetpack_shortlink":"https:\/\/wp.me\/p3Hz0n-oai","jetpack_likes_enabled":true,"_links":{"self":[{"href":"https:\/\/agrund.com\/index.php\/wp-json\/wp\/v2\/posts\/92894"}],"collection":[{"href":"https:\/\/agrund.com\/index.php\/wp-json\/wp\/v2\/posts"}],"about":[{"href":"https:\/\/agrund.com\/index.php\/wp-json\/wp\/v2\/types\/post"}],"author":[{"embeddable":true,"href":"https:\/\/agrund.com\/index.php\/wp-json\/wp\/v2\/users\/1"}],"replies":[{"embeddable":true,"href":"https:\/\/agrund.com\/index.php\/wp-json\/wp\/v2\/comments?post=92894"}],"version-history":[{"count":0,"href":"https:\/\/agrund.com\/index.php\/wp-json\/wp\/v2\/posts\/92894\/revisions"}],"wp:featuredmedia":[{"embeddable":true,"href":"https:\/\/agrund.com\/index.php\/wp-json\/wp\/v2\/media\/92896"}],"wp:attachment":[{"href":"https:\/\/agrund.com\/index.php\/wp-json\/wp\/v2\/media?parent=92894"}],"wp:term":[{"taxonomy":"category","embeddable":true,"href":"https:\/\/agrund.com\/index.php\/wp-json\/wp\/v2\/categories?post=92894"},{"taxonomy":"post_tag","embeddable":true,"href":"https:\/\/agrund.com\/index.php\/wp-json\/wp\/v2\/tags?post=92894"}],"curies":[{"name":"wp","href":"https:\/\/api.w.org\/{rel}","templated":true}]}}