{"id":92889,"date":"2014-01-10T17:00:56","date_gmt":"2014-01-10T19:00:56","guid":{"rendered":"http:\/\/www.agrund.com\/?p=92889"},"modified":"2014-01-10T15:02:44","modified_gmt":"2014-01-10T17:02:44","slug":"jessie-j-cancela-turne-americana-com-robin-thicke","status":"publish","type":"post","link":"https:\/\/agrund.com\/index.php\/jessie-j-cancela-turne-americana-com-robin-thicke\/","title":{"rendered":"Jessie J cancela turn\u00ea americana com Robin Thicke"},"content":{"rendered":"<p>A cantora Jessie J confirmou que estava cancelando sua parceria com o astro Robin Thicke, pois tinha raz\u00f5es suficientes para focar seus esfor\u00e7os na grava\u00e7\u00e3o do seu segundo \u00e1lbum em est\u00fadio, &#8216;Alive&#8217;, na tentativa de conquistar o mercado americano.<br \/>\nO projeto da dupla, que estava programado para iniciar entre os meses de fevereiro e mar\u00e7o desse ano, foi por \u00e1gua abaixo depois de um post feito no Twitter de Jessie J, que revelava o cancelamento da parceria. Jessie escreveu: &#8220;Estou indo para os EUA para dedicar todo o meu tempo aos meus batimentos card\u00edacos, que ficaram em falta (com o p\u00fablico americano) comparados com as outras partes do mundo nos \u00faltimos anos. N\u00e3o h\u00e1 shows, nenhuma m\u00fasica lan\u00e7ada! Ent\u00e3o, eu estou indo para o est\u00fadio para escrever e terminar a vers\u00e3o de &#8216;Alive&#8217;. Espero fazer alguns pequenos shows nos EUA e provar para os meus f\u00e3s o quanto eu quero estar l\u00e1! Nem tudo est\u00e1 sob o meu controle, mas o meu objetivo \u00e9 que o meu \u00e1lbum seja lan\u00e7ado nos EUA ainda este ano!&#8221;<br \/>\nA cantora de 25 anos disse que sua equipe decidiu que era melhor para ela priorizar seu tempo no est\u00fadio e na promo\u00e7\u00e3o do novo \u00e1lbum a fazer essa turn\u00ea com Thicke.<br \/>\nEla continuou: &#8220;Por respeito aos meus f\u00e3s americanos, quero ser honesta e sincronismo nem sempre \u00e9 perfeito, mas eu quero faz\u00ea-lo funcionar e espero ter os meus pr\u00f3prios shows nos EUA um dia. Eu espero que voc\u00eas entendam isso. Pe\u00e7o desculpas a todos os f\u00e3s que estavam vindo para c\u00e1. Eu vou fazer isso pra ter a certeza que voc\u00eas ter\u00e3o mais de mim e da minha m\u00fasica ainda este ano&#8221;.<\/p>\n<div id=\"attachment_92890\" style=\"width: 560px\" class=\"wp-caption aligncenter\"><a href=\"https:\/\/i0.wp.com\/www.agrund.com\/wp-content\/uploads\/sites\/6\/2014\/01\/jessie-j-cancela-turne-americana-com-robin-thicke.jpg\"><img aria-describedby=\"caption-attachment-92890\" data-attachment-id=\"92890\" data-permalink=\"https:\/\/agrund.com\/index.php\/jessie-j-cancela-turne-americana-com-robin-thicke\/jessie-j-cancela-turne-americana-com-robin-thicke\/\" data-orig-file=\"https:\/\/i0.wp.com\/agrund.com\/wp-content\/uploads\/sites\/6\/2014\/01\/jessie-j-cancela-turne-americana-com-robin-thicke.jpg?fit=550%2C448&amp;ssl=1\" data-orig-size=\"550,448\" data-comments-opened=\"1\" data-image-meta=\"{&quot;aperture&quot;:&quot;0&quot;,&quot;credit&quot;:&quot;&quot;,&quot;camera&quot;:&quot;&quot;,&quot;caption&quot;:&quot;&quot;,&quot;created_timestamp&quot;:&quot;0&quot;,&quot;copyright&quot;:&quot;&quot;,&quot;focal_length&quot;:&quot;0&quot;,&quot;iso&quot;:&quot;0&quot;,&quot;shutter_speed&quot;:&quot;0&quot;,&quot;title&quot;:&quot;&quot;}\" data-image-title=\"jessie-j-cancela-turne-americana-com-robin-thicke\" data-image-description=\"\" data-image-caption=\"&lt;p&gt;Jessie J cancela turn\u00ea americana com Robin Thicke&lt;\/p&gt;\n\" data-medium-file=\"https:\/\/i0.wp.com\/agrund.com\/wp-content\/uploads\/sites\/6\/2014\/01\/jessie-j-cancela-turne-americana-com-robin-thicke.jpg?fit=300%2C244&amp;ssl=1\" data-large-file=\"https:\/\/i0.wp.com\/agrund.com\/wp-content\/uploads\/sites\/6\/2014\/01\/jessie-j-cancela-turne-americana-com-robin-thicke.jpg?fit=550%2C448&amp;ssl=1\" decoding=\"async\" loading=\"lazy\" class=\"size-large wp-image-92890\" alt=\"Jessie J cancela turn\u00ea americana com Robin Thicke\" src=\"https:\/\/i0.wp.com\/www.agrund.com\/wp-content\/uploads\/sites\/6\/cache\/2014\/01\/jessie-j-cancela-turne-americana-com-robin-thicke\/2689456964.jpg?resize=550%2C448\" width=\"550\" height=\"448\" data-recalc-dims=\"1\" \/><\/a><p id=\"caption-attachment-92890\" class=\"wp-caption-text\">Jessie J cancela turn\u00ea americana com Robin Thicke<\/p><\/div>\n<p>Imagem: Reprodu\u00e7\u00e3o.<\/p>\n","protected":false},"excerpt":{"rendered":"<p>A cantora Jessie J confirmou que estava cancelando sua parceria com o astro Robin Thicke, pois tinha raz\u00f5es suficientes para focar seus esfor\u00e7os na grava\u00e7\u00e3o do seu segundo \u00e1lbum em est\u00fadio, &#8216;Alive&#8217;, na tentativa de conquistar o mercado americano. O projeto da dupla, que estava programado para iniciar entre os meses de fevereiro e mar\u00e7o [&hellip;]<\/p>\n","protected":false},"author":1,"featured_media":92891,"comment_status":"open","ping_status":"open","sticky":false,"template":"","format":"standard","meta":{"jetpack_post_was_ever_published":false,"_jetpack_newsletter_access":"","jetpack_publicize_message":"","jetpack_is_tweetstorm":false,"jetpack_publicize_feature_enabled":true,"jetpack_social_post_already_shared":true,"jetpack_social_options":{"image_generator_settings":{"template":"highway","enabled":false}}},"categories":[2],"tags":[],"jetpack_publicize_connections":[],"jetpack_featured_media_url":"https:\/\/i0.wp.com\/agrund.com\/wp-content\/uploads\/sites\/6\/2014\/01\/slide29.jpg?fit=960%2C300&ssl=1","jetpack_sharing_enabled":true,"jetpack_shortlink":"https:\/\/wp.me\/p3Hz0n-oad","jetpack_likes_enabled":true,"_links":{"self":[{"href":"https:\/\/agrund.com\/index.php\/wp-json\/wp\/v2\/posts\/92889"}],"collection":[{"href":"https:\/\/agrund.com\/index.php\/wp-json\/wp\/v2\/posts"}],"about":[{"href":"https:\/\/agrund.com\/index.php\/wp-json\/wp\/v2\/types\/post"}],"author":[{"embeddable":true,"href":"https:\/\/agrund.com\/index.php\/wp-json\/wp\/v2\/users\/1"}],"replies":[{"embeddable":true,"href":"https:\/\/agrund.com\/index.php\/wp-json\/wp\/v2\/comments?post=92889"}],"version-history":[{"count":0,"href":"https:\/\/agrund.com\/index.php\/wp-json\/wp\/v2\/posts\/92889\/revisions"}],"wp:featuredmedia":[{"embeddable":true,"href":"https:\/\/agrund.com\/index.php\/wp-json\/wp\/v2\/media\/92891"}],"wp:attachment":[{"href":"https:\/\/agrund.com\/index.php\/wp-json\/wp\/v2\/media?parent=92889"}],"wp:term":[{"taxonomy":"category","embeddable":true,"href":"https:\/\/agrund.com\/index.php\/wp-json\/wp\/v2\/categories?post=92889"},{"taxonomy":"post_tag","embeddable":true,"href":"https:\/\/agrund.com\/index.php\/wp-json\/wp\/v2\/tags?post=92889"}],"curies":[{"name":"wp","href":"https:\/\/api.w.org\/{rel}","templated":true}]}}