{"id":92872,"date":"2014-01-10T15:00:22","date_gmt":"2014-01-10T17:00:22","guid":{"rendered":"http:\/\/www.agrund.com\/?p=92872"},"modified":"2014-01-10T10:59:12","modified_gmt":"2014-01-10T12:59:12","slug":"hermes-lanca-sua-nova-colecao-de-lencos","status":"publish","type":"post","link":"https:\/\/agrund.com\/index.php\/hermes-lanca-sua-nova-colecao-de-lencos\/","title":{"rendered":"H\u00e8rmes lan\u00e7a sua nova cole\u00e7\u00e3o de len\u00e7os"},"content":{"rendered":"<p>A H\u00e8rmes acaba de lan\u00e7ar uma cole\u00e7\u00e3o-c\u00e1psula de len\u00e7os inspirada nas t\u00e9cnicas de tintura do \u00edndigo natural, que d\u00e1 a cor azul.<br \/>\nSuper exclusivos, os quatro modelos de len\u00e7os foram confeccionados em seda, trazendo lavagens e bordados que lembram um jeans.<br \/>\nA linha Indigo d\u2019Herm\u00e8s chega \u00e0s lojas e ao e-commerce da marca no dia 13 de fevereiro.<\/p>\n<div id=\"attachment_92873\" style=\"width: 651px\" class=\"wp-caption aligncenter\"><a href=\"https:\/\/i0.wp.com\/www.agrund.com\/wp-content\/uploads\/sites\/6\/2014\/01\/hermes-lanca-sua-nova-colecao-de-lencos.jpg\"><img aria-describedby=\"caption-attachment-92873\" data-attachment-id=\"92873\" data-permalink=\"https:\/\/agrund.com\/index.php\/hermes-lanca-sua-nova-colecao-de-lencos\/hermes-lanca-sua-nova-colecao-de-lencos\/\" data-orig-file=\"https:\/\/i0.wp.com\/agrund.com\/wp-content\/uploads\/sites\/6\/2014\/01\/hermes-lanca-sua-nova-colecao-de-lencos.jpg?fit=641%2C458&amp;ssl=1\" data-orig-size=\"641,458\" data-comments-opened=\"1\" data-image-meta=\"{&quot;aperture&quot;:&quot;0&quot;,&quot;credit&quot;:&quot;&quot;,&quot;camera&quot;:&quot;&quot;,&quot;caption&quot;:&quot;&quot;,&quot;created_timestamp&quot;:&quot;0&quot;,&quot;copyright&quot;:&quot;&quot;,&quot;focal_length&quot;:&quot;0&quot;,&quot;iso&quot;:&quot;0&quot;,&quot;shutter_speed&quot;:&quot;0&quot;,&quot;title&quot;:&quot;&quot;}\" data-image-title=\"hermes-lanca-sua-nova-colecao-de-lencos\" data-image-description=\"\" data-image-caption=\"&lt;p&gt;H\u00e8rmes lan\u00e7a sua nova cole\u00e7\u00e3o de len\u00e7os&lt;\/p&gt;\n\" data-medium-file=\"https:\/\/i0.wp.com\/agrund.com\/wp-content\/uploads\/sites\/6\/2014\/01\/hermes-lanca-sua-nova-colecao-de-lencos.jpg?fit=300%2C214&amp;ssl=1\" data-large-file=\"https:\/\/i0.wp.com\/agrund.com\/wp-content\/uploads\/sites\/6\/2014\/01\/hermes-lanca-sua-nova-colecao-de-lencos.jpg?fit=641%2C458&amp;ssl=1\" decoding=\"async\" loading=\"lazy\" class=\"size-large wp-image-92873\" alt=\"H\u00e8rmes lan\u00e7a sua nova cole\u00e7\u00e3o de len\u00e7os\" src=\"https:\/\/i0.wp.com\/www.agrund.com\/wp-content\/uploads\/sites\/6\/cache\/2014\/01\/hermes-lanca-sua-nova-colecao-de-lencos\/1733497465.jpg?resize=641%2C458\" width=\"641\" height=\"458\" data-recalc-dims=\"1\" \/><\/a><p id=\"caption-attachment-92873\" class=\"wp-caption-text\">H\u00e8rmes lan\u00e7a sua nova cole\u00e7\u00e3o de len\u00e7os<\/p><\/div>\n<p>Imagem: Reprodu\u00e7\u00e3o.<\/p>\n","protected":false},"excerpt":{"rendered":"<p>A H\u00e8rmes acaba de lan\u00e7ar uma cole\u00e7\u00e3o-c\u00e1psula de len\u00e7os inspirada nas t\u00e9cnicas de tintura do \u00edndigo natural, que d\u00e1 a cor azul. Super exclusivos, os quatro modelos de len\u00e7os foram confeccionados em seda, trazendo lavagens e bordados que lembram um jeans. A linha Indigo d\u2019Herm\u00e8s chega \u00e0s lojas e ao e-commerce da marca no dia [&hellip;]<\/p>\n","protected":false},"author":1,"featured_media":92874,"comment_status":"open","ping_status":"open","sticky":false,"template":"","format":"standard","meta":{"jetpack_post_was_ever_published":false,"_jetpack_newsletter_access":"","jetpack_publicize_message":"","jetpack_is_tweetstorm":false,"jetpack_publicize_feature_enabled":true,"jetpack_social_post_already_shared":true,"jetpack_social_options":{"image_generator_settings":{"template":"highway","enabled":false}}},"categories":[2],"tags":[],"jetpack_publicize_connections":[],"jetpack_featured_media_url":"https:\/\/i0.wp.com\/agrund.com\/wp-content\/uploads\/sites\/6\/2014\/01\/slidehermes.jpg?fit=960%2C300&ssl=1","jetpack_sharing_enabled":true,"jetpack_shortlink":"https:\/\/wp.me\/p3Hz0n-o9W","jetpack_likes_enabled":true,"_links":{"self":[{"href":"https:\/\/agrund.com\/index.php\/wp-json\/wp\/v2\/posts\/92872"}],"collection":[{"href":"https:\/\/agrund.com\/index.php\/wp-json\/wp\/v2\/posts"}],"about":[{"href":"https:\/\/agrund.com\/index.php\/wp-json\/wp\/v2\/types\/post"}],"author":[{"embeddable":true,"href":"https:\/\/agrund.com\/index.php\/wp-json\/wp\/v2\/users\/1"}],"replies":[{"embeddable":true,"href":"https:\/\/agrund.com\/index.php\/wp-json\/wp\/v2\/comments?post=92872"}],"version-history":[{"count":0,"href":"https:\/\/agrund.com\/index.php\/wp-json\/wp\/v2\/posts\/92872\/revisions"}],"wp:featuredmedia":[{"embeddable":true,"href":"https:\/\/agrund.com\/index.php\/wp-json\/wp\/v2\/media\/92874"}],"wp:attachment":[{"href":"https:\/\/agrund.com\/index.php\/wp-json\/wp\/v2\/media?parent=92872"}],"wp:term":[{"taxonomy":"category","embeddable":true,"href":"https:\/\/agrund.com\/index.php\/wp-json\/wp\/v2\/categories?post=92872"},{"taxonomy":"post_tag","embeddable":true,"href":"https:\/\/agrund.com\/index.php\/wp-json\/wp\/v2\/tags?post=92872"}],"curies":[{"name":"wp","href":"https:\/\/api.w.org\/{rel}","templated":true}]}}