{"id":92868,"date":"2014-01-10T14:00:42","date_gmt":"2014-01-10T16:00:42","guid":{"rendered":"http:\/\/www.agrund.com\/?p=92868"},"modified":"2014-01-10T10:56:57","modified_gmt":"2014-01-10T12:56:57","slug":"chilli-beans-promove-festa-para-o-lancar-suas-colecoes-verao-2014","status":"publish","type":"post","link":"https:\/\/agrund.com\/index.php\/chilli-beans-promove-festa-para-o-lancar-suas-colecoes-verao-2014\/","title":{"rendered":"Chilli Beans promove festa para o lan\u00e7ar suas cole\u00e7\u00f5es ver\u00e3o 2014"},"content":{"rendered":"<p>A Chilli Beans est\u00e1 comemorando mais uma parceria fashion com o lan\u00e7amento de uma linha exclusiva de \u00f3culos e rel\u00f3gios com os estilistas Alexandre Herchcovitch, Ronaldo Fraga, Isabela Capeto e Vin\u00edcius Campios de A Mulher do Padre. Chamada &#8220;Linhas Assinadas Ver\u00e3o&#8221;, a cole\u00e7\u00e3o ser\u00e1 apresentada neste s\u00e1bado (11) na Flagship Store da Rua Oscar Freire, em S\u00e3o Paulo.<\/p>\n<p>Os DJs Liza K e Vicente Negr\u00e3o v\u00e3o comandar o som enquanto Elke Maravilha aparece para se apresentar no palco. Al\u00e9m disso, a VJ da MTV Maria Eug\u00eania Suconic vai escolher os melhores looks dos convidados que passarem pela loja. Os vencedores v\u00e3o ganhar um par de \u00f3culos e ter\u00e3o suas fotos publicadas no Instagram da marca @chillibeansoficial.<\/p>\n<p>Servi\u00e7o:<br \/>\nLan\u00e7amento Linhas Assinadas Ver\u00e3o<br \/>\nDia: 11 de Janeiro &#8211; S\u00e1bado<br \/>\nHor\u00e1rio: a partir das 15h<br \/>\nLocal: Flagship Store Chilli Beans<br \/>\nEndere\u00e7o: Rua Oscar Freire, 1072 &#8211; Jardins<\/p>\n<div id=\"attachment_92869\" style=\"width: 656px\" class=\"wp-caption aligncenter\"><a href=\"https:\/\/i0.wp.com\/www.agrund.com\/wp-content\/uploads\/sites\/6\/2014\/01\/chilli-beans-promove-festa-para-o-lancar-suas-colecoes-verao-2014.jpg\"><img aria-describedby=\"caption-attachment-92869\" data-attachment-id=\"92869\" data-permalink=\"https:\/\/agrund.com\/index.php\/chilli-beans-promove-festa-para-o-lancar-suas-colecoes-verao-2014\/chilli-beans-promove-festa-para-o-lancar-suas-colecoes-verao-2014\/\" data-orig-file=\"https:\/\/i0.wp.com\/agrund.com\/wp-content\/uploads\/sites\/6\/2014\/01\/chilli-beans-promove-festa-para-o-lancar-suas-colecoes-verao-2014.jpg?fit=646%2C562&amp;ssl=1\" data-orig-size=\"646,562\" data-comments-opened=\"1\" data-image-meta=\"{&quot;aperture&quot;:&quot;0&quot;,&quot;credit&quot;:&quot;&quot;,&quot;camera&quot;:&quot;&quot;,&quot;caption&quot;:&quot;&quot;,&quot;created_timestamp&quot;:&quot;0&quot;,&quot;copyright&quot;:&quot;&quot;,&quot;focal_length&quot;:&quot;0&quot;,&quot;iso&quot;:&quot;0&quot;,&quot;shutter_speed&quot;:&quot;0&quot;,&quot;title&quot;:&quot;&quot;}\" data-image-title=\"chilli-beans-promove-festa-para-o-lancar-suas-colecoes-verao-2014\" data-image-description=\"\" data-image-caption=\"&lt;p&gt;Chilli Beans promove festa para o lan\u00e7ar suas cole\u00e7\u00f5es ver\u00e3o 2014&lt;\/p&gt;\n\" data-medium-file=\"https:\/\/i0.wp.com\/agrund.com\/wp-content\/uploads\/sites\/6\/2014\/01\/chilli-beans-promove-festa-para-o-lancar-suas-colecoes-verao-2014.jpg?fit=300%2C260&amp;ssl=1\" data-large-file=\"https:\/\/i0.wp.com\/agrund.com\/wp-content\/uploads\/sites\/6\/2014\/01\/chilli-beans-promove-festa-para-o-lancar-suas-colecoes-verao-2014.jpg?fit=646%2C562&amp;ssl=1\" decoding=\"async\" loading=\"lazy\" class=\"size-large wp-image-92869\" alt=\"Chilli Beans promove festa para o lan\u00e7ar suas cole\u00e7\u00f5es ver\u00e3o 2014\" src=\"https:\/\/i0.wp.com\/www.agrund.com\/wp-content\/uploads\/sites\/6\/cache\/2014\/01\/chilli-beans-promove-festa-para-o-lancar-suas-colecoes-verao-2014\/3546620830.jpg?resize=646%2C562\" width=\"646\" height=\"562\" data-recalc-dims=\"1\" \/><\/a><p id=\"caption-attachment-92869\" class=\"wp-caption-text\">Chilli Beans promove festa para o lan\u00e7ar suas cole\u00e7\u00f5es ver\u00e3o 2014<\/p><\/div>\n<p>Imagens: Divulga\u00e7\u00e3o.<\/p>\n","protected":false},"excerpt":{"rendered":"<p>A Chilli Beans est\u00e1 comemorando mais uma parceria fashion com o lan\u00e7amento de uma linha exclusiva de \u00f3culos e rel\u00f3gios com os estilistas Alexandre Herchcovitch, Ronaldo Fraga, Isabela Capeto e Vin\u00edcius Campios de A Mulher do Padre. Chamada &#8220;Linhas Assinadas Ver\u00e3o&#8221;, a cole\u00e7\u00e3o ser\u00e1 apresentada neste s\u00e1bado (11) na Flagship Store da Rua Oscar Freire, [&hellip;]<\/p>\n","protected":false},"author":1,"featured_media":92870,"comment_status":"open","ping_status":"open","sticky":false,"template":"","format":"standard","meta":{"jetpack_post_was_ever_published":false,"_jetpack_newsletter_access":"","jetpack_publicize_message":"","jetpack_is_tweetstorm":false,"jetpack_publicize_feature_enabled":true,"jetpack_social_post_already_shared":true,"jetpack_social_options":{"image_generator_settings":{"template":"highway","enabled":false}}},"categories":[2],"tags":[],"jetpack_publicize_connections":[],"jetpack_featured_media_url":"https:\/\/i0.wp.com\/agrund.com\/wp-content\/uploads\/sites\/6\/2014\/01\/slide52.jpg?fit=960%2C300&ssl=1","jetpack_sharing_enabled":true,"jetpack_shortlink":"https:\/\/wp.me\/p3Hz0n-o9S","jetpack_likes_enabled":true,"_links":{"self":[{"href":"https:\/\/agrund.com\/index.php\/wp-json\/wp\/v2\/posts\/92868"}],"collection":[{"href":"https:\/\/agrund.com\/index.php\/wp-json\/wp\/v2\/posts"}],"about":[{"href":"https:\/\/agrund.com\/index.php\/wp-json\/wp\/v2\/types\/post"}],"author":[{"embeddable":true,"href":"https:\/\/agrund.com\/index.php\/wp-json\/wp\/v2\/users\/1"}],"replies":[{"embeddable":true,"href":"https:\/\/agrund.com\/index.php\/wp-json\/wp\/v2\/comments?post=92868"}],"version-history":[{"count":0,"href":"https:\/\/agrund.com\/index.php\/wp-json\/wp\/v2\/posts\/92868\/revisions"}],"wp:featuredmedia":[{"embeddable":true,"href":"https:\/\/agrund.com\/index.php\/wp-json\/wp\/v2\/media\/92870"}],"wp:attachment":[{"href":"https:\/\/agrund.com\/index.php\/wp-json\/wp\/v2\/media?parent=92868"}],"wp:term":[{"taxonomy":"category","embeddable":true,"href":"https:\/\/agrund.com\/index.php\/wp-json\/wp\/v2\/categories?post=92868"},{"taxonomy":"post_tag","embeddable":true,"href":"https:\/\/agrund.com\/index.php\/wp-json\/wp\/v2\/tags?post=92868"}],"curies":[{"name":"wp","href":"https:\/\/api.w.org\/{rel}","templated":true}]}}