{"id":92858,"date":"2014-01-10T12:00:28","date_gmt":"2014-01-10T14:00:28","guid":{"rendered":"http:\/\/www.agrund.com\/?p=92858"},"modified":"2014-01-10T10:44:46","modified_gmt":"2014-01-10T12:44:46","slug":"hm-apresenta-sua-nova-linha-na-semana-de-moda-de-paris","status":"publish","type":"post","link":"https:\/\/agrund.com\/index.php\/hm-apresenta-sua-nova-linha-na-semana-de-moda-de-paris\/","title":{"rendered":"H&#038;M apresenta sua nova linha na Semana de Moda de Paris"},"content":{"rendered":"<p>Novidade no line-up da Semana de Moda de Paris! A H&amp;M anunciou que participar\u00e1 novamente do evento, agora apresentando uma linha especial criada por estilistas internos da marca, chamada H&amp;M Studio.<br \/>\nA cole\u00e7\u00e3o de inverno 2014 entrar\u00e1 na passarela no dia 26 de fevereiro e ser\u00e1 transmitida em tempo real no site da fast fashion. Vamos aguardar mais informa\u00e7\u00f5es!<\/p>\n<div id=\"attachment_92859\" style=\"width: 461px\" class=\"wp-caption aligncenter\"><a href=\"https:\/\/i0.wp.com\/www.agrund.com\/wp-content\/uploads\/sites\/6\/2014\/01\/hm-apresenta-sua-nova-linha-na-semana-de-moda-de-paris.jpg\"><img aria-describedby=\"caption-attachment-92859\" data-attachment-id=\"92859\" data-permalink=\"https:\/\/agrund.com\/index.php\/hm-apresenta-sua-nova-linha-na-semana-de-moda-de-paris\/hm-apresenta-sua-nova-linha-na-semana-de-moda-de-paris\/\" data-orig-file=\"https:\/\/i0.wp.com\/agrund.com\/wp-content\/uploads\/sites\/6\/2014\/01\/hm-apresenta-sua-nova-linha-na-semana-de-moda-de-paris.jpg?fit=751%2C500&amp;ssl=1\" data-orig-size=\"751,500\" data-comments-opened=\"1\" data-image-meta=\"{&quot;aperture&quot;:&quot;0&quot;,&quot;credit&quot;:&quot;&quot;,&quot;camera&quot;:&quot;&quot;,&quot;caption&quot;:&quot;&quot;,&quot;created_timestamp&quot;:&quot;0&quot;,&quot;copyright&quot;:&quot;&quot;,&quot;focal_length&quot;:&quot;0&quot;,&quot;iso&quot;:&quot;0&quot;,&quot;shutter_speed&quot;:&quot;0&quot;,&quot;title&quot;:&quot;&quot;}\" data-image-title=\"hm-apresenta-sua-nova-linha-na-semana-de-moda-de-paris\" data-image-description=\"\" data-image-caption=\"&lt;p&gt;H&#038;M apresenta sua nova linha na Semana de Moda de Paris &lt;\/p&gt;\n\" data-medium-file=\"https:\/\/i0.wp.com\/agrund.com\/wp-content\/uploads\/sites\/6\/2014\/01\/hm-apresenta-sua-nova-linha-na-semana-de-moda-de-paris.jpg?fit=300%2C199&amp;ssl=1\" data-large-file=\"https:\/\/i0.wp.com\/agrund.com\/wp-content\/uploads\/sites\/6\/2014\/01\/hm-apresenta-sua-nova-linha-na-semana-de-moda-de-paris.jpg?fit=751%2C500&amp;ssl=1\" decoding=\"async\" loading=\"lazy\" class=\" wp-image-92859 \" alt=\"H&amp;M apresenta sua nova linha na Semana de Moda de Paris \" src=\"https:\/\/i0.wp.com\/www.agrund.com\/wp-content\/uploads\/sites\/6\/cache\/2014\/01\/hm-apresenta-sua-nova-linha-na-semana-de-moda-de-paris\/579488289.jpg?resize=451%2C300\" width=\"451\" height=\"300\" data-recalc-dims=\"1\" \/><\/a><p id=\"caption-attachment-92859\" class=\"wp-caption-text\">H&amp;M apresenta sua nova linha na Semana de Moda de Paris<\/p><\/div>\n<p>Imagem: Reprodu\u00e7\u00e3o.<\/p>\n","protected":false},"excerpt":{"rendered":"<p>Novidade no line-up da Semana de Moda de Paris! A H&amp;M anunciou que participar\u00e1 novamente do evento, agora apresentando uma linha especial criada por estilistas internos da marca, chamada H&amp;M Studio. A cole\u00e7\u00e3o de inverno 2014 entrar\u00e1 na passarela no dia 26 de fevereiro e ser\u00e1 transmitida em tempo real no site da fast fashion. [&hellip;]<\/p>\n","protected":false},"author":1,"featured_media":92860,"comment_status":"open","ping_status":"open","sticky":false,"template":"","format":"standard","meta":{"jetpack_post_was_ever_published":false,"_jetpack_newsletter_access":"","jetpack_publicize_message":"","jetpack_is_tweetstorm":false,"jetpack_publicize_feature_enabled":true,"jetpack_social_post_already_shared":true,"jetpack_social_options":{"image_generator_settings":{"template":"highway","enabled":false}}},"categories":[2],"tags":[],"jetpack_publicize_connections":[],"jetpack_featured_media_url":"https:\/\/i0.wp.com\/agrund.com\/wp-content\/uploads\/sites\/6\/2014\/01\/slidehM.jpg?fit=960%2C300&ssl=1","jetpack_sharing_enabled":true,"jetpack_shortlink":"https:\/\/wp.me\/p3Hz0n-o9I","jetpack_likes_enabled":true,"_links":{"self":[{"href":"https:\/\/agrund.com\/index.php\/wp-json\/wp\/v2\/posts\/92858"}],"collection":[{"href":"https:\/\/agrund.com\/index.php\/wp-json\/wp\/v2\/posts"}],"about":[{"href":"https:\/\/agrund.com\/index.php\/wp-json\/wp\/v2\/types\/post"}],"author":[{"embeddable":true,"href":"https:\/\/agrund.com\/index.php\/wp-json\/wp\/v2\/users\/1"}],"replies":[{"embeddable":true,"href":"https:\/\/agrund.com\/index.php\/wp-json\/wp\/v2\/comments?post=92858"}],"version-history":[{"count":0,"href":"https:\/\/agrund.com\/index.php\/wp-json\/wp\/v2\/posts\/92858\/revisions"}],"wp:featuredmedia":[{"embeddable":true,"href":"https:\/\/agrund.com\/index.php\/wp-json\/wp\/v2\/media\/92860"}],"wp:attachment":[{"href":"https:\/\/agrund.com\/index.php\/wp-json\/wp\/v2\/media?parent=92858"}],"wp:term":[{"taxonomy":"category","embeddable":true,"href":"https:\/\/agrund.com\/index.php\/wp-json\/wp\/v2\/categories?post=92858"},{"taxonomy":"post_tag","embeddable":true,"href":"https:\/\/agrund.com\/index.php\/wp-json\/wp\/v2\/tags?post=92858"}],"curies":[{"name":"wp","href":"https:\/\/api.w.org\/{rel}","templated":true}]}}