{"id":92853,"date":"2014-01-10T11:00:54","date_gmt":"2014-01-10T13:00:54","guid":{"rendered":"http:\/\/www.agrund.com\/?p=92853"},"modified":"2014-01-10T08:31:54","modified_gmt":"2014-01-10T10:31:54","slug":"50o-aniversario-dos-beatles-paul-mccartney-e-ringo-starr-juntos","status":"publish","type":"post","link":"https:\/\/agrund.com\/index.php\/50o-aniversario-dos-beatles-paul-mccartney-e-ringo-starr-juntos\/","title":{"rendered":"50\u00ba anivers\u00e1rio dos Beatles :: Paul McCartney e Ringo Starr juntos"},"content":{"rendered":"<p>Sir Paul McCartney e Ringo Starr est\u00e3o em negocia\u00e7\u00f5es para participar de um evento na TV que marcar\u00e1 o 50\u00ba anivers\u00e1rio da primeira apresenta\u00e7\u00e3o dos Beatles nos EUA. Os astros est\u00e3o discutindo um retorno ao ic\u00f4nico Ed Sullivan Theater, em Nova York, para comemorar a estreia de Fab Four&#8217;s no &#8216;The Ed Sullivan Show&#8217; em parceria com a americana CBS.<br \/>\nUma fonte disse ao jornal The Sun: &#8220;A CBS sabe que a reuni\u00e3o de Paul e Ringo ser\u00e1 um grande evento e ser\u00e1 captado globalmente. Eles raramente tocam juntos, por isso os produtores est\u00e3o desesperados para tentar persuadi-los a fazer essa reuni\u00e3o dos Beatles. Seria uma maneira apropriada para marcar o grande anivers\u00e1rio.&#8221;<br \/>\n&#8216;The Night That Changed America&#8217; &#8211; da tradu\u00e7\u00e3o livre: A noite que mudou a Am\u00e9rica &#8211; ser\u00e1 filmado no Centro de Conven\u00e7\u00f5es de Los Angeles em 27 de janeiro, um dia ap\u00f3s o 56\u00ba Grammy Awards, e ser\u00e1 transmitido pela CBS em 9 de fevereiro.<br \/>\nSua estreia em &#8220;The Ed Sullivan Show&#8221; atraiu um p\u00fablico de 73 milh\u00f5es de pessoas, o que provocou a Beatlemania nos EUA e se tornou um momento marcante na hist\u00f3ria da banda e da m\u00fasica internacional.<br \/>\nSir Paul, 71, e Ringo, 73, tocaram pela \u00faltima vez juntos em 2009 no Royal Albert Hal, em Londres, para homenagear o ex-colega de banda George Harrison, no anivers\u00e1rio de um ano de sua morte. Espera-se que a dupla participe desse evento no Teatro Ed Sullivan a tempo da edi\u00e7\u00e3o final do programa ser conclu\u00edda para ser exibida ao p\u00fablico.<\/p>\n<div id=\"attachment_92854\" style=\"width: 550px\" class=\"wp-caption aligncenter\"><a href=\"https:\/\/i0.wp.com\/www.agrund.com\/wp-content\/uploads\/sites\/6\/2014\/01\/50o-aniversario-dos-beatles-paul-mccartney-e-ringo-starr-juntos.jpg\"><img aria-describedby=\"caption-attachment-92854\" data-attachment-id=\"92854\" data-permalink=\"https:\/\/agrund.com\/index.php\/50o-aniversario-dos-beatles-paul-mccartney-e-ringo-starr-juntos\/50o-aniversario-dos-beatles-paul-mccartney-e-ringo-starr-juntos\/\" data-orig-file=\"https:\/\/i0.wp.com\/agrund.com\/wp-content\/uploads\/sites\/6\/2014\/01\/50o-aniversario-dos-beatles-paul-mccartney-e-ringo-starr-juntos.jpg?fit=1000%2C1000&amp;ssl=1\" data-orig-size=\"1000,1000\" data-comments-opened=\"1\" data-image-meta=\"{&quot;aperture&quot;:&quot;0&quot;,&quot;credit&quot;:&quot;&quot;,&quot;camera&quot;:&quot;&quot;,&quot;caption&quot;:&quot;&quot;,&quot;created_timestamp&quot;:&quot;0&quot;,&quot;copyright&quot;:&quot;&quot;,&quot;focal_length&quot;:&quot;0&quot;,&quot;iso&quot;:&quot;0&quot;,&quot;shutter_speed&quot;:&quot;0&quot;,&quot;title&quot;:&quot;&quot;}\" data-image-title=\"50o-aniversario-dos-beatles-paul-mccartney-e-ringo-starr-juntos\" data-image-description=\"\" data-image-caption=\"&lt;p&gt;50\u00ba anivers\u00e1rio dos Beatles :: Paul McCartney e Ringo Starr juntos &lt;\/p&gt;\n\" data-medium-file=\"https:\/\/i0.wp.com\/agrund.com\/wp-content\/uploads\/sites\/6\/2014\/01\/50o-aniversario-dos-beatles-paul-mccartney-e-ringo-starr-juntos.jpg?fit=300%2C300&amp;ssl=1\" data-large-file=\"https:\/\/i0.wp.com\/agrund.com\/wp-content\/uploads\/sites\/6\/2014\/01\/50o-aniversario-dos-beatles-paul-mccartney-e-ringo-starr-juntos.jpg?fit=1000%2C1000&amp;ssl=1\" decoding=\"async\" loading=\"lazy\" class=\" wp-image-92854  \" alt=\"50\u00ba anivers\u00e1rio dos Beatles :: Paul McCartney e Ringo Starr juntos \" src=\"https:\/\/i0.wp.com\/www.agrund.com\/wp-content\/uploads\/sites\/6\/cache\/2014\/01\/50o-aniversario-dos-beatles-paul-mccartney-e-ringo-starr-juntos\/2413976398.jpg?resize=540%2C540\" width=\"540\" height=\"540\" data-recalc-dims=\"1\" \/><\/a><p id=\"caption-attachment-92854\" class=\"wp-caption-text\">50\u00ba anivers\u00e1rio dos Beatles :: Paul McCartney e Ringo Starr juntos<\/p><\/div>\n<p>Imagem: Reprodu\u00e7\u00e3o.<\/p>\n","protected":false},"excerpt":{"rendered":"<p>Sir Paul McCartney e Ringo Starr est\u00e3o em negocia\u00e7\u00f5es para participar de um evento na TV que marcar\u00e1 o 50\u00ba anivers\u00e1rio da primeira apresenta\u00e7\u00e3o dos Beatles nos EUA. Os astros est\u00e3o discutindo um retorno ao ic\u00f4nico Ed Sullivan Theater, em Nova York, para comemorar a estreia de Fab Four&#8217;s no &#8216;The Ed Sullivan Show&#8217; em [&hellip;]<\/p>\n","protected":false},"author":1,"featured_media":92855,"comment_status":"open","ping_status":"open","sticky":false,"template":"","format":"standard","meta":{"jetpack_post_was_ever_published":false,"_jetpack_newsletter_access":"","jetpack_publicize_message":"","jetpack_is_tweetstorm":false,"jetpack_publicize_feature_enabled":true,"jetpack_social_post_already_shared":true,"jetpack_social_options":{"image_generator_settings":{"template":"highway","enabled":false}}},"categories":[2],"tags":[],"jetpack_publicize_connections":[],"jetpack_featured_media_url":"https:\/\/i0.wp.com\/agrund.com\/wp-content\/uploads\/sites\/6\/2014\/01\/slide28.jpg?fit=960%2C300&ssl=1","jetpack_sharing_enabled":true,"jetpack_shortlink":"https:\/\/wp.me\/p3Hz0n-o9D","jetpack_likes_enabled":true,"_links":{"self":[{"href":"https:\/\/agrund.com\/index.php\/wp-json\/wp\/v2\/posts\/92853"}],"collection":[{"href":"https:\/\/agrund.com\/index.php\/wp-json\/wp\/v2\/posts"}],"about":[{"href":"https:\/\/agrund.com\/index.php\/wp-json\/wp\/v2\/types\/post"}],"author":[{"embeddable":true,"href":"https:\/\/agrund.com\/index.php\/wp-json\/wp\/v2\/users\/1"}],"replies":[{"embeddable":true,"href":"https:\/\/agrund.com\/index.php\/wp-json\/wp\/v2\/comments?post=92853"}],"version-history":[{"count":0,"href":"https:\/\/agrund.com\/index.php\/wp-json\/wp\/v2\/posts\/92853\/revisions"}],"wp:featuredmedia":[{"embeddable":true,"href":"https:\/\/agrund.com\/index.php\/wp-json\/wp\/v2\/media\/92855"}],"wp:attachment":[{"href":"https:\/\/agrund.com\/index.php\/wp-json\/wp\/v2\/media?parent=92853"}],"wp:term":[{"taxonomy":"category","embeddable":true,"href":"https:\/\/agrund.com\/index.php\/wp-json\/wp\/v2\/categories?post=92853"},{"taxonomy":"post_tag","embeddable":true,"href":"https:\/\/agrund.com\/index.php\/wp-json\/wp\/v2\/tags?post=92853"}],"curies":[{"name":"wp","href":"https:\/\/api.w.org\/{rel}","templated":true}]}}