{"id":92833,"date":"2014-01-09T21:00:15","date_gmt":"2014-01-09T23:00:15","guid":{"rendered":"http:\/\/www.agrund.com\/?p=92833"},"modified":"2014-01-09T15:55:24","modified_gmt":"2014-01-09T17:55:24","slug":"miley-cyrus-e-a-nova-estrela-de-marc-jacobs","status":"publish","type":"post","link":"https:\/\/agrund.com\/index.php\/miley-cyrus-e-a-nova-estrela-de-marc-jacobs\/","title":{"rendered":"Miley Cyrus \u00e9 a nova estrela de Marc Jacobs"},"content":{"rendered":"<p>Desde que as primeiras imagens da campanha primavera\/ver\u00e3o 2014 de Marc Jacobs ca\u00edram nas redes n\u00e3o se fala em mais nada a n\u00e3o ser em sua nova garota-propaganda.<br \/>\nPara a surpresa de muitos, Miley Cyrus foi a escolhida para estrelar os cliques ao lado das tops Natalie Westling e Esmerelda Seay. Na primeira imagem divulgada, a cantora aparece em uma praia com um make com olhos esfumados e os cabelos arrepiados.<br \/>\nA not\u00edcia que agradou muitos tamb\u00e9m causou disc\u00f3rdias, pois Juergen Teller, o fot\u00f3grafo de Jacobs por 14 anos, se recusou a clicar Miley deixando o trabalho para David Sims. Confira:<\/p>\n<div id=\"attachment_92834\" style=\"width: 651px\" class=\"wp-caption aligncenter\"><a href=\"https:\/\/i0.wp.com\/www.agrund.com\/wp-content\/uploads\/sites\/6\/2014\/01\/miley-cyrus-e-a-nova-estrela-de-marc-jacobs.jpg\"><img aria-describedby=\"caption-attachment-92834\" data-attachment-id=\"92834\" data-permalink=\"https:\/\/agrund.com\/index.php\/miley-cyrus-e-a-nova-estrela-de-marc-jacobs\/miley-cyrus-e-a-nova-estrela-de-marc-jacobs\/\" data-orig-file=\"https:\/\/i0.wp.com\/agrund.com\/wp-content\/uploads\/sites\/6\/2014\/01\/miley-cyrus-e-a-nova-estrela-de-marc-jacobs.jpg?fit=641%2C458&amp;ssl=1\" data-orig-size=\"641,458\" data-comments-opened=\"1\" data-image-meta=\"{&quot;aperture&quot;:&quot;0&quot;,&quot;credit&quot;:&quot;&quot;,&quot;camera&quot;:&quot;&quot;,&quot;caption&quot;:&quot;&quot;,&quot;created_timestamp&quot;:&quot;0&quot;,&quot;copyright&quot;:&quot;&quot;,&quot;focal_length&quot;:&quot;0&quot;,&quot;iso&quot;:&quot;0&quot;,&quot;shutter_speed&quot;:&quot;0&quot;,&quot;title&quot;:&quot;&quot;}\" data-image-title=\"miley-cyrus-e-a-nova-estrela-de-marc-jacobs\" data-image-description=\"\" data-image-caption=\"&lt;p&gt;Miley Cyrus \u00e9 a nova estrela de Marc Jacobs&lt;\/p&gt;\n\" data-medium-file=\"https:\/\/i0.wp.com\/agrund.com\/wp-content\/uploads\/sites\/6\/2014\/01\/miley-cyrus-e-a-nova-estrela-de-marc-jacobs.jpg?fit=300%2C214&amp;ssl=1\" data-large-file=\"https:\/\/i0.wp.com\/agrund.com\/wp-content\/uploads\/sites\/6\/2014\/01\/miley-cyrus-e-a-nova-estrela-de-marc-jacobs.jpg?fit=641%2C458&amp;ssl=1\" decoding=\"async\" loading=\"lazy\" class=\"size-large wp-image-92834\" alt=\"Miley Cyrus \u00e9 a nova estrela de Marc Jacobs\" src=\"https:\/\/i0.wp.com\/www.agrund.com\/wp-content\/uploads\/sites\/6\/cache\/2014\/01\/miley-cyrus-e-a-nova-estrela-de-marc-jacobs\/1643414590.jpg?resize=641%2C458\" width=\"641\" height=\"458\" data-recalc-dims=\"1\" \/><\/a><p id=\"caption-attachment-92834\" class=\"wp-caption-text\">Miley Cyrus \u00e9 a nova estrela de Marc Jacobs<\/p><\/div>\n<p>Imagem: Reprodu\u00e7\u00e3o.<\/p>\n","protected":false},"excerpt":{"rendered":"<p>Desde que as primeiras imagens da campanha primavera\/ver\u00e3o 2014 de Marc Jacobs ca\u00edram nas redes n\u00e3o se fala em mais nada a n\u00e3o ser em sua nova garota-propaganda. Para a surpresa de muitos, Miley Cyrus foi a escolhida para estrelar os cliques ao lado das tops Natalie Westling e Esmerelda Seay. Na primeira imagem divulgada, [&hellip;]<\/p>\n","protected":false},"author":1,"featured_media":92835,"comment_status":"open","ping_status":"open","sticky":false,"template":"","format":"standard","meta":{"jetpack_post_was_ever_published":false,"_jetpack_newsletter_access":"","jetpack_publicize_message":"","jetpack_is_tweetstorm":false,"jetpack_publicize_feature_enabled":true,"jetpack_social_post_already_shared":true,"jetpack_social_options":{"image_generator_settings":{"template":"highway","enabled":false}}},"categories":[2],"tags":[],"jetpack_publicize_connections":[],"jetpack_featured_media_url":"https:\/\/i0.wp.com\/agrund.com\/wp-content\/uploads\/sites\/6\/2014\/01\/slidemarc.jpg?fit=960%2C300&ssl=1","jetpack_sharing_enabled":true,"jetpack_shortlink":"https:\/\/wp.me\/p3Hz0n-o9j","jetpack_likes_enabled":true,"_links":{"self":[{"href":"https:\/\/agrund.com\/index.php\/wp-json\/wp\/v2\/posts\/92833"}],"collection":[{"href":"https:\/\/agrund.com\/index.php\/wp-json\/wp\/v2\/posts"}],"about":[{"href":"https:\/\/agrund.com\/index.php\/wp-json\/wp\/v2\/types\/post"}],"author":[{"embeddable":true,"href":"https:\/\/agrund.com\/index.php\/wp-json\/wp\/v2\/users\/1"}],"replies":[{"embeddable":true,"href":"https:\/\/agrund.com\/index.php\/wp-json\/wp\/v2\/comments?post=92833"}],"version-history":[{"count":0,"href":"https:\/\/agrund.com\/index.php\/wp-json\/wp\/v2\/posts\/92833\/revisions"}],"wp:featuredmedia":[{"embeddable":true,"href":"https:\/\/agrund.com\/index.php\/wp-json\/wp\/v2\/media\/92835"}],"wp:attachment":[{"href":"https:\/\/agrund.com\/index.php\/wp-json\/wp\/v2\/media?parent=92833"}],"wp:term":[{"taxonomy":"category","embeddable":true,"href":"https:\/\/agrund.com\/index.php\/wp-json\/wp\/v2\/categories?post=92833"},{"taxonomy":"post_tag","embeddable":true,"href":"https:\/\/agrund.com\/index.php\/wp-json\/wp\/v2\/tags?post=92833"}],"curies":[{"name":"wp","href":"https:\/\/api.w.org\/{rel}","templated":true}]}}