{"id":92828,"date":"2014-01-09T20:00:09","date_gmt":"2014-01-09T22:00:09","guid":{"rendered":"http:\/\/www.agrund.com\/?p=92828"},"modified":"2014-01-09T15:52:50","modified_gmt":"2014-01-09T17:52:50","slug":"kelly-osbourne-termina-noivado","status":"publish","type":"post","link":"https:\/\/agrund.com\/index.php\/kelly-osbourne-termina-noivado\/","title":{"rendered":"Kelly Osbourne termina noivado"},"content":{"rendered":"<p>Kelly Osbourne, que ficou noiva do chef vegano quando ele a pediu em casamento no Ano Novo de 2012 durante uma viagem ao Caribe, confirmou que eles terminaram o noivado amigavelmente.<br \/>\nEm uma declara\u00e7\u00e3o ao UsMagazine.com, um porta-voz da estrela de 29 anos disse: &#8220;Kelly Osbourne e Matthew Mosshart decidiram acabar o seu noivado. Eles terminaram amigavelmente e o casal continua a n\u00e3o sentir nada menos do que respeito um pelo outro. Kelly est\u00e1 ansiosa para come\u00e7ar o ano repleto de novos projetos. N\u00e3o ser\u00e3o feitos mais coment\u00e1rios a respeito por nenhuma das partes e n\u00f3s pedimos privacidade, decoro e respeito da imprensa.&#8221;<br \/>\nKelly indicou que n\u00e3o estava tudo bem na sua vida pessoal em um post no Twiter ontem (08), no qual ela escreveu: &#8220;\u00e9 tudo sobre percep\u00e7\u00e3o, \u00e0s vezes as coisas ruins que acontecem na vida n\u00e3o s\u00e3o nada ruins, especialmente se voc\u00ea aprende algo com elas! (sic)&#8221;<br \/>\nA not\u00edcia veio como uma grande surpresa para muitos, j\u00e1 que a m\u00e3e de Kelly, Sharon Osbourne, revelou que a filha planejava um casamento tradicional ingl\u00eas na casa da fam\u00edlia em Buckinghamshire. Al\u00e9m disso, a pr\u00f3pria Kelly se referiu a Matthew como seu &#8220;amor verdadeiro&#8221; no Twiter em dezembro quando falava sobre como ele a mimava.<br \/>\nEla escreveu: &#8220;Eu chego em casa depois de um dia de 12 horas para encontrar comida caseira, casa limpa e len\u00e7\u00f3is limpos na cama #WhenMenGetItRightTheyGetItRight #TrueLove!! (sic)&#8221; O ex-casal foi visto pela \u00faltima vez juntos no dia 12 de dezembro no amfAR Inspiration Gala em Hollywood.<\/p>\n<div id=\"attachment_92829\" style=\"width: 560px\" class=\"wp-caption aligncenter\"><a href=\"https:\/\/i0.wp.com\/www.agrund.com\/wp-content\/uploads\/sites\/6\/2014\/01\/kelly-osbourne-termina-noivado.jpg\"><img aria-describedby=\"caption-attachment-92829\" data-attachment-id=\"92829\" data-permalink=\"https:\/\/agrund.com\/index.php\/kelly-osbourne-termina-noivado\/kelly-osbourne-termina-noivado\/\" data-orig-file=\"https:\/\/i0.wp.com\/agrund.com\/wp-content\/uploads\/sites\/6\/2014\/01\/kelly-osbourne-termina-noivado.jpg?fit=550%2C616&amp;ssl=1\" data-orig-size=\"550,616\" data-comments-opened=\"1\" data-image-meta=\"{&quot;aperture&quot;:&quot;0&quot;,&quot;credit&quot;:&quot;&quot;,&quot;camera&quot;:&quot;&quot;,&quot;caption&quot;:&quot;&quot;,&quot;created_timestamp&quot;:&quot;0&quot;,&quot;copyright&quot;:&quot;&quot;,&quot;focal_length&quot;:&quot;0&quot;,&quot;iso&quot;:&quot;0&quot;,&quot;shutter_speed&quot;:&quot;0&quot;,&quot;title&quot;:&quot;&quot;}\" data-image-title=\"kelly-osbourne-termina-noivado\" data-image-description=\"\" data-image-caption=\"&lt;p&gt;Kelly Osbourne termina noivado &lt;\/p&gt;\n\" data-medium-file=\"https:\/\/i0.wp.com\/agrund.com\/wp-content\/uploads\/sites\/6\/2014\/01\/kelly-osbourne-termina-noivado.jpg?fit=267%2C300&amp;ssl=1\" data-large-file=\"https:\/\/i0.wp.com\/agrund.com\/wp-content\/uploads\/sites\/6\/2014\/01\/kelly-osbourne-termina-noivado.jpg?fit=550%2C616&amp;ssl=1\" decoding=\"async\" loading=\"lazy\" class=\"size-large wp-image-92829\" alt=\"Kelly Osbourne termina noivado \" src=\"https:\/\/i0.wp.com\/www.agrund.com\/wp-content\/uploads\/sites\/6\/cache\/2014\/01\/kelly-osbourne-termina-noivado\/1949731689.jpg?resize=550%2C616\" width=\"550\" height=\"616\" data-recalc-dims=\"1\" \/><\/a><p id=\"caption-attachment-92829\" class=\"wp-caption-text\">Kelly Osbourne termina noivado<\/p><\/div>\n<p>Imagens: Reprodu\u00e7\u00e3o.<\/p>\n","protected":false},"excerpt":{"rendered":"<p>Kelly Osbourne, que ficou noiva do chef vegano quando ele a pediu em casamento no Ano Novo de 2012 durante uma viagem ao Caribe, confirmou que eles terminaram o noivado amigavelmente. Em uma declara\u00e7\u00e3o ao UsMagazine.com, um porta-voz da estrela de 29 anos disse: &#8220;Kelly Osbourne e Matthew Mosshart decidiram acabar o seu noivado. Eles [&hellip;]<\/p>\n","protected":false},"author":1,"featured_media":92830,"comment_status":"open","ping_status":"open","sticky":false,"template":"","format":"standard","meta":{"jetpack_post_was_ever_published":false,"_jetpack_newsletter_access":"","jetpack_publicize_message":"","jetpack_is_tweetstorm":false,"jetpack_publicize_feature_enabled":true,"jetpack_social_post_already_shared":true,"jetpack_social_options":{"image_generator_settings":{"template":"highway","enabled":false}}},"categories":[2],"tags":[],"jetpack_publicize_connections":[],"jetpack_featured_media_url":"https:\/\/i0.wp.com\/agrund.com\/wp-content\/uploads\/sites\/6\/2014\/01\/slidekell.jpg?fit=960%2C300&ssl=1","jetpack_sharing_enabled":true,"jetpack_shortlink":"https:\/\/wp.me\/p3Hz0n-o9e","jetpack_likes_enabled":true,"_links":{"self":[{"href":"https:\/\/agrund.com\/index.php\/wp-json\/wp\/v2\/posts\/92828"}],"collection":[{"href":"https:\/\/agrund.com\/index.php\/wp-json\/wp\/v2\/posts"}],"about":[{"href":"https:\/\/agrund.com\/index.php\/wp-json\/wp\/v2\/types\/post"}],"author":[{"embeddable":true,"href":"https:\/\/agrund.com\/index.php\/wp-json\/wp\/v2\/users\/1"}],"replies":[{"embeddable":true,"href":"https:\/\/agrund.com\/index.php\/wp-json\/wp\/v2\/comments?post=92828"}],"version-history":[{"count":0,"href":"https:\/\/agrund.com\/index.php\/wp-json\/wp\/v2\/posts\/92828\/revisions"}],"wp:featuredmedia":[{"embeddable":true,"href":"https:\/\/agrund.com\/index.php\/wp-json\/wp\/v2\/media\/92830"}],"wp:attachment":[{"href":"https:\/\/agrund.com\/index.php\/wp-json\/wp\/v2\/media?parent=92828"}],"wp:term":[{"taxonomy":"category","embeddable":true,"href":"https:\/\/agrund.com\/index.php\/wp-json\/wp\/v2\/categories?post=92828"},{"taxonomy":"post_tag","embeddable":true,"href":"https:\/\/agrund.com\/index.php\/wp-json\/wp\/v2\/tags?post=92828"}],"curies":[{"name":"wp","href":"https:\/\/api.w.org\/{rel}","templated":true}]}}