{"id":92821,"date":"2014-01-09T19:00:36","date_gmt":"2014-01-09T21:00:36","guid":{"rendered":"http:\/\/www.agrund.com\/?p=92821"},"modified":"2014-01-09T15:48:46","modified_gmt":"2014-01-09T17:48:46","slug":"adidas-originals-fotografa-campanha-de-collab-com-a-farm","status":"publish","type":"post","link":"https:\/\/agrund.com\/index.php\/adidas-originals-fotografa-campanha-de-collab-com-a-farm\/","title":{"rendered":"Adidas Originals fotografa campanha de collab com a FARM"},"content":{"rendered":"<p>A Adidas Originals acaba de fotografar sua primeira campanha de collab com uma marca brasileira. A carioca FARM estampou os cl\u00e1ssicos conjuntos firebirds, dentre outras pe\u00e7as da grife alem\u00e3. O cen\u00e1rio da campanha foi o alto do Vidigal e ruas do bairro do Flamengo.<br \/>\nCom styling de Pedro Sales, fotos de Robinson Barbosa e beleza de Carol Ribeiro, a dupla de modelos Bruna Ten\u00f3rio e a new face paraibana Ism\u00eania representam o conceito de beleza brasileira. As pe\u00e7as estar\u00e3o dispon\u00edveis a partir de mar\u00e7o nas lojas da Farm d mas lojas Originals no Brasil e em mais de 130 pa\u00edses. Confira:<\/p>\n<div id=\"attachment_92822\" style=\"width: 560px\" class=\"wp-caption aligncenter\"><a href=\"https:\/\/i0.wp.com\/www.agrund.com\/wp-content\/uploads\/sites\/6\/2014\/01\/adidas-originals-fotografa-campanha-de-collab-com-a-farm-1.jpg\"><img aria-describedby=\"caption-attachment-92822\" data-attachment-id=\"92822\" data-permalink=\"https:\/\/agrund.com\/index.php\/adidas-originals-fotografa-campanha-de-collab-com-a-farm\/adidas-originals-fotografa-campanha-de-collab-com-a-farm-1\/\" data-orig-file=\"https:\/\/i0.wp.com\/agrund.com\/wp-content\/uploads\/sites\/6\/2014\/01\/adidas-originals-fotografa-campanha-de-collab-com-a-farm-1.jpg?fit=550%2C394&amp;ssl=1\" data-orig-size=\"550,394\" data-comments-opened=\"1\" data-image-meta=\"{&quot;aperture&quot;:&quot;0&quot;,&quot;credit&quot;:&quot;&quot;,&quot;camera&quot;:&quot;&quot;,&quot;caption&quot;:&quot;&quot;,&quot;created_timestamp&quot;:&quot;0&quot;,&quot;copyright&quot;:&quot;&quot;,&quot;focal_length&quot;:&quot;0&quot;,&quot;iso&quot;:&quot;0&quot;,&quot;shutter_speed&quot;:&quot;0&quot;,&quot;title&quot;:&quot;&quot;}\" data-image-title=\"adidas-originals-fotografa-campanha-de-collab-com-a-farm (1)\" data-image-description=\"\" data-image-caption=\"&lt;p&gt;Adidas Originals fotografa campanha de collab com a FARM&lt;\/p&gt;\n\" data-medium-file=\"https:\/\/i0.wp.com\/agrund.com\/wp-content\/uploads\/sites\/6\/2014\/01\/adidas-originals-fotografa-campanha-de-collab-com-a-farm-1.jpg?fit=300%2C214&amp;ssl=1\" data-large-file=\"https:\/\/i0.wp.com\/agrund.com\/wp-content\/uploads\/sites\/6\/2014\/01\/adidas-originals-fotografa-campanha-de-collab-com-a-farm-1.jpg?fit=550%2C394&amp;ssl=1\" decoding=\"async\" loading=\"lazy\" class=\"size-large wp-image-92822\" alt=\"Adidas Originals fotografa campanha de collab com a FARM\" src=\"https:\/\/i0.wp.com\/www.agrund.com\/wp-content\/uploads\/sites\/6\/cache\/2014\/01\/adidas-originals-fotografa-campanha-de-collab-com-a-farm-1\/2440472462.jpg?resize=550%2C394\" width=\"550\" height=\"394\" data-recalc-dims=\"1\" \/><\/a><p id=\"caption-attachment-92822\" class=\"wp-caption-text\">Adidas Originals fotografa campanha de collab com a FARM<\/p><\/div>\n<div id=\"attachment_92823\" style=\"width: 560px\" class=\"wp-caption aligncenter\"><a href=\"https:\/\/i0.wp.com\/www.agrund.com\/wp-content\/uploads\/sites\/6\/2014\/01\/adidas-originals-fotografa-campanha-de-collab-com-a-farm-2.jpg\"><img aria-describedby=\"caption-attachment-92823\" data-attachment-id=\"92823\" data-permalink=\"https:\/\/agrund.com\/index.php\/adidas-originals-fotografa-campanha-de-collab-com-a-farm\/adidas-originals-fotografa-campanha-de-collab-com-a-farm-2\/\" data-orig-file=\"https:\/\/i0.wp.com\/agrund.com\/wp-content\/uploads\/sites\/6\/2014\/01\/adidas-originals-fotografa-campanha-de-collab-com-a-farm-2.jpg?fit=550%2C367&amp;ssl=1\" data-orig-size=\"550,367\" data-comments-opened=\"1\" data-image-meta=\"{&quot;aperture&quot;:&quot;0&quot;,&quot;credit&quot;:&quot;&quot;,&quot;camera&quot;:&quot;&quot;,&quot;caption&quot;:&quot;&quot;,&quot;created_timestamp&quot;:&quot;0&quot;,&quot;copyright&quot;:&quot;&quot;,&quot;focal_length&quot;:&quot;0&quot;,&quot;iso&quot;:&quot;0&quot;,&quot;shutter_speed&quot;:&quot;0&quot;,&quot;title&quot;:&quot;&quot;}\" data-image-title=\"adidas-originals-fotografa-campanha-de-collab-com-a-farm (2)\" data-image-description=\"\" data-image-caption=\"&lt;p&gt;Adidas Originals fotografa campanha de collab com a FARM&lt;\/p&gt;\n\" data-medium-file=\"https:\/\/i0.wp.com\/agrund.com\/wp-content\/uploads\/sites\/6\/2014\/01\/adidas-originals-fotografa-campanha-de-collab-com-a-farm-2.jpg?fit=300%2C200&amp;ssl=1\" data-large-file=\"https:\/\/i0.wp.com\/agrund.com\/wp-content\/uploads\/sites\/6\/2014\/01\/adidas-originals-fotografa-campanha-de-collab-com-a-farm-2.jpg?fit=550%2C367&amp;ssl=1\" decoding=\"async\" loading=\"lazy\" class=\"size-large wp-image-92823\" alt=\"Adidas Originals fotografa campanha de collab com a FARM\" src=\"https:\/\/i0.wp.com\/www.agrund.com\/wp-content\/uploads\/sites\/6\/cache\/2014\/01\/adidas-originals-fotografa-campanha-de-collab-com-a-farm-2\/536453229.jpg?resize=550%2C367\" width=\"550\" height=\"367\" data-recalc-dims=\"1\" \/><\/a><p id=\"caption-attachment-92823\" class=\"wp-caption-text\">Adidas Originals fotografa campanha de collab com a FARM<\/p><\/div>\n<div id=\"attachment_92824\" style=\"width: 560px\" class=\"wp-caption aligncenter\"><a href=\"https:\/\/i0.wp.com\/www.agrund.com\/wp-content\/uploads\/sites\/6\/2014\/01\/adidas-originals-fotografa-campanha-de-collab-com-a-farm-3.jpg\"><img aria-describedby=\"caption-attachment-92824\" data-attachment-id=\"92824\" data-permalink=\"https:\/\/agrund.com\/index.php\/adidas-originals-fotografa-campanha-de-collab-com-a-farm\/adidas-originals-fotografa-campanha-de-collab-com-a-farm-3\/\" data-orig-file=\"https:\/\/i0.wp.com\/agrund.com\/wp-content\/uploads\/sites\/6\/2014\/01\/adidas-originals-fotografa-campanha-de-collab-com-a-farm-3.jpg?fit=550%2C367&amp;ssl=1\" data-orig-size=\"550,367\" data-comments-opened=\"1\" data-image-meta=\"{&quot;aperture&quot;:&quot;0&quot;,&quot;credit&quot;:&quot;&quot;,&quot;camera&quot;:&quot;&quot;,&quot;caption&quot;:&quot;&quot;,&quot;created_timestamp&quot;:&quot;0&quot;,&quot;copyright&quot;:&quot;&quot;,&quot;focal_length&quot;:&quot;0&quot;,&quot;iso&quot;:&quot;0&quot;,&quot;shutter_speed&quot;:&quot;0&quot;,&quot;title&quot;:&quot;&quot;}\" data-image-title=\"adidas-originals-fotografa-campanha-de-collab-com-a-farm (3)\" data-image-description=\"\" data-image-caption=\"&lt;p&gt;Adidas Originals fotografa campanha de collab com a FARM&lt;\/p&gt;\n\" data-medium-file=\"https:\/\/i0.wp.com\/agrund.com\/wp-content\/uploads\/sites\/6\/2014\/01\/adidas-originals-fotografa-campanha-de-collab-com-a-farm-3.jpg?fit=300%2C200&amp;ssl=1\" data-large-file=\"https:\/\/i0.wp.com\/agrund.com\/wp-content\/uploads\/sites\/6\/2014\/01\/adidas-originals-fotografa-campanha-de-collab-com-a-farm-3.jpg?fit=550%2C367&amp;ssl=1\" decoding=\"async\" loading=\"lazy\" class=\"size-large wp-image-92824\" alt=\"Adidas Originals fotografa campanha de collab com a FARM\" src=\"https:\/\/i0.wp.com\/www.agrund.com\/wp-content\/uploads\/sites\/6\/cache\/2014\/01\/adidas-originals-fotografa-campanha-de-collab-com-a-farm-3\/3545473267.jpg?resize=550%2C367\" width=\"550\" height=\"367\" data-recalc-dims=\"1\" \/><\/a><p id=\"caption-attachment-92824\" class=\"wp-caption-text\">Adidas Originals fotografa campanha de collab com a FARM<\/p><\/div>\n<p>Imagens: Fernando Azevedo e Daniel Benassi.<\/p>\n","protected":false},"excerpt":{"rendered":"<p>A Adidas Originals acaba de fotografar sua primeira campanha de collab com uma marca brasileira. A carioca FARM estampou os cl\u00e1ssicos conjuntos firebirds, dentre outras pe\u00e7as da grife alem\u00e3. O cen\u00e1rio da campanha foi o alto do Vidigal e ruas do bairro do Flamengo. Com styling de Pedro Sales, fotos de Robinson Barbosa e beleza [&hellip;]<\/p>\n","protected":false},"author":1,"featured_media":92825,"comment_status":"open","ping_status":"open","sticky":false,"template":"","format":"standard","meta":{"jetpack_post_was_ever_published":false,"_jetpack_newsletter_access":"","jetpack_publicize_message":"","jetpack_is_tweetstorm":false,"jetpack_publicize_feature_enabled":true,"jetpack_social_post_already_shared":true,"jetpack_social_options":{"image_generator_settings":{"template":"highway","enabled":false}}},"categories":[2],"tags":[],"jetpack_publicize_connections":[],"jetpack_featured_media_url":"https:\/\/i0.wp.com\/agrund.com\/wp-content\/uploads\/sites\/6\/2014\/01\/slidefarm.jpg?fit=960%2C300&ssl=1","jetpack_sharing_enabled":true,"jetpack_shortlink":"https:\/\/wp.me\/p3Hz0n-o97","jetpack_likes_enabled":true,"_links":{"self":[{"href":"https:\/\/agrund.com\/index.php\/wp-json\/wp\/v2\/posts\/92821"}],"collection":[{"href":"https:\/\/agrund.com\/index.php\/wp-json\/wp\/v2\/posts"}],"about":[{"href":"https:\/\/agrund.com\/index.php\/wp-json\/wp\/v2\/types\/post"}],"author":[{"embeddable":true,"href":"https:\/\/agrund.com\/index.php\/wp-json\/wp\/v2\/users\/1"}],"replies":[{"embeddable":true,"href":"https:\/\/agrund.com\/index.php\/wp-json\/wp\/v2\/comments?post=92821"}],"version-history":[{"count":0,"href":"https:\/\/agrund.com\/index.php\/wp-json\/wp\/v2\/posts\/92821\/revisions"}],"wp:featuredmedia":[{"embeddable":true,"href":"https:\/\/agrund.com\/index.php\/wp-json\/wp\/v2\/media\/92825"}],"wp:attachment":[{"href":"https:\/\/agrund.com\/index.php\/wp-json\/wp\/v2\/media?parent=92821"}],"wp:term":[{"taxonomy":"category","embeddable":true,"href":"https:\/\/agrund.com\/index.php\/wp-json\/wp\/v2\/categories?post=92821"},{"taxonomy":"post_tag","embeddable":true,"href":"https:\/\/agrund.com\/index.php\/wp-json\/wp\/v2\/tags?post=92821"}],"curies":[{"name":"wp","href":"https:\/\/api.w.org\/{rel}","templated":true}]}}