{"id":92802,"date":"2014-01-09T14:00:56","date_gmt":"2014-01-09T16:00:56","guid":{"rendered":"http:\/\/www.agrund.com\/?p=92802"},"modified":"2014-01-09T10:17:41","modified_gmt":"2014-01-09T12:17:41","slug":"gwen-stefani-assina-novo-projeto-fashion","status":"publish","type":"post","link":"https:\/\/agrund.com\/index.php\/gwen-stefani-assina-novo-projeto-fashion\/","title":{"rendered":"Gwen Stefani assina novo projeto fashion"},"content":{"rendered":"<p>A liga\u00e7\u00e3o de Gwen Stefani com o mundo da moda s\u00f3 cresce. Depois de ter lan\u00e7ado a pr\u00f3pria grife, a L.A.M.B., agora a cantora acaba de fechar parceria com Michael Glasser para uma nova linha de roupas.<br \/>\nO projeto se chamar\u00e1 Design With Purpose, A.K.A DWF, e ter\u00e1 uma primeira cole\u00e7\u00e3o com 18 pe\u00e7as com lan\u00e7amento previsto para maio de 2014. Quer dar uma olhada no que est\u00e1 por vir?<\/p>\n<div id=\"attachment_92803\" style=\"width: 523px\" class=\"wp-caption aligncenter\"><a href=\"https:\/\/i0.wp.com\/www.agrund.com\/wp-content\/uploads\/sites\/6\/2014\/01\/gwen-stefani-assina-novo-projeto-fashion-1.jpg\"><img aria-describedby=\"caption-attachment-92803\" data-attachment-id=\"92803\" data-permalink=\"https:\/\/agrund.com\/index.php\/gwen-stefani-assina-novo-projeto-fashion\/gwen-stefani-assina-novo-projeto-fashion-1\/\" data-orig-file=\"https:\/\/i0.wp.com\/agrund.com\/wp-content\/uploads\/sites\/6\/2014\/01\/gwen-stefani-assina-novo-projeto-fashion-1.jpg?fit=641%2C458&amp;ssl=1\" data-orig-size=\"641,458\" data-comments-opened=\"1\" data-image-meta=\"{&quot;aperture&quot;:&quot;0&quot;,&quot;credit&quot;:&quot;&quot;,&quot;camera&quot;:&quot;&quot;,&quot;caption&quot;:&quot;&quot;,&quot;created_timestamp&quot;:&quot;0&quot;,&quot;copyright&quot;:&quot;&quot;,&quot;focal_length&quot;:&quot;0&quot;,&quot;iso&quot;:&quot;0&quot;,&quot;shutter_speed&quot;:&quot;0&quot;,&quot;title&quot;:&quot;&quot;}\" data-image-title=\"gwen-stefani-assina-novo-projeto-fashion (1)\" data-image-description=\"\" data-image-caption=\"&lt;p&gt;Gwen Stefani assina novo projeto fashion&lt;\/p&gt;\n\" data-medium-file=\"https:\/\/i0.wp.com\/agrund.com\/wp-content\/uploads\/sites\/6\/2014\/01\/gwen-stefani-assina-novo-projeto-fashion-1.jpg?fit=300%2C214&amp;ssl=1\" data-large-file=\"https:\/\/i0.wp.com\/agrund.com\/wp-content\/uploads\/sites\/6\/2014\/01\/gwen-stefani-assina-novo-projeto-fashion-1.jpg?fit=641%2C458&amp;ssl=1\" decoding=\"async\" loading=\"lazy\" class=\" wp-image-92803 \" alt=\"Gwen Stefani assina novo projeto fashion\" src=\"https:\/\/i0.wp.com\/www.agrund.com\/wp-content\/uploads\/sites\/6\/cache\/2014\/01\/gwen-stefani-assina-novo-projeto-fashion-1\/181685029.jpg?resize=513%2C366\" width=\"513\" height=\"366\" data-recalc-dims=\"1\" \/><\/a><p id=\"caption-attachment-92803\" class=\"wp-caption-text\">Gwen Stefani assina novo projeto fashion<\/p><\/div>\n<div id=\"attachment_92804\" style=\"width: 523px\" class=\"wp-caption aligncenter\"><a href=\"https:\/\/i0.wp.com\/www.agrund.com\/wp-content\/uploads\/sites\/6\/2014\/01\/gwen-stefani-assina-novo-projeto-fashion-2.jpg\"><img aria-describedby=\"caption-attachment-92804\" data-attachment-id=\"92804\" data-permalink=\"https:\/\/agrund.com\/index.php\/gwen-stefani-assina-novo-projeto-fashion\/gwen-stefani-assina-novo-projeto-fashion-2\/\" data-orig-file=\"https:\/\/i0.wp.com\/agrund.com\/wp-content\/uploads\/sites\/6\/2014\/01\/gwen-stefani-assina-novo-projeto-fashion-2.jpg?fit=641%2C458&amp;ssl=1\" data-orig-size=\"641,458\" data-comments-opened=\"1\" data-image-meta=\"{&quot;aperture&quot;:&quot;0&quot;,&quot;credit&quot;:&quot;&quot;,&quot;camera&quot;:&quot;&quot;,&quot;caption&quot;:&quot;&quot;,&quot;created_timestamp&quot;:&quot;0&quot;,&quot;copyright&quot;:&quot;&quot;,&quot;focal_length&quot;:&quot;0&quot;,&quot;iso&quot;:&quot;0&quot;,&quot;shutter_speed&quot;:&quot;0&quot;,&quot;title&quot;:&quot;&quot;}\" data-image-title=\"gwen-stefani-assina-novo-projeto-fashion (2)\" data-image-description=\"\" data-image-caption=\"&lt;p&gt;Gwen Stefani assina novo projeto fashion&lt;\/p&gt;\n\" data-medium-file=\"https:\/\/i0.wp.com\/agrund.com\/wp-content\/uploads\/sites\/6\/2014\/01\/gwen-stefani-assina-novo-projeto-fashion-2.jpg?fit=300%2C214&amp;ssl=1\" data-large-file=\"https:\/\/i0.wp.com\/agrund.com\/wp-content\/uploads\/sites\/6\/2014\/01\/gwen-stefani-assina-novo-projeto-fashion-2.jpg?fit=641%2C458&amp;ssl=1\" decoding=\"async\" loading=\"lazy\" class=\" wp-image-92804 \" alt=\"Gwen Stefani assina novo projeto fashion\" src=\"https:\/\/i0.wp.com\/www.agrund.com\/wp-content\/uploads\/sites\/6\/cache\/2014\/01\/gwen-stefani-assina-novo-projeto-fashion-2\/2220575942.jpg?resize=513%2C366\" width=\"513\" height=\"366\" data-recalc-dims=\"1\" \/><\/a><p id=\"caption-attachment-92804\" class=\"wp-caption-text\">Gwen Stefani assina novo projeto fashion<\/p><\/div>\n<p>Imagens: Reprodu\u00e7\u00e3o.<\/p>\n","protected":false},"excerpt":{"rendered":"<p>A liga\u00e7\u00e3o de Gwen Stefani com o mundo da moda s\u00f3 cresce. Depois de ter lan\u00e7ado a pr\u00f3pria grife, a L.A.M.B., agora a cantora acaba de fechar parceria com Michael Glasser para uma nova linha de roupas. O projeto se chamar\u00e1 Design With Purpose, A.K.A DWF, e ter\u00e1 uma primeira cole\u00e7\u00e3o com 18 pe\u00e7as com [&hellip;]<\/p>\n","protected":false},"author":1,"featured_media":92806,"comment_status":"open","ping_status":"open","sticky":false,"template":"","format":"standard","meta":{"jetpack_post_was_ever_published":false,"_jetpack_newsletter_access":"","jetpack_publicize_message":"","jetpack_is_tweetstorm":false,"jetpack_publicize_feature_enabled":true,"jetpack_social_post_already_shared":true,"jetpack_social_options":{"image_generator_settings":{"template":"highway","enabled":false}}},"categories":[2],"tags":[],"jetpack_publicize_connections":[],"jetpack_featured_media_url":"https:\/\/i0.wp.com\/agrund.com\/wp-content\/uploads\/sites\/6\/2014\/01\/slide35.jpg?fit=960%2C300&ssl=1","jetpack_sharing_enabled":true,"jetpack_shortlink":"https:\/\/wp.me\/p3Hz0n-o8O","jetpack_likes_enabled":true,"_links":{"self":[{"href":"https:\/\/agrund.com\/index.php\/wp-json\/wp\/v2\/posts\/92802"}],"collection":[{"href":"https:\/\/agrund.com\/index.php\/wp-json\/wp\/v2\/posts"}],"about":[{"href":"https:\/\/agrund.com\/index.php\/wp-json\/wp\/v2\/types\/post"}],"author":[{"embeddable":true,"href":"https:\/\/agrund.com\/index.php\/wp-json\/wp\/v2\/users\/1"}],"replies":[{"embeddable":true,"href":"https:\/\/agrund.com\/index.php\/wp-json\/wp\/v2\/comments?post=92802"}],"version-history":[{"count":0,"href":"https:\/\/agrund.com\/index.php\/wp-json\/wp\/v2\/posts\/92802\/revisions"}],"wp:featuredmedia":[{"embeddable":true,"href":"https:\/\/agrund.com\/index.php\/wp-json\/wp\/v2\/media\/92806"}],"wp:attachment":[{"href":"https:\/\/agrund.com\/index.php\/wp-json\/wp\/v2\/media?parent=92802"}],"wp:term":[{"taxonomy":"category","embeddable":true,"href":"https:\/\/agrund.com\/index.php\/wp-json\/wp\/v2\/categories?post=92802"},{"taxonomy":"post_tag","embeddable":true,"href":"https:\/\/agrund.com\/index.php\/wp-json\/wp\/v2\/tags?post=92802"}],"curies":[{"name":"wp","href":"https:\/\/api.w.org\/{rel}","templated":true}]}}