{"id":92780,"date":"2014-01-09T12:00:30","date_gmt":"2014-01-09T14:00:30","guid":{"rendered":"http:\/\/www.agrund.com\/?p=92780"},"modified":"2014-01-09T09:48:25","modified_gmt":"2014-01-09T11:48:25","slug":"fendi-lanca-linha-de-beleza","status":"publish","type":"post","link":"https:\/\/agrund.com\/index.php\/fendi-lanca-linha-de-beleza\/","title":{"rendered":"Fendi lan\u00e7a linha de beleza"},"content":{"rendered":"<p>A Fendi acaba de lan\u00e7ar sua primeira linha de beaut\u00e9! Chamada &#8216;L&#8217;Acquarossa Red Essentials&#8217;, a linha traz um esmalte, um batom e uma vers\u00e3o amadeirada do j\u00e1 conhecido perfume da marca.<br \/>\nTodos os produtos s\u00e3o na cor vermelha, como sugere o nome da cole\u00e7\u00e3o, e ser\u00e3o vendidos com exclusividade na Sephora a partir do dia 15 de janeiro. Confira:<\/p>\n<div id=\"attachment_92781\" style=\"width: 459px\" class=\"wp-caption aligncenter\"><a href=\"https:\/\/i0.wp.com\/www.agrund.com\/wp-content\/uploads\/sites\/6\/2014\/01\/fendi-lanca-linha-de-beleza.jpg\"><img aria-describedby=\"caption-attachment-92781\" data-attachment-id=\"92781\" data-permalink=\"https:\/\/agrund.com\/index.php\/fendi-lanca-linha-de-beleza\/fendi-lanca-linha-de-beleza\/\" data-orig-file=\"https:\/\/i0.wp.com\/agrund.com\/wp-content\/uploads\/sites\/6\/2014\/01\/fendi-lanca-linha-de-beleza.jpg?fit=641%2C458&amp;ssl=1\" data-orig-size=\"641,458\" data-comments-opened=\"1\" data-image-meta=\"{&quot;aperture&quot;:&quot;0&quot;,&quot;credit&quot;:&quot;&quot;,&quot;camera&quot;:&quot;&quot;,&quot;caption&quot;:&quot;&quot;,&quot;created_timestamp&quot;:&quot;0&quot;,&quot;copyright&quot;:&quot;&quot;,&quot;focal_length&quot;:&quot;0&quot;,&quot;iso&quot;:&quot;0&quot;,&quot;shutter_speed&quot;:&quot;0&quot;,&quot;title&quot;:&quot;&quot;}\" data-image-title=\"fendi-lanca-linha-de-beleza\" data-image-description=\"\" data-image-caption=\"&lt;p&gt;Fendi lan\u00e7a linha de beleza&lt;\/p&gt;\n\" data-medium-file=\"https:\/\/i0.wp.com\/agrund.com\/wp-content\/uploads\/sites\/6\/2014\/01\/fendi-lanca-linha-de-beleza.jpg?fit=300%2C214&amp;ssl=1\" data-large-file=\"https:\/\/i0.wp.com\/agrund.com\/wp-content\/uploads\/sites\/6\/2014\/01\/fendi-lanca-linha-de-beleza.jpg?fit=641%2C458&amp;ssl=1\" decoding=\"async\" loading=\"lazy\" class=\" wp-image-92781 \" alt=\"Fendi lan\u00e7a linha de beleza\" src=\"https:\/\/i0.wp.com\/www.agrund.com\/wp-content\/uploads\/sites\/6\/cache\/2014\/01\/fendi-lanca-linha-de-beleza\/4101227626.jpg?resize=449%2C321\" width=\"449\" height=\"321\" data-recalc-dims=\"1\" \/><\/a><p id=\"caption-attachment-92781\" class=\"wp-caption-text\">Fendi lan\u00e7a linha de beleza<\/p><\/div>\n<p>Imagem: Reprodu\u00e7\u00e3o.<\/p>\n","protected":false},"excerpt":{"rendered":"<p>A Fendi acaba de lan\u00e7ar sua primeira linha de beaut\u00e9! Chamada &#8216;L&#8217;Acquarossa Red Essentials&#8217;, a linha traz um esmalte, um batom e uma vers\u00e3o amadeirada do j\u00e1 conhecido perfume da marca. Todos os produtos s\u00e3o na cor vermelha, como sugere o nome da cole\u00e7\u00e3o, e ser\u00e3o vendidos com exclusividade na Sephora a partir do dia [&hellip;]<\/p>\n","protected":false},"author":1,"featured_media":92782,"comment_status":"open","ping_status":"open","sticky":false,"template":"","format":"standard","meta":{"jetpack_post_was_ever_published":false,"_jetpack_newsletter_access":"","jetpack_publicize_message":"","jetpack_is_tweetstorm":false,"jetpack_publicize_feature_enabled":true,"jetpack_social_post_already_shared":true,"jetpack_social_options":{"image_generator_settings":{"template":"highway","enabled":false}}},"categories":[2],"tags":[],"jetpack_publicize_connections":[],"jetpack_featured_media_url":"https:\/\/i0.wp.com\/agrund.com\/wp-content\/uploads\/sites\/6\/2014\/01\/slide27.jpg?fit=960%2C300&ssl=1","jetpack_sharing_enabled":true,"jetpack_shortlink":"https:\/\/wp.me\/p3Hz0n-o8s","jetpack_likes_enabled":true,"_links":{"self":[{"href":"https:\/\/agrund.com\/index.php\/wp-json\/wp\/v2\/posts\/92780"}],"collection":[{"href":"https:\/\/agrund.com\/index.php\/wp-json\/wp\/v2\/posts"}],"about":[{"href":"https:\/\/agrund.com\/index.php\/wp-json\/wp\/v2\/types\/post"}],"author":[{"embeddable":true,"href":"https:\/\/agrund.com\/index.php\/wp-json\/wp\/v2\/users\/1"}],"replies":[{"embeddable":true,"href":"https:\/\/agrund.com\/index.php\/wp-json\/wp\/v2\/comments?post=92780"}],"version-history":[{"count":0,"href":"https:\/\/agrund.com\/index.php\/wp-json\/wp\/v2\/posts\/92780\/revisions"}],"wp:featuredmedia":[{"embeddable":true,"href":"https:\/\/agrund.com\/index.php\/wp-json\/wp\/v2\/media\/92782"}],"wp:attachment":[{"href":"https:\/\/agrund.com\/index.php\/wp-json\/wp\/v2\/media?parent=92780"}],"wp:term":[{"taxonomy":"category","embeddable":true,"href":"https:\/\/agrund.com\/index.php\/wp-json\/wp\/v2\/categories?post=92780"},{"taxonomy":"post_tag","embeddable":true,"href":"https:\/\/agrund.com\/index.php\/wp-json\/wp\/v2\/tags?post=92780"}],"curies":[{"name":"wp","href":"https:\/\/api.w.org\/{rel}","templated":true}]}}