{"id":92730,"date":"2014-01-08T20:00:01","date_gmt":"2014-01-08T22:00:01","guid":{"rendered":"http:\/\/www.agrund.com\/?p=92730"},"modified":"2014-01-08T17:20:17","modified_gmt":"2014-01-08T19:20:17","slug":"looks-por-ju-ali-12","status":"publish","type":"post","link":"https:\/\/agrund.com\/index.php\/looks-por-ju-ali-12\/","title":{"rendered":"Looks por Ju Ali"},"content":{"rendered":"<p><strong>Allison Williams:<\/strong> O look \u00e9 bonito. Mas n\u00e3o arrasou com a minha cara nem nada. falta alguma coisa&#8230; Talvez um cabelo, uma j\u00f3ia marcante&#8230; Talvez o melhor mesmo fosse tirar esses bordados esquisitos da parte de cima do vestido, viu&#8230;<\/p>\n<div id=\"attachment_92731\" style=\"width: 560px\" class=\"wp-caption aligncenter\"><a href=\"https:\/\/i0.wp.com\/www.agrund.com\/wp-content\/uploads\/sites\/6\/2014\/01\/allison-williams.jpg\"><img aria-describedby=\"caption-attachment-92731\" data-attachment-id=\"92731\" data-permalink=\"https:\/\/agrund.com\/index.php\/looks-por-ju-ali-12\/allison-williams\/\" data-orig-file=\"https:\/\/i0.wp.com\/agrund.com\/wp-content\/uploads\/sites\/6\/2014\/01\/allison-williams.jpg?fit=550%2C826&amp;ssl=1\" data-orig-size=\"550,826\" data-comments-opened=\"1\" data-image-meta=\"{&quot;aperture&quot;:&quot;0&quot;,&quot;credit&quot;:&quot;&quot;,&quot;camera&quot;:&quot;&quot;,&quot;caption&quot;:&quot;&quot;,&quot;created_timestamp&quot;:&quot;0&quot;,&quot;copyright&quot;:&quot;&quot;,&quot;focal_length&quot;:&quot;0&quot;,&quot;iso&quot;:&quot;0&quot;,&quot;shutter_speed&quot;:&quot;0&quot;,&quot;title&quot;:&quot;&quot;}\" data-image-title=\"allison-williams\" data-image-description=\"\" data-image-caption=\"&lt;p&gt;Allison Williams&lt;\/p&gt;\n\" data-medium-file=\"https:\/\/i0.wp.com\/agrund.com\/wp-content\/uploads\/sites\/6\/2014\/01\/allison-williams.jpg?fit=199%2C300&amp;ssl=1\" data-large-file=\"https:\/\/i0.wp.com\/agrund.com\/wp-content\/uploads\/sites\/6\/2014\/01\/allison-williams.jpg?fit=550%2C826&amp;ssl=1\" decoding=\"async\" loading=\"lazy\" class=\"size-large wp-image-92731\" alt=\"Allison Williams\" src=\"https:\/\/i0.wp.com\/www.agrund.com\/wp-content\/uploads\/sites\/6\/cache\/2014\/01\/allison-williams\/778051284.jpg?resize=550%2C826\" width=\"550\" height=\"826\" data-recalc-dims=\"1\" \/><\/a><p id=\"caption-attachment-92731\" class=\"wp-caption-text\">Allison Williams<\/p><\/div>\n<p><strong>Amy Adams:<\/strong> Ai mas que pobre! Gosto do vestido e tudo, mas eu visualizo Amy dando um rol\u00ea em Beverly Hills com ele, e n\u00e3o dando pinta nos red carpets de Hollywood.<\/p>\n<div id=\"attachment_92732\" style=\"width: 560px\" class=\"wp-caption aligncenter\"><a href=\"https:\/\/i0.wp.com\/www.agrund.com\/wp-content\/uploads\/sites\/6\/2014\/01\/Amy+Adams.jpg\"><img aria-describedby=\"caption-attachment-92732\" data-attachment-id=\"92732\" data-permalink=\"https:\/\/agrund.com\/index.php\/looks-por-ju-ali-12\/amyadams\/\" data-orig-file=\"https:\/\/i0.wp.com\/agrund.com\/wp-content\/uploads\/sites\/6\/2014\/01\/Amy+Adams.jpg?fit=550%2C853&amp;ssl=1\" data-orig-size=\"550,853\" data-comments-opened=\"1\" data-image-meta=\"{&quot;aperture&quot;:&quot;0&quot;,&quot;credit&quot;:&quot;&quot;,&quot;camera&quot;:&quot;&quot;,&quot;caption&quot;:&quot;&quot;,&quot;created_timestamp&quot;:&quot;0&quot;,&quot;copyright&quot;:&quot;&quot;,&quot;focal_length&quot;:&quot;0&quot;,&quot;iso&quot;:&quot;0&quot;,&quot;shutter_speed&quot;:&quot;0&quot;,&quot;title&quot;:&quot;&quot;}\" data-image-title=\"Amy+Adams\" data-image-description=\"\" data-image-caption=\"&lt;p&gt;Amy Adams&lt;\/p&gt;\n\" data-medium-file=\"https:\/\/i0.wp.com\/agrund.com\/wp-content\/uploads\/sites\/6\/2014\/01\/Amy+Adams.jpg?fit=193%2C300&amp;ssl=1\" data-large-file=\"https:\/\/i0.wp.com\/agrund.com\/wp-content\/uploads\/sites\/6\/2014\/01\/Amy+Adams.jpg?fit=550%2C853&amp;ssl=1\" decoding=\"async\" loading=\"lazy\" class=\"size-large wp-image-92732\" alt=\"Amy Adams\" src=\"https:\/\/i0.wp.com\/www.agrund.com\/wp-content\/uploads\/sites\/6\/cache\/2014\/01\/Amy+Adams\/3871806798.jpg?resize=550%2C853\" width=\"550\" height=\"853\" data-recalc-dims=\"1\" \/><\/a><p id=\"caption-attachment-92732\" class=\"wp-caption-text\">Amy Adams<\/p><\/div>\n<p><strong>Karlie Kloss:<\/strong> Apenas fina. Isso sim \u00e9 um look minimalista que n\u00e3o pede nada mais. Que enche os olhos da gente. Branco e preto, comprimento m\u00eddi, tudo cl\u00e1ssico, clean, limpo. Palmas, Karlie.<\/p>\n<div id=\"attachment_92733\" style=\"width: 560px\" class=\"wp-caption aligncenter\"><a href=\"https:\/\/i0.wp.com\/www.agrund.com\/wp-content\/uploads\/sites\/6\/2014\/01\/karlie-kloss.jpg\"><img aria-describedby=\"caption-attachment-92733\" data-attachment-id=\"92733\" data-permalink=\"https:\/\/agrund.com\/index.php\/looks-por-ju-ali-12\/karlie-kloss\/\" data-orig-file=\"https:\/\/i0.wp.com\/agrund.com\/wp-content\/uploads\/sites\/6\/2014\/01\/karlie-kloss.jpg?fit=550%2C827&amp;ssl=1\" data-orig-size=\"550,827\" data-comments-opened=\"1\" data-image-meta=\"{&quot;aperture&quot;:&quot;0&quot;,&quot;credit&quot;:&quot;&quot;,&quot;camera&quot;:&quot;&quot;,&quot;caption&quot;:&quot;&quot;,&quot;created_timestamp&quot;:&quot;0&quot;,&quot;copyright&quot;:&quot;&quot;,&quot;focal_length&quot;:&quot;0&quot;,&quot;iso&quot;:&quot;0&quot;,&quot;shutter_speed&quot;:&quot;0&quot;,&quot;title&quot;:&quot;&quot;}\" data-image-title=\"karlie-kloss\" data-image-description=\"\" data-image-caption=\"&lt;p&gt;Karlie Kloss&lt;\/p&gt;\n\" data-medium-file=\"https:\/\/i0.wp.com\/agrund.com\/wp-content\/uploads\/sites\/6\/2014\/01\/karlie-kloss.jpg?fit=199%2C300&amp;ssl=1\" data-large-file=\"https:\/\/i0.wp.com\/agrund.com\/wp-content\/uploads\/sites\/6\/2014\/01\/karlie-kloss.jpg?fit=550%2C827&amp;ssl=1\" decoding=\"async\" loading=\"lazy\" class=\"size-large wp-image-92733\" alt=\"Karlie Kloss\" src=\"https:\/\/i0.wp.com\/www.agrund.com\/wp-content\/uploads\/sites\/6\/cache\/2014\/01\/karlie-kloss\/648606503.jpg?resize=550%2C827\" width=\"550\" height=\"827\" data-recalc-dims=\"1\" \/><\/a><p id=\"caption-attachment-92733\" class=\"wp-caption-text\">Karlie Kloss<\/p><\/div>\n<p><strong>Lea Seydoux:<\/strong> Mas vai aonde com esse look de brech\u00f3, gata? Voc\u00ea ainda n\u00e3o reparou que agora j\u00e1 virou estrela de cinema? Vamos renovar o guarda roupa? Com essa produ\u00e7\u00e3o a\u00ed, s\u00f3 se estiver indo a uma festa \u00e0 fantasia vestida de personagem do Mad Men.<\/p>\n<div id=\"attachment_92734\" style=\"width: 560px\" class=\"wp-caption aligncenter\"><a href=\"https:\/\/i0.wp.com\/www.agrund.com\/wp-content\/uploads\/sites\/6\/2014\/01\/lea-seydoux.jpg\"><img aria-describedby=\"caption-attachment-92734\" data-attachment-id=\"92734\" data-permalink=\"https:\/\/agrund.com\/index.php\/looks-por-ju-ali-12\/lea-seydoux\/\" data-orig-file=\"https:\/\/i0.wp.com\/agrund.com\/wp-content\/uploads\/sites\/6\/2014\/01\/lea-seydoux.jpg?fit=550%2C966&amp;ssl=1\" data-orig-size=\"550,966\" data-comments-opened=\"1\" data-image-meta=\"{&quot;aperture&quot;:&quot;0&quot;,&quot;credit&quot;:&quot;&quot;,&quot;camera&quot;:&quot;&quot;,&quot;caption&quot;:&quot;&quot;,&quot;created_timestamp&quot;:&quot;0&quot;,&quot;copyright&quot;:&quot;&quot;,&quot;focal_length&quot;:&quot;0&quot;,&quot;iso&quot;:&quot;0&quot;,&quot;shutter_speed&quot;:&quot;0&quot;,&quot;title&quot;:&quot;&quot;}\" data-image-title=\"lea-seydoux\" data-image-description=\"\" data-image-caption=\"&lt;p&gt;Lea Seydoux&lt;\/p&gt;\n\" data-medium-file=\"https:\/\/i0.wp.com\/agrund.com\/wp-content\/uploads\/sites\/6\/2014\/01\/lea-seydoux.jpg?fit=170%2C300&amp;ssl=1\" data-large-file=\"https:\/\/i0.wp.com\/agrund.com\/wp-content\/uploads\/sites\/6\/2014\/01\/lea-seydoux.jpg?fit=550%2C966&amp;ssl=1\" decoding=\"async\" loading=\"lazy\" class=\"size-large wp-image-92734\" alt=\"Lea Seydoux\" src=\"https:\/\/i0.wp.com\/www.agrund.com\/wp-content\/uploads\/sites\/6\/cache\/2014\/01\/lea-seydoux\/3708746292.jpg?resize=550%2C966\" width=\"550\" height=\"966\" data-recalc-dims=\"1\" \/><\/a><p id=\"caption-attachment-92734\" class=\"wp-caption-text\">Lea Seydoux<\/p><\/div>\n<p><strong>Naomi Watts:<\/strong> Sempre correta, essa Naomi. Dif\u00edcil criticar uma mulher de vestido azul com gola V. Assim, n\u00e3o tem como dar errado!!!!<\/p>\n<div id=\"attachment_92735\" style=\"width: 560px\" class=\"wp-caption aligncenter\"><a href=\"https:\/\/i0.wp.com\/www.agrund.com\/wp-content\/uploads\/sites\/6\/2014\/01\/naomi-watts.jpg\"><img aria-describedby=\"caption-attachment-92735\" data-attachment-id=\"92735\" data-permalink=\"https:\/\/agrund.com\/index.php\/looks-por-ju-ali-12\/naomi-watts-2\/\" data-orig-file=\"https:\/\/i0.wp.com\/agrund.com\/wp-content\/uploads\/sites\/6\/2014\/01\/naomi-watts.jpg?fit=550%2C825&amp;ssl=1\" data-orig-size=\"550,825\" data-comments-opened=\"1\" data-image-meta=\"{&quot;aperture&quot;:&quot;0&quot;,&quot;credit&quot;:&quot;&quot;,&quot;camera&quot;:&quot;&quot;,&quot;caption&quot;:&quot;&quot;,&quot;created_timestamp&quot;:&quot;0&quot;,&quot;copyright&quot;:&quot;&quot;,&quot;focal_length&quot;:&quot;0&quot;,&quot;iso&quot;:&quot;0&quot;,&quot;shutter_speed&quot;:&quot;0&quot;,&quot;title&quot;:&quot;&quot;}\" data-image-title=\"naomi-watts\" data-image-description=\"\" data-image-caption=\"&lt;p&gt;Naomi Watts&lt;\/p&gt;\n\" data-medium-file=\"https:\/\/i0.wp.com\/agrund.com\/wp-content\/uploads\/sites\/6\/2014\/01\/naomi-watts.jpg?fit=200%2C300&amp;ssl=1\" data-large-file=\"https:\/\/i0.wp.com\/agrund.com\/wp-content\/uploads\/sites\/6\/2014\/01\/naomi-watts.jpg?fit=550%2C825&amp;ssl=1\" decoding=\"async\" loading=\"lazy\" class=\"size-large wp-image-92735\" alt=\"Naomi Watts\" src=\"https:\/\/i0.wp.com\/www.agrund.com\/wp-content\/uploads\/sites\/6\/cache\/2014\/01\/naomi-watts\/530158281.jpg?resize=550%2C825\" width=\"550\" height=\"825\" data-recalc-dims=\"1\" \/><\/a><p id=\"caption-attachment-92735\" class=\"wp-caption-text\">Naomi Watts<\/p><\/div>\n<p><strong>Naomi Harris:<\/strong> Ai gente, j\u00e1 cansei desse monte de renda branca na noite. Chega, vai. Eu teria gostado do look se fosse 2012, por a\u00ed.<\/p>\n<div id=\"attachment_92736\" style=\"width: 560px\" class=\"wp-caption aligncenter\"><a href=\"https:\/\/i0.wp.com\/www.agrund.com\/wp-content\/uploads\/sites\/6\/2014\/01\/naomie-harris.jpg\"><img aria-describedby=\"caption-attachment-92736\" data-attachment-id=\"92736\" data-permalink=\"https:\/\/agrund.com\/index.php\/looks-por-ju-ali-12\/naomie-harris-2\/\" data-orig-file=\"https:\/\/i0.wp.com\/agrund.com\/wp-content\/uploads\/sites\/6\/2014\/01\/naomie-harris.jpg?fit=550%2C853&amp;ssl=1\" data-orig-size=\"550,853\" data-comments-opened=\"1\" data-image-meta=\"{&quot;aperture&quot;:&quot;0&quot;,&quot;credit&quot;:&quot;&quot;,&quot;camera&quot;:&quot;&quot;,&quot;caption&quot;:&quot;&quot;,&quot;created_timestamp&quot;:&quot;0&quot;,&quot;copyright&quot;:&quot;&quot;,&quot;focal_length&quot;:&quot;0&quot;,&quot;iso&quot;:&quot;0&quot;,&quot;shutter_speed&quot;:&quot;0&quot;,&quot;title&quot;:&quot;&quot;}\" data-image-title=\"naomie-harris\" data-image-description=\"\" data-image-caption=\"&lt;p&gt;Naomi Harris&lt;\/p&gt;\n\" data-medium-file=\"https:\/\/i0.wp.com\/agrund.com\/wp-content\/uploads\/sites\/6\/2014\/01\/naomie-harris.jpg?fit=193%2C300&amp;ssl=1\" data-large-file=\"https:\/\/i0.wp.com\/agrund.com\/wp-content\/uploads\/sites\/6\/2014\/01\/naomie-harris.jpg?fit=550%2C853&amp;ssl=1\" decoding=\"async\" loading=\"lazy\" class=\"size-large wp-image-92736\" alt=\"Naomi Harris\" src=\"https:\/\/i0.wp.com\/www.agrund.com\/wp-content\/uploads\/sites\/6\/cache\/2014\/01\/naomie-harris\/2249050010.jpg?resize=550%2C853\" width=\"550\" height=\"853\" data-recalc-dims=\"1\" \/><\/a><p id=\"caption-attachment-92736\" class=\"wp-caption-text\">Naomi Harris<\/p><\/div>\n<p><strong>Nicki Hilton:<\/strong> Fora essa cara de 50 anos, Nicki est\u00e1 \u00f3tima. Adoro o vermelho com pedraria preta, apesar dos tons marcantes n\u00e3o pesou, muito pelo contr\u00e1rio. Nota 10 para o look, nota 0 pra cara.<\/p>\n<div id=\"attachment_92737\" style=\"width: 560px\" class=\"wp-caption aligncenter\"><a href=\"https:\/\/i0.wp.com\/www.agrund.com\/wp-content\/uploads\/sites\/6\/2014\/01\/nicki-hilton.jpg\"><img aria-describedby=\"caption-attachment-92737\" data-attachment-id=\"92737\" data-permalink=\"https:\/\/agrund.com\/index.php\/looks-por-ju-ali-12\/nicki-hilton\/\" data-orig-file=\"https:\/\/i0.wp.com\/agrund.com\/wp-content\/uploads\/sites\/6\/2014\/01\/nicki-hilton.jpg?fit=550%2C826&amp;ssl=1\" data-orig-size=\"550,826\" data-comments-opened=\"1\" data-image-meta=\"{&quot;aperture&quot;:&quot;0&quot;,&quot;credit&quot;:&quot;&quot;,&quot;camera&quot;:&quot;&quot;,&quot;caption&quot;:&quot;&quot;,&quot;created_timestamp&quot;:&quot;0&quot;,&quot;copyright&quot;:&quot;&quot;,&quot;focal_length&quot;:&quot;0&quot;,&quot;iso&quot;:&quot;0&quot;,&quot;shutter_speed&quot;:&quot;0&quot;,&quot;title&quot;:&quot;&quot;}\" data-image-title=\"nicki-hilton\" data-image-description=\"\" data-image-caption=\"&lt;p&gt;Nicki Hilton&lt;\/p&gt;\n\" data-medium-file=\"https:\/\/i0.wp.com\/agrund.com\/wp-content\/uploads\/sites\/6\/2014\/01\/nicki-hilton.jpg?fit=199%2C300&amp;ssl=1\" data-large-file=\"https:\/\/i0.wp.com\/agrund.com\/wp-content\/uploads\/sites\/6\/2014\/01\/nicki-hilton.jpg?fit=550%2C826&amp;ssl=1\" decoding=\"async\" loading=\"lazy\" class=\"size-large wp-image-92737\" alt=\"Nicki Hilton\" src=\"https:\/\/i0.wp.com\/www.agrund.com\/wp-content\/uploads\/sites\/6\/cache\/2014\/01\/nicki-hilton\/771801274.jpg?resize=550%2C826\" width=\"550\" height=\"826\" data-recalc-dims=\"1\" \/><\/a><p id=\"caption-attachment-92737\" class=\"wp-caption-text\">Nicki Hilton<\/p><\/div>\n<p><strong>Sandra Bullock:<\/strong> Adorei tudo: o mix de cores inesperado, a renda transpa no colo, os acess\u00f3rios nada&#8230; Muito bem, Sandra, voc\u00ea anda arrasando com a cara das menininhas.<\/p>\n<div id=\"attachment_92738\" style=\"width: 560px\" class=\"wp-caption aligncenter\"><a href=\"https:\/\/i0.wp.com\/www.agrund.com\/wp-content\/uploads\/sites\/6\/2014\/01\/sandra-bullock.jpg\"><img aria-describedby=\"caption-attachment-92738\" data-attachment-id=\"92738\" data-permalink=\"https:\/\/agrund.com\/index.php\/looks-por-ju-ali-12\/sandra-bullock-3\/\" data-orig-file=\"https:\/\/i0.wp.com\/agrund.com\/wp-content\/uploads\/sites\/6\/2014\/01\/sandra-bullock.jpg?fit=550%2C953&amp;ssl=1\" data-orig-size=\"550,953\" data-comments-opened=\"1\" data-image-meta=\"{&quot;aperture&quot;:&quot;0&quot;,&quot;credit&quot;:&quot;&quot;,&quot;camera&quot;:&quot;&quot;,&quot;caption&quot;:&quot;&quot;,&quot;created_timestamp&quot;:&quot;0&quot;,&quot;copyright&quot;:&quot;&quot;,&quot;focal_length&quot;:&quot;0&quot;,&quot;iso&quot;:&quot;0&quot;,&quot;shutter_speed&quot;:&quot;0&quot;,&quot;title&quot;:&quot;&quot;}\" data-image-title=\"sandra-bullock\" data-image-description=\"\" data-image-caption=\"&lt;p&gt;Sandra Bullock&lt;\/p&gt;\n\" data-medium-file=\"https:\/\/i0.wp.com\/agrund.com\/wp-content\/uploads\/sites\/6\/2014\/01\/sandra-bullock.jpg?fit=173%2C300&amp;ssl=1\" data-large-file=\"https:\/\/i0.wp.com\/agrund.com\/wp-content\/uploads\/sites\/6\/2014\/01\/sandra-bullock.jpg?fit=550%2C953&amp;ssl=1\" decoding=\"async\" loading=\"lazy\" class=\"size-large wp-image-92738\" alt=\"Sandra Bullock\" src=\"https:\/\/i0.wp.com\/www.agrund.com\/wp-content\/uploads\/sites\/6\/cache\/2014\/01\/sandra-bullock\/122476100.jpg?resize=550%2C953\" width=\"550\" height=\"953\" data-recalc-dims=\"1\" \/><\/a><p id=\"caption-attachment-92738\" class=\"wp-caption-text\">Sandra Bullock<\/p><\/div>\n<p>Imagens: Reprodu\u00e7\u00e3o.<\/p>\n","protected":false},"excerpt":{"rendered":"<p>Allison Williams: O look \u00e9 bonito. Mas n\u00e3o arrasou com a minha cara nem nada. falta alguma coisa&#8230; Talvez um cabelo, uma j\u00f3ia marcante&#8230; Talvez o melhor mesmo fosse tirar esses bordados esquisitos da parte de cima do vestido, viu&#8230; Amy Adams: Ai mas que pobre! Gosto do vestido e tudo, mas eu visualizo Amy [&hellip;]<\/p>\n","protected":false},"author":1,"featured_media":92739,"comment_status":"open","ping_status":"open","sticky":false,"template":"","format":"standard","meta":{"jetpack_post_was_ever_published":false,"_jetpack_newsletter_access":"","jetpack_publicize_message":"","jetpack_is_tweetstorm":false,"jetpack_publicize_feature_enabled":true,"jetpack_social_post_already_shared":true,"jetpack_social_options":{"image_generator_settings":{"template":"highway","enabled":false}}},"categories":[7,2],"tags":[],"jetpack_publicize_connections":[],"jetpack_featured_media_url":"https:\/\/i0.wp.com\/agrund.com\/wp-content\/uploads\/sites\/6\/2014\/01\/slide7.jpg?fit=960%2C321&ssl=1","jetpack_sharing_enabled":true,"jetpack_shortlink":"https:\/\/wp.me\/p3Hz0n-o7E","jetpack_likes_enabled":true,"_links":{"self":[{"href":"https:\/\/agrund.com\/index.php\/wp-json\/wp\/v2\/posts\/92730"}],"collection":[{"href":"https:\/\/agrund.com\/index.php\/wp-json\/wp\/v2\/posts"}],"about":[{"href":"https:\/\/agrund.com\/index.php\/wp-json\/wp\/v2\/types\/post"}],"author":[{"embeddable":true,"href":"https:\/\/agrund.com\/index.php\/wp-json\/wp\/v2\/users\/1"}],"replies":[{"embeddable":true,"href":"https:\/\/agrund.com\/index.php\/wp-json\/wp\/v2\/comments?post=92730"}],"version-history":[{"count":0,"href":"https:\/\/agrund.com\/index.php\/wp-json\/wp\/v2\/posts\/92730\/revisions"}],"wp:featuredmedia":[{"embeddable":true,"href":"https:\/\/agrund.com\/index.php\/wp-json\/wp\/v2\/media\/92739"}],"wp:attachment":[{"href":"https:\/\/agrund.com\/index.php\/wp-json\/wp\/v2\/media?parent=92730"}],"wp:term":[{"taxonomy":"category","embeddable":true,"href":"https:\/\/agrund.com\/index.php\/wp-json\/wp\/v2\/categories?post=92730"},{"taxonomy":"post_tag","embeddable":true,"href":"https:\/\/agrund.com\/index.php\/wp-json\/wp\/v2\/tags?post=92730"}],"curies":[{"name":"wp","href":"https:\/\/api.w.org\/{rel}","templated":true}]}}