{"id":92725,"date":"2014-01-08T19:00:38","date_gmt":"2014-01-08T21:00:38","guid":{"rendered":"http:\/\/www.agrund.com\/?p=92725"},"modified":"2014-01-08T17:08:50","modified_gmt":"2014-01-08T19:08:50","slug":"karl-lagerfeld-assina-decoracao-do-hotel-crillon","status":"publish","type":"post","link":"https:\/\/agrund.com\/index.php\/karl-lagerfeld-assina-decoracao-do-hotel-crillon\/","title":{"rendered":"Karl Lagerfeld assina decora\u00e7\u00e3o do H\u00f4tel Crillon"},"content":{"rendered":"<p>Que Karl Lagerfeld \u00e9 muito mais que um estilista todos j\u00e1 sabem, n\u00e3o \u00e9 mesmo? Pois agora ele foi convidado para assinar a decora\u00e7\u00e3o de duas luxuosas su\u00edtes do H\u00f4tel de Crillon, em Paris.<\/p>\n<p>Nenhum detalhe foi divulgado at\u00e9 o momento, apenas a confirmac\u00e3o de que a reinaugura\u00e7\u00e3o do hotel deve acontecer em 2015. Vamos aguardar!<\/p>\n<div id=\"attachment_92726\" style=\"width: 610px\" class=\"wp-caption aligncenter\"><a href=\"https:\/\/i0.wp.com\/www.agrund.com\/wp-content\/uploads\/sites\/6\/2014\/01\/karl-lagerfeld-assina-decoracao-do-hotel-crillon.jpg\"><img aria-describedby=\"caption-attachment-92726\" data-attachment-id=\"92726\" data-permalink=\"https:\/\/agrund.com\/index.php\/karl-lagerfeld-assina-decoracao-do-hotel-crillon\/karl-lagerfeld-assina-decoracao-do-hotel-crillon\/\" data-orig-file=\"https:\/\/i0.wp.com\/agrund.com\/wp-content\/uploads\/sites\/6\/2014\/01\/karl-lagerfeld-assina-decoracao-do-hotel-crillon.jpg?fit=600%2C400&amp;ssl=1\" data-orig-size=\"600,400\" data-comments-opened=\"1\" data-image-meta=\"{&quot;aperture&quot;:&quot;0&quot;,&quot;credit&quot;:&quot;&quot;,&quot;camera&quot;:&quot;&quot;,&quot;caption&quot;:&quot;&quot;,&quot;created_timestamp&quot;:&quot;0&quot;,&quot;copyright&quot;:&quot;&quot;,&quot;focal_length&quot;:&quot;0&quot;,&quot;iso&quot;:&quot;0&quot;,&quot;shutter_speed&quot;:&quot;0&quot;,&quot;title&quot;:&quot;&quot;}\" data-image-title=\"karl-lagerfeld-assina-decoracao-do-hotel-crillon\" data-image-description=\"\" data-image-caption=\"&lt;p&gt;Karl Lagerfeld assina decora\u00e7\u00e3o do H\u00f4tel Crillon&lt;\/p&gt;\n\" data-medium-file=\"https:\/\/i0.wp.com\/agrund.com\/wp-content\/uploads\/sites\/6\/2014\/01\/karl-lagerfeld-assina-decoracao-do-hotel-crillon.jpg?fit=300%2C200&amp;ssl=1\" data-large-file=\"https:\/\/i0.wp.com\/agrund.com\/wp-content\/uploads\/sites\/6\/2014\/01\/karl-lagerfeld-assina-decoracao-do-hotel-crillon.jpg?fit=600%2C400&amp;ssl=1\" decoding=\"async\" loading=\"lazy\" class=\"size-large wp-image-92726\" alt=\"Karl Lagerfeld assina decora\u00e7\u00e3o do H\u00f4tel Crillon\" src=\"https:\/\/i0.wp.com\/www.agrund.com\/wp-content\/uploads\/sites\/6\/cache\/2014\/01\/karl-lagerfeld-assina-decoracao-do-hotel-crillon\/2098967737.jpg?resize=600%2C400\" width=\"600\" height=\"400\" data-recalc-dims=\"1\" \/><\/a><p id=\"caption-attachment-92726\" class=\"wp-caption-text\">Karl Lagerfeld assina decora\u00e7\u00e3o do H\u00f4tel Crillon<\/p><\/div>\n<p>Imagens: Reprodu\u00e7\u00e3o.<\/p>\n","protected":false},"excerpt":{"rendered":"<p>Que Karl Lagerfeld \u00e9 muito mais que um estilista todos j\u00e1 sabem, n\u00e3o \u00e9 mesmo? Pois agora ele foi convidado para assinar a decora\u00e7\u00e3o de duas luxuosas su\u00edtes do H\u00f4tel de Crillon, em Paris. Nenhum detalhe foi divulgado at\u00e9 o momento, apenas a confirmac\u00e3o de que a reinaugura\u00e7\u00e3o do hotel deve acontecer em 2015. Vamos [&hellip;]<\/p>\n","protected":false},"author":1,"featured_media":92728,"comment_status":"open","ping_status":"open","sticky":false,"template":"","format":"standard","meta":{"jetpack_post_was_ever_published":false,"_jetpack_newsletter_access":"","jetpack_publicize_message":"","jetpack_is_tweetstorm":false,"jetpack_publicize_feature_enabled":true,"jetpack_social_post_already_shared":true,"jetpack_social_options":{"image_generator_settings":{"template":"highway","enabled":false}}},"categories":[2],"tags":[],"jetpack_publicize_connections":[],"jetpack_featured_media_url":"https:\/\/i0.wp.com\/agrund.com\/wp-content\/uploads\/sites\/6\/2014\/01\/slidekarl1.jpg?fit=960%2C300&ssl=1","jetpack_sharing_enabled":true,"jetpack_shortlink":"https:\/\/wp.me\/p3Hz0n-o7z","jetpack_likes_enabled":true,"_links":{"self":[{"href":"https:\/\/agrund.com\/index.php\/wp-json\/wp\/v2\/posts\/92725"}],"collection":[{"href":"https:\/\/agrund.com\/index.php\/wp-json\/wp\/v2\/posts"}],"about":[{"href":"https:\/\/agrund.com\/index.php\/wp-json\/wp\/v2\/types\/post"}],"author":[{"embeddable":true,"href":"https:\/\/agrund.com\/index.php\/wp-json\/wp\/v2\/users\/1"}],"replies":[{"embeddable":true,"href":"https:\/\/agrund.com\/index.php\/wp-json\/wp\/v2\/comments?post=92725"}],"version-history":[{"count":0,"href":"https:\/\/agrund.com\/index.php\/wp-json\/wp\/v2\/posts\/92725\/revisions"}],"wp:featuredmedia":[{"embeddable":true,"href":"https:\/\/agrund.com\/index.php\/wp-json\/wp\/v2\/media\/92728"}],"wp:attachment":[{"href":"https:\/\/agrund.com\/index.php\/wp-json\/wp\/v2\/media?parent=92725"}],"wp:term":[{"taxonomy":"category","embeddable":true,"href":"https:\/\/agrund.com\/index.php\/wp-json\/wp\/v2\/categories?post=92725"},{"taxonomy":"post_tag","embeddable":true,"href":"https:\/\/agrund.com\/index.php\/wp-json\/wp\/v2\/tags?post=92725"}],"curies":[{"name":"wp","href":"https:\/\/api.w.org\/{rel}","templated":true}]}}