{"id":92715,"date":"2014-01-09T10:00:56","date_gmt":"2014-01-09T12:00:56","guid":{"rendered":"http:\/\/www.agrund.com\/?p=92715"},"modified":"2014-01-08T16:56:25","modified_gmt":"2014-01-08T18:56:25","slug":"black-sabbath-assina-colecao-para-a-converse","status":"publish","type":"post","link":"https:\/\/agrund.com\/index.php\/black-sabbath-assina-colecao-para-a-converse\/","title":{"rendered":"Black Sabbath assina cole\u00e7\u00e3o para a Converse"},"content":{"rendered":"<p>A Converse se uniu aos mestres do rock Ozzy Osbourne, Tony Iommi e Geezer Butler para desenvolver uma cole\u00e7\u00e3o-c\u00e1psula em homenagem ao Black Sabbath.<br \/>\nO ic\u00f4nico modelo Chuck Taylor ganhou estampas inspiradas na capa dos \u00e1lbuns da banda como Paranoid, Never Say Die!, VOL. 4 e o hom\u00f4nimo Black Sabbath.<br \/>\nAinda n\u00e3o h\u00e1 data oficial para o lan\u00e7amento, mas voc\u00ea j\u00e1 pode conferir os modelos aqui:<\/p>\n<div id=\"attachment_92716\" style=\"width: 610px\" class=\"wp-caption aligncenter\"><a href=\"https:\/\/i0.wp.com\/www.agrund.com\/wp-content\/uploads\/sites\/6\/2014\/01\/black-sabbath-assina-colecao-para-a-converse-1.jpg\"><img aria-describedby=\"caption-attachment-92716\" data-attachment-id=\"92716\" data-permalink=\"https:\/\/agrund.com\/index.php\/black-sabbath-assina-colecao-para-a-converse\/black-sabbath-assina-colecao-para-a-converse-1\/\" data-orig-file=\"https:\/\/i0.wp.com\/agrund.com\/wp-content\/uploads\/sites\/6\/2014\/01\/black-sabbath-assina-colecao-para-a-converse-1.jpg?fit=600%2C400&amp;ssl=1\" data-orig-size=\"600,400\" data-comments-opened=\"1\" data-image-meta=\"{&quot;aperture&quot;:&quot;0&quot;,&quot;credit&quot;:&quot;&quot;,&quot;camera&quot;:&quot;&quot;,&quot;caption&quot;:&quot;&quot;,&quot;created_timestamp&quot;:&quot;0&quot;,&quot;copyright&quot;:&quot;&quot;,&quot;focal_length&quot;:&quot;0&quot;,&quot;iso&quot;:&quot;0&quot;,&quot;shutter_speed&quot;:&quot;0&quot;,&quot;title&quot;:&quot;&quot;}\" data-image-title=\"black-sabbath-assina-colecao-para-a-converse (1)\" data-image-description=\"\" data-image-caption=\"&lt;p&gt;Black Sabbath assina cole\u00e7\u00e3o para a Converse&lt;\/p&gt;\n\" data-medium-file=\"https:\/\/i0.wp.com\/agrund.com\/wp-content\/uploads\/sites\/6\/2014\/01\/black-sabbath-assina-colecao-para-a-converse-1.jpg?fit=300%2C200&amp;ssl=1\" data-large-file=\"https:\/\/i0.wp.com\/agrund.com\/wp-content\/uploads\/sites\/6\/2014\/01\/black-sabbath-assina-colecao-para-a-converse-1.jpg?fit=600%2C400&amp;ssl=1\" decoding=\"async\" loading=\"lazy\" class=\"size-large wp-image-92716\" alt=\"Black Sabbath assina cole\u00e7\u00e3o para a Converse\" src=\"https:\/\/i0.wp.com\/www.agrund.com\/wp-content\/uploads\/sites\/6\/cache\/2014\/01\/black-sabbath-assina-colecao-para-a-converse-1\/2577075116.jpg?resize=600%2C400\" width=\"600\" height=\"400\" data-recalc-dims=\"1\" \/><\/a><p id=\"caption-attachment-92716\" class=\"wp-caption-text\">Black Sabbath assina cole\u00e7\u00e3o para a Converse<\/p><\/div>\n<div id=\"attachment_92717\" style=\"width: 610px\" class=\"wp-caption aligncenter\"><a href=\"https:\/\/i0.wp.com\/www.agrund.com\/wp-content\/uploads\/sites\/6\/2014\/01\/black-sabbath-assina-colecao-para-a-converse-2.jpg\"><img aria-describedby=\"caption-attachment-92717\" data-attachment-id=\"92717\" data-permalink=\"https:\/\/agrund.com\/index.php\/black-sabbath-assina-colecao-para-a-converse\/black-sabbath-assina-colecao-para-a-converse-2\/\" data-orig-file=\"https:\/\/i0.wp.com\/agrund.com\/wp-content\/uploads\/sites\/6\/2014\/01\/black-sabbath-assina-colecao-para-a-converse-2.jpg?fit=600%2C400&amp;ssl=1\" data-orig-size=\"600,400\" data-comments-opened=\"1\" data-image-meta=\"{&quot;aperture&quot;:&quot;0&quot;,&quot;credit&quot;:&quot;&quot;,&quot;camera&quot;:&quot;&quot;,&quot;caption&quot;:&quot;&quot;,&quot;created_timestamp&quot;:&quot;0&quot;,&quot;copyright&quot;:&quot;&quot;,&quot;focal_length&quot;:&quot;0&quot;,&quot;iso&quot;:&quot;0&quot;,&quot;shutter_speed&quot;:&quot;0&quot;,&quot;title&quot;:&quot;&quot;}\" data-image-title=\"black-sabbath-assina-colecao-para-a-converse (2)\" data-image-description=\"\" data-image-caption=\"&lt;p&gt;Black Sabbath assina cole\u00e7\u00e3o para a Converse&lt;\/p&gt;\n\" data-medium-file=\"https:\/\/i0.wp.com\/agrund.com\/wp-content\/uploads\/sites\/6\/2014\/01\/black-sabbath-assina-colecao-para-a-converse-2.jpg?fit=300%2C200&amp;ssl=1\" data-large-file=\"https:\/\/i0.wp.com\/agrund.com\/wp-content\/uploads\/sites\/6\/2014\/01\/black-sabbath-assina-colecao-para-a-converse-2.jpg?fit=600%2C400&amp;ssl=1\" decoding=\"async\" loading=\"lazy\" class=\"size-large wp-image-92717\" alt=\"Black Sabbath assina cole\u00e7\u00e3o para a Converse\" src=\"https:\/\/i0.wp.com\/www.agrund.com\/wp-content\/uploads\/sites\/6\/cache\/2014\/01\/black-sabbath-assina-colecao-para-a-converse-2\/387189839.jpg?resize=600%2C400\" width=\"600\" height=\"400\" data-recalc-dims=\"1\" \/><\/a><p id=\"caption-attachment-92717\" class=\"wp-caption-text\">Black Sabbath assina cole\u00e7\u00e3o para a Converse<\/p><\/div>\n<div id=\"attachment_92718\" style=\"width: 610px\" class=\"wp-caption aligncenter\"><a href=\"https:\/\/i0.wp.com\/www.agrund.com\/wp-content\/uploads\/sites\/6\/2014\/01\/black-sabbath-assina-colecao-para-a-converse-3.jpg\"><img aria-describedby=\"caption-attachment-92718\" data-attachment-id=\"92718\" data-permalink=\"https:\/\/agrund.com\/index.php\/black-sabbath-assina-colecao-para-a-converse\/black-sabbath-assina-colecao-para-a-converse-3\/\" data-orig-file=\"https:\/\/i0.wp.com\/agrund.com\/wp-content\/uploads\/sites\/6\/2014\/01\/black-sabbath-assina-colecao-para-a-converse-3.jpg?fit=600%2C400&amp;ssl=1\" data-orig-size=\"600,400\" data-comments-opened=\"1\" data-image-meta=\"{&quot;aperture&quot;:&quot;0&quot;,&quot;credit&quot;:&quot;&quot;,&quot;camera&quot;:&quot;&quot;,&quot;caption&quot;:&quot;&quot;,&quot;created_timestamp&quot;:&quot;0&quot;,&quot;copyright&quot;:&quot;&quot;,&quot;focal_length&quot;:&quot;0&quot;,&quot;iso&quot;:&quot;0&quot;,&quot;shutter_speed&quot;:&quot;0&quot;,&quot;title&quot;:&quot;&quot;}\" data-image-title=\"black-sabbath-assina-colecao-para-a-converse (3)\" data-image-description=\"\" data-image-caption=\"&lt;p&gt;Black Sabbath assina cole\u00e7\u00e3o para a Converse&lt;\/p&gt;\n\" data-medium-file=\"https:\/\/i0.wp.com\/agrund.com\/wp-content\/uploads\/sites\/6\/2014\/01\/black-sabbath-assina-colecao-para-a-converse-3.jpg?fit=300%2C200&amp;ssl=1\" data-large-file=\"https:\/\/i0.wp.com\/agrund.com\/wp-content\/uploads\/sites\/6\/2014\/01\/black-sabbath-assina-colecao-para-a-converse-3.jpg?fit=600%2C400&amp;ssl=1\" decoding=\"async\" loading=\"lazy\" class=\"size-large wp-image-92718\" alt=\"Black Sabbath assina cole\u00e7\u00e3o para a Converse\" src=\"https:\/\/i0.wp.com\/www.agrund.com\/wp-content\/uploads\/sites\/6\/cache\/2014\/01\/black-sabbath-assina-colecao-para-a-converse-3\/3686665425.jpg?resize=600%2C400\" width=\"600\" height=\"400\" data-recalc-dims=\"1\" \/><\/a><p id=\"caption-attachment-92718\" class=\"wp-caption-text\">Black Sabbath assina cole\u00e7\u00e3o para a Converse<\/p><\/div>\n<div id=\"attachment_92719\" style=\"width: 610px\" class=\"wp-caption aligncenter\"><a href=\"https:\/\/i0.wp.com\/www.agrund.com\/wp-content\/uploads\/sites\/6\/2014\/01\/black-sabbath-assina-colecao-para-a-converse-4.jpg\"><img aria-describedby=\"caption-attachment-92719\" data-attachment-id=\"92719\" data-permalink=\"https:\/\/agrund.com\/index.php\/black-sabbath-assina-colecao-para-a-converse\/black-sabbath-assina-colecao-para-a-converse-4\/\" data-orig-file=\"https:\/\/i0.wp.com\/agrund.com\/wp-content\/uploads\/sites\/6\/2014\/01\/black-sabbath-assina-colecao-para-a-converse-4.jpg?fit=600%2C400&amp;ssl=1\" data-orig-size=\"600,400\" data-comments-opened=\"1\" data-image-meta=\"{&quot;aperture&quot;:&quot;0&quot;,&quot;credit&quot;:&quot;&quot;,&quot;camera&quot;:&quot;&quot;,&quot;caption&quot;:&quot;&quot;,&quot;created_timestamp&quot;:&quot;0&quot;,&quot;copyright&quot;:&quot;&quot;,&quot;focal_length&quot;:&quot;0&quot;,&quot;iso&quot;:&quot;0&quot;,&quot;shutter_speed&quot;:&quot;0&quot;,&quot;title&quot;:&quot;&quot;}\" data-image-title=\"black-sabbath-assina-colecao-para-a-converse (4)\" data-image-description=\"\" data-image-caption=\"&lt;p&gt;Black Sabbath assina cole\u00e7\u00e3o para a Converse&lt;\/p&gt;\n\" data-medium-file=\"https:\/\/i0.wp.com\/agrund.com\/wp-content\/uploads\/sites\/6\/2014\/01\/black-sabbath-assina-colecao-para-a-converse-4.jpg?fit=300%2C200&amp;ssl=1\" data-large-file=\"https:\/\/i0.wp.com\/agrund.com\/wp-content\/uploads\/sites\/6\/2014\/01\/black-sabbath-assina-colecao-para-a-converse-4.jpg?fit=600%2C400&amp;ssl=1\" decoding=\"async\" loading=\"lazy\" class=\"size-large wp-image-92719\" alt=\"Black Sabbath assina cole\u00e7\u00e3o para a Converse\" src=\"https:\/\/i0.wp.com\/www.agrund.com\/wp-content\/uploads\/sites\/6\/cache\/2014\/01\/black-sabbath-assina-colecao-para-a-converse-4\/3514500552.jpg?resize=600%2C400\" width=\"600\" height=\"400\" data-recalc-dims=\"1\" \/><\/a><p id=\"caption-attachment-92719\" class=\"wp-caption-text\">Black Sabbath assina cole\u00e7\u00e3o para a Converse<\/p><\/div>\n<div id=\"attachment_92720\" style=\"width: 610px\" class=\"wp-caption aligncenter\"><a href=\"https:\/\/i0.wp.com\/www.agrund.com\/wp-content\/uploads\/sites\/6\/2014\/01\/black-sabbath-assina-colecao-para-a-converse-5.jpg\"><img aria-describedby=\"caption-attachment-92720\" data-attachment-id=\"92720\" data-permalink=\"https:\/\/agrund.com\/index.php\/black-sabbath-assina-colecao-para-a-converse\/black-sabbath-assina-colecao-para-a-converse-5\/\" data-orig-file=\"https:\/\/i0.wp.com\/agrund.com\/wp-content\/uploads\/sites\/6\/2014\/01\/black-sabbath-assina-colecao-para-a-converse-5.jpg?fit=600%2C400&amp;ssl=1\" data-orig-size=\"600,400\" data-comments-opened=\"1\" data-image-meta=\"{&quot;aperture&quot;:&quot;0&quot;,&quot;credit&quot;:&quot;&quot;,&quot;camera&quot;:&quot;&quot;,&quot;caption&quot;:&quot;&quot;,&quot;created_timestamp&quot;:&quot;0&quot;,&quot;copyright&quot;:&quot;&quot;,&quot;focal_length&quot;:&quot;0&quot;,&quot;iso&quot;:&quot;0&quot;,&quot;shutter_speed&quot;:&quot;0&quot;,&quot;title&quot;:&quot;&quot;}\" data-image-title=\"black-sabbath-assina-colecao-para-a-converse (5)\" data-image-description=\"\" data-image-caption=\"&lt;p&gt;Black Sabbath assina cole\u00e7\u00e3o para a Converse&lt;\/p&gt;\n\" data-medium-file=\"https:\/\/i0.wp.com\/agrund.com\/wp-content\/uploads\/sites\/6\/2014\/01\/black-sabbath-assina-colecao-para-a-converse-5.jpg?fit=300%2C200&amp;ssl=1\" data-large-file=\"https:\/\/i0.wp.com\/agrund.com\/wp-content\/uploads\/sites\/6\/2014\/01\/black-sabbath-assina-colecao-para-a-converse-5.jpg?fit=600%2C400&amp;ssl=1\" decoding=\"async\" loading=\"lazy\" class=\"size-large wp-image-92720\" alt=\"Black Sabbath assina cole\u00e7\u00e3o para a Converse\" src=\"https:\/\/i0.wp.com\/www.agrund.com\/wp-content\/uploads\/sites\/6\/cache\/2014\/01\/black-sabbath-assina-colecao-para-a-converse-5\/500237654.jpg?resize=600%2C400\" width=\"600\" height=\"400\" data-recalc-dims=\"1\" \/><\/a><p id=\"caption-attachment-92720\" class=\"wp-caption-text\">Black Sabbath assina cole\u00e7\u00e3o para a Converse<\/p><\/div>\n<p>Imagens: Reprodu\u00e7\u00e3o.<\/p>\n","protected":false},"excerpt":{"rendered":"<p>A Converse se uniu aos mestres do rock Ozzy Osbourne, Tony Iommi e Geezer Butler para desenvolver uma cole\u00e7\u00e3o-c\u00e1psula em homenagem ao Black Sabbath. O ic\u00f4nico modelo Chuck Taylor ganhou estampas inspiradas na capa dos \u00e1lbuns da banda como Paranoid, Never Say Die!, VOL. 4 e o hom\u00f4nimo Black Sabbath. Ainda n\u00e3o h\u00e1 data oficial [&hellip;]<\/p>\n","protected":false},"author":1,"featured_media":92721,"comment_status":"open","ping_status":"open","sticky":false,"template":"","format":"standard","meta":{"jetpack_post_was_ever_published":false,"_jetpack_newsletter_access":"","jetpack_publicize_message":"","jetpack_is_tweetstorm":false,"jetpack_publicize_feature_enabled":true,"jetpack_social_post_already_shared":true,"jetpack_social_options":{"image_generator_settings":{"template":"highway","enabled":false}}},"categories":[2],"tags":[],"jetpack_publicize_connections":[],"jetpack_featured_media_url":"https:\/\/i0.wp.com\/agrund.com\/wp-content\/uploads\/sites\/6\/2014\/01\/slide51.jpg?fit=960%2C300&ssl=1","jetpack_sharing_enabled":true,"jetpack_shortlink":"https:\/\/wp.me\/p3Hz0n-o7p","jetpack_likes_enabled":true,"_links":{"self":[{"href":"https:\/\/agrund.com\/index.php\/wp-json\/wp\/v2\/posts\/92715"}],"collection":[{"href":"https:\/\/agrund.com\/index.php\/wp-json\/wp\/v2\/posts"}],"about":[{"href":"https:\/\/agrund.com\/index.php\/wp-json\/wp\/v2\/types\/post"}],"author":[{"embeddable":true,"href":"https:\/\/agrund.com\/index.php\/wp-json\/wp\/v2\/users\/1"}],"replies":[{"embeddable":true,"href":"https:\/\/agrund.com\/index.php\/wp-json\/wp\/v2\/comments?post=92715"}],"version-history":[{"count":0,"href":"https:\/\/agrund.com\/index.php\/wp-json\/wp\/v2\/posts\/92715\/revisions"}],"wp:featuredmedia":[{"embeddable":true,"href":"https:\/\/agrund.com\/index.php\/wp-json\/wp\/v2\/media\/92721"}],"wp:attachment":[{"href":"https:\/\/agrund.com\/index.php\/wp-json\/wp\/v2\/media?parent=92715"}],"wp:term":[{"taxonomy":"category","embeddable":true,"href":"https:\/\/agrund.com\/index.php\/wp-json\/wp\/v2\/categories?post=92715"},{"taxonomy":"post_tag","embeddable":true,"href":"https:\/\/agrund.com\/index.php\/wp-json\/wp\/v2\/tags?post=92715"}],"curies":[{"name":"wp","href":"https:\/\/api.w.org\/{rel}","templated":true}]}}