{"id":92702,"date":"2014-01-08T16:00:14","date_gmt":"2014-01-08T18:00:14","guid":{"rendered":"http:\/\/www.agrund.com\/?p=92702"},"modified":"2014-01-08T15:19:55","modified_gmt":"2014-01-08T17:19:55","slug":"sarah-jessica-parker-nao-segue-regras-no-mundo-da-moda","status":"publish","type":"post","link":"https:\/\/agrund.com\/index.php\/sarah-jessica-parker-nao-segue-regras-no-mundo-da-moda\/","title":{"rendered":"Sarah Jessica Parker n\u00e3o segue regras no mundo da  moda"},"content":{"rendered":"<p>A atriz Sarah Jessica Parker insiste que ela n\u00e3o se preocupa com as pessoas que classificaram suas roupas como um &#8220;desastre&#8221;, pois ela n\u00e3o se preocupa nem um pouco com o mundo fashion.<br \/>\nEla disse: &#8220;Eu acho que classificar isso como certo ou errado n\u00e3o existe para mim, pois eu estou sempre procurando por novas combina\u00e7\u00f5es e experi\u00eancias. Eu n\u00e3o estou me preocupando com regras. Eu adoro fantasias, amores e cores&#8230; e pra isso n\u00e3o h\u00e1 regras. Ent\u00e3o voc\u00ea escolhe um vestido e as pessoas acham que \u00e9 um desastre. No fim das contas, quem se importa?&#8221;<\/p>\n<p>Desde que interpretou o papel de Carrie Bradshaw em &#8216;Sex and the City&#8217;, a atriz tornou-se conhecida pelo seu estilo moderno dentro e fora das telas, mas ela admitiu agora que n\u00e3o \u00e9 t\u00e3o obcecada por roupas como as pessoas pensam.<br \/>\nEla disse ao jornal &#8216;Daily Express&#8217;: &#8220;Eu nunca me arrumo tanto assim. Nos dias de hoje, eu tenho sorte se saio para casa de um amigo. Meus dias s\u00e3o gastos na fun\u00e7\u00e3o de m\u00e3e, o que exige um guarda-roupa totalmente diferente. Apesar de eu apreciar belas roupas, eu n\u00e3o sou t\u00e3o interessada em moda como as pessoas esperam que eu seja.&#8221;<br \/>\nA estrela de 48 anos, que tem o filho James, 11 anos, e as filhas g\u00eameas Marion e Tabitha, de 3, com o marido Matthew Broderick, recentemente fez uma parceria com a rede varejista Nordstrom EUA para lan\u00e7ar sua cole\u00e7\u00e3o de sapatos, a SJP, e reafirmou que todos os modelos foram desenhados baseados no que ela usa no seu dia-dia.<br \/>\nEm declara\u00e7\u00f5es \u00e0 nova edi\u00e7\u00e3o da revista americana InStyle ela disse: &#8220;Se eu vou pedir \u00e0s pessoas para gastarem os seus suados d\u00f3lares, \u00e9 melhor eu fazer sapatos que eu quero vestir. Meu sonho real era uma linha menor, meu nome constru\u00eddo na Europa, e sempre a um pre\u00e7o razo\u00e1vel&#8221;.<\/p>\n<div id=\"attachment_92703\" style=\"width: 501px\" class=\"wp-caption aligncenter\"><a href=\"https:\/\/i0.wp.com\/www.agrund.com\/wp-content\/uploads\/sites\/6\/2014\/01\/sarah-jessica-parker-nao-segue-regras-no-mundo-da-moda.jpg\"><img aria-describedby=\"caption-attachment-92703\" data-attachment-id=\"92703\" data-permalink=\"https:\/\/agrund.com\/index.php\/sarah-jessica-parker-nao-segue-regras-no-mundo-da-moda\/lexus-design-disrupted-fashion-event-arrivals\/\" data-orig-file=\"https:\/\/i0.wp.com\/agrund.com\/wp-content\/uploads\/sites\/6\/2014\/01\/sarah-jessica-parker-nao-segue-regras-no-mundo-da-moda.jpg?fit=900%2C1500&amp;ssl=1\" data-orig-size=\"900,1500\" data-comments-opened=\"1\" data-image-meta=\"{&quot;aperture&quot;:&quot;6.3&quot;,&quot;credit&quot;:&quot;Taylor Hill&quot;,&quot;camera&quot;:&quot;Canon EOS 5D Mark II&quot;,&quot;caption&quot;:&quot;NEW YORK, NY - SEPTEMBER 05: Sarah Jessica Parker attends the Lexus Design Disrupted Fashion Event at SIR Stage 37 on September 5, 2013 in New York City. (Photo by Taylor Hill\\\/Getty Images)&quot;,&quot;created_timestamp&quot;:&quot;1378339200&quot;,&quot;copyright&quot;:&quot;2013 Getty Images&quot;,&quot;focal_length&quot;:&quot;45&quot;,&quot;iso&quot;:&quot;1000&quot;,&quot;shutter_speed&quot;:&quot;0.005&quot;,&quot;title&quot;:&quot;Lexus Design Disrupted Fashion Event - Arrivals&quot;}\" data-image-title=\"Sarah Jessica Parker n\u00e3o segue regras no mundo da  moda \" data-image-description=\"&lt;p&gt;Sarah Jessica Parker n\u00e3o segue regras no mundo da  moda &lt;\/p&gt;\n\" data-image-caption=\"&lt;p&gt;Sarah Jessica Parker n\u00e3o segue regras no mundo da  moda &lt;\/p&gt;\n\" data-medium-file=\"https:\/\/i0.wp.com\/agrund.com\/wp-content\/uploads\/sites\/6\/2014\/01\/sarah-jessica-parker-nao-segue-regras-no-mundo-da-moda.jpg?fit=180%2C300&amp;ssl=1\" data-large-file=\"https:\/\/i0.wp.com\/agrund.com\/wp-content\/uploads\/sites\/6\/2014\/01\/sarah-jessica-parker-nao-segue-regras-no-mundo-da-moda.jpg?fit=614%2C1024&amp;ssl=1\" decoding=\"async\" loading=\"lazy\" class=\" wp-image-92703 \" alt=\"Sarah Jessica Parker n\u00e3o segue regras no mundo da  moda \" src=\"https:\/\/i0.wp.com\/www.agrund.com\/wp-content\/uploads\/sites\/6\/cache\/2014\/01\/sarah-jessica-parker-nao-segue-regras-no-mundo-da-moda\/4164034055.jpg?resize=491%2C819\" width=\"491\" height=\"819\" data-recalc-dims=\"1\" \/><\/a><p id=\"caption-attachment-92703\" class=\"wp-caption-text\">Sarah Jessica Parker n\u00e3o segue regras no mundo da moda<\/p><\/div>\n<p>Imagem: Reprodu\u00e7\u00e3o.<\/p>\n","protected":false},"excerpt":{"rendered":"<p>A atriz Sarah Jessica Parker insiste que ela n\u00e3o se preocupa com as pessoas que classificaram suas roupas como um &#8220;desastre&#8221;, pois ela n\u00e3o se preocupa nem um pouco com o mundo fashion. Ela disse: &#8220;Eu acho que classificar isso como certo ou errado n\u00e3o existe para mim, pois eu estou sempre procurando por novas [&hellip;]<\/p>\n","protected":false},"author":1,"featured_media":92704,"comment_status":"open","ping_status":"open","sticky":false,"template":"","format":"standard","meta":{"jetpack_post_was_ever_published":false,"_jetpack_newsletter_access":"","jetpack_publicize_message":"","jetpack_is_tweetstorm":false,"jetpack_publicize_feature_enabled":true,"jetpack_social_post_already_shared":true,"jetpack_social_options":{"image_generator_settings":{"template":"highway","enabled":false}}},"categories":[2],"tags":[],"jetpack_publicize_connections":[],"jetpack_featured_media_url":"https:\/\/i0.wp.com\/agrund.com\/wp-content\/uploads\/sites\/6\/2014\/01\/slide26.jpg?fit=960%2C300&ssl=1","jetpack_sharing_enabled":true,"jetpack_shortlink":"https:\/\/wp.me\/p3Hz0n-o7c","jetpack_likes_enabled":true,"_links":{"self":[{"href":"https:\/\/agrund.com\/index.php\/wp-json\/wp\/v2\/posts\/92702"}],"collection":[{"href":"https:\/\/agrund.com\/index.php\/wp-json\/wp\/v2\/posts"}],"about":[{"href":"https:\/\/agrund.com\/index.php\/wp-json\/wp\/v2\/types\/post"}],"author":[{"embeddable":true,"href":"https:\/\/agrund.com\/index.php\/wp-json\/wp\/v2\/users\/1"}],"replies":[{"embeddable":true,"href":"https:\/\/agrund.com\/index.php\/wp-json\/wp\/v2\/comments?post=92702"}],"version-history":[{"count":0,"href":"https:\/\/agrund.com\/index.php\/wp-json\/wp\/v2\/posts\/92702\/revisions"}],"wp:featuredmedia":[{"embeddable":true,"href":"https:\/\/agrund.com\/index.php\/wp-json\/wp\/v2\/media\/92704"}],"wp:attachment":[{"href":"https:\/\/agrund.com\/index.php\/wp-json\/wp\/v2\/media?parent=92702"}],"wp:term":[{"taxonomy":"category","embeddable":true,"href":"https:\/\/agrund.com\/index.php\/wp-json\/wp\/v2\/categories?post=92702"},{"taxonomy":"post_tag","embeddable":true,"href":"https:\/\/agrund.com\/index.php\/wp-json\/wp\/v2\/tags?post=92702"}],"curies":[{"name":"wp","href":"https:\/\/api.w.org\/{rel}","templated":true}]}}