{"id":92697,"date":"2014-01-08T15:00:13","date_gmt":"2014-01-08T17:00:13","guid":{"rendered":"http:\/\/www.agrund.com\/?p=92697"},"modified":"2014-01-08T14:43:22","modified_gmt":"2014-01-08T16:43:22","slug":"mango-divulga-making-of-de-sua-campanha-verao-2014","status":"publish","type":"post","link":"https:\/\/agrund.com\/index.php\/mango-divulga-making-of-de-sua-campanha-verao-2014\/","title":{"rendered":"Mango divulga making of de sua campanha ver\u00e3o 2014"},"content":{"rendered":"<p>As campanhas internacionais para primavera\/ver\u00e3o 2014 j\u00e1 est\u00e3o a todo vapor e agora foi a vez da Mango divulgar um teaser do que est\u00e1 por vir.<br \/>\nNo making of divulgado podemos ver os detalhes do ensaio fotogr\u00e1fico que foi estrelado por Daria Werbowy nas Ilhas Can\u00e1rias. Aperte o play:<\/p>\n<p><span class=\"embed-youtube\" style=\"text-align:center; display: block;\"><iframe loading=\"lazy\" class=\"youtube-player\" width=\"640\" height=\"360\" src=\"https:\/\/www.youtube.com\/embed\/IGavRfoxqBg?version=3&#038;rel=1&#038;showsearch=0&#038;showinfo=1&#038;iv_load_policy=1&#038;fs=1&#038;hl=pt-BR&#038;autohide=2&#038;wmode=transparent\" allowfullscreen=\"true\" style=\"border:0;\" sandbox=\"allow-scripts allow-same-origin allow-popups allow-presentation\"><\/iframe><\/span><\/p>\n<p>&nbsp;<\/p>\n<div id=\"attachment_92698\" style=\"width: 510px\" class=\"wp-caption aligncenter\"><a href=\"https:\/\/i0.wp.com\/www.agrund.com\/wp-content\/uploads\/sites\/6\/2014\/01\/mango-divulga-making-of-de-sua-campanha-verao-2014.png\"><img aria-describedby=\"caption-attachment-92698\" data-attachment-id=\"92698\" data-permalink=\"https:\/\/agrund.com\/index.php\/mango-divulga-making-of-de-sua-campanha-verao-2014\/mango-divulga-making-of-de-sua-campanha-verao-2014\/\" data-orig-file=\"https:\/\/i0.wp.com\/agrund.com\/wp-content\/uploads\/sites\/6\/2014\/01\/mango-divulga-making-of-de-sua-campanha-verao-2014.png?fit=793%2C1024&amp;ssl=1\" data-orig-size=\"793,1024\" data-comments-opened=\"1\" data-image-meta=\"{&quot;aperture&quot;:&quot;0&quot;,&quot;credit&quot;:&quot;&quot;,&quot;camera&quot;:&quot;&quot;,&quot;caption&quot;:&quot;&quot;,&quot;created_timestamp&quot;:&quot;0&quot;,&quot;copyright&quot;:&quot;&quot;,&quot;focal_length&quot;:&quot;0&quot;,&quot;iso&quot;:&quot;0&quot;,&quot;shutter_speed&quot;:&quot;0&quot;,&quot;title&quot;:&quot;&quot;}\" data-image-title=\"mango-divulga-making-of-de-sua-campanha-verao-2014\" data-image-description=\"\" data-image-caption=\"&lt;p&gt;Mango divulga making of de sua campanha ver\u00e3o 2014&lt;\/p&gt;\n\" data-medium-file=\"https:\/\/i0.wp.com\/agrund.com\/wp-content\/uploads\/sites\/6\/2014\/01\/mango-divulga-making-of-de-sua-campanha-verao-2014.png?fit=232%2C300&amp;ssl=1\" data-large-file=\"https:\/\/i0.wp.com\/agrund.com\/wp-content\/uploads\/sites\/6\/2014\/01\/mango-divulga-making-of-de-sua-campanha-verao-2014.png?fit=793%2C1024&amp;ssl=1\" decoding=\"async\" loading=\"lazy\" class=\" wp-image-92698  \" alt=\"Mango divulga making of de sua campanha ver\u00e3o 2014\" src=\"https:\/\/i0.wp.com\/www.agrund.com\/wp-content\/uploads\/sites\/6\/cache\/2014\/01\/mango-divulga-making-of-de-sua-campanha-verao-2014\/3065671811.png?resize=500%2C645\" width=\"500\" height=\"645\" data-recalc-dims=\"1\" \/><\/a><p id=\"caption-attachment-92698\" class=\"wp-caption-text\">Mango divulga making of de sua campanha ver\u00e3o 2014<\/p><\/div>\n<p>Imagem e V\u00eddeo: Reprodu\u00e7\u00e3o.<\/p>\n","protected":false},"excerpt":{"rendered":"<p>As campanhas internacionais para primavera\/ver\u00e3o 2014 j\u00e1 est\u00e3o a todo vapor e agora foi a vez da Mango divulgar um teaser do que est\u00e1 por vir. No making of divulgado podemos ver os detalhes do ensaio fotogr\u00e1fico que foi estrelado por Daria Werbowy nas Ilhas Can\u00e1rias. Aperte o play: &nbsp; Imagem e V\u00eddeo: Reprodu\u00e7\u00e3o.<\/p>\n","protected":false},"author":1,"featured_media":92699,"comment_status":"open","ping_status":"open","sticky":false,"template":"","format":"standard","meta":{"jetpack_post_was_ever_published":false,"_jetpack_newsletter_access":"","jetpack_publicize_message":"","jetpack_is_tweetstorm":false,"jetpack_publicize_feature_enabled":true,"jetpack_social_post_already_shared":true,"jetpack_social_options":{"image_generator_settings":{"template":"highway","enabled":false}}},"categories":[2],"tags":[],"jetpack_publicize_connections":[],"jetpack_featured_media_url":"https:\/\/i0.wp.com\/agrund.com\/wp-content\/uploads\/sites\/6\/2014\/01\/slide15.jpg?fit=960%2C300&ssl=1","jetpack_sharing_enabled":true,"jetpack_shortlink":"https:\/\/wp.me\/p3Hz0n-o77","jetpack_likes_enabled":true,"_links":{"self":[{"href":"https:\/\/agrund.com\/index.php\/wp-json\/wp\/v2\/posts\/92697"}],"collection":[{"href":"https:\/\/agrund.com\/index.php\/wp-json\/wp\/v2\/posts"}],"about":[{"href":"https:\/\/agrund.com\/index.php\/wp-json\/wp\/v2\/types\/post"}],"author":[{"embeddable":true,"href":"https:\/\/agrund.com\/index.php\/wp-json\/wp\/v2\/users\/1"}],"replies":[{"embeddable":true,"href":"https:\/\/agrund.com\/index.php\/wp-json\/wp\/v2\/comments?post=92697"}],"version-history":[{"count":0,"href":"https:\/\/agrund.com\/index.php\/wp-json\/wp\/v2\/posts\/92697\/revisions"}],"wp:featuredmedia":[{"embeddable":true,"href":"https:\/\/agrund.com\/index.php\/wp-json\/wp\/v2\/media\/92699"}],"wp:attachment":[{"href":"https:\/\/agrund.com\/index.php\/wp-json\/wp\/v2\/media?parent=92697"}],"wp:term":[{"taxonomy":"category","embeddable":true,"href":"https:\/\/agrund.com\/index.php\/wp-json\/wp\/v2\/categories?post=92697"},{"taxonomy":"post_tag","embeddable":true,"href":"https:\/\/agrund.com\/index.php\/wp-json\/wp\/v2\/tags?post=92697"}],"curies":[{"name":"wp","href":"https:\/\/api.w.org\/{rel}","templated":true}]}}