{"id":92672,"date":"2014-01-08T10:00:05","date_gmt":"2014-01-08T12:00:05","guid":{"rendered":"http:\/\/www.agrund.com\/?p=92672"},"modified":"2014-01-08T08:41:53","modified_gmt":"2014-01-08T10:41:53","slug":"esmaltes-da-essie-chegam-ao-brasil","status":"publish","type":"post","link":"https:\/\/agrund.com\/index.php\/esmaltes-da-essie-chegam-ao-brasil\/","title":{"rendered":"Esmaltes da Essie chegam ao Brasil"},"content":{"rendered":"<p>Se voc\u00ea ama esmalte, aten\u00e7\u00e3o porque a Essie est\u00e1 desembarcando no Brasil! A partir deste m\u00eas de janeiro voc\u00ea poder\u00e1 encontrar os ic\u00f4nicos vidrinhos da marca nos sal\u00f5es espalhados pelo nosso pa\u00eds.<\/p>\n<p>A Essie \u00e9 uma marca dos Estados Unidos que j\u00e1 tem 30 anos e mais de 300 tons diferentes! Um verdadeiro imp\u00e9rio do esmalte. Gostou da novidade?<\/p>\n<div id=\"attachment_92673\" style=\"width: 506px\" class=\"wp-caption aligncenter\"><a href=\"https:\/\/i0.wp.com\/www.agrund.com\/wp-content\/uploads\/sites\/6\/2014\/01\/esmaltes-da-essie-chegam-ao-brasil.jpg\"><img aria-describedby=\"caption-attachment-92673\" data-attachment-id=\"92673\" data-permalink=\"https:\/\/agrund.com\/index.php\/esmaltes-da-essie-chegam-ao-brasil\/esmaltes-da-essie-chegam-ao-brasil\/\" data-orig-file=\"https:\/\/i0.wp.com\/agrund.com\/wp-content\/uploads\/sites\/6\/2014\/01\/esmaltes-da-essie-chegam-ao-brasil.jpg?fit=620%2C592&amp;ssl=1\" data-orig-size=\"620,592\" data-comments-opened=\"1\" data-image-meta=\"{&quot;aperture&quot;:&quot;0&quot;,&quot;credit&quot;:&quot;&quot;,&quot;camera&quot;:&quot;&quot;,&quot;caption&quot;:&quot;&quot;,&quot;created_timestamp&quot;:&quot;0&quot;,&quot;copyright&quot;:&quot;&quot;,&quot;focal_length&quot;:&quot;0&quot;,&quot;iso&quot;:&quot;0&quot;,&quot;shutter_speed&quot;:&quot;0&quot;,&quot;title&quot;:&quot;&quot;}\" data-image-title=\"esmaltes-da-essie-chegam-ao-brasil\" data-image-description=\"\" data-image-caption=\"&lt;p&gt;Esmaltes da Essie chegam ao Brasil &lt;\/p&gt;\n\" data-medium-file=\"https:\/\/i0.wp.com\/agrund.com\/wp-content\/uploads\/sites\/6\/2014\/01\/esmaltes-da-essie-chegam-ao-brasil.jpg?fit=300%2C286&amp;ssl=1\" data-large-file=\"https:\/\/i0.wp.com\/agrund.com\/wp-content\/uploads\/sites\/6\/2014\/01\/esmaltes-da-essie-chegam-ao-brasil.jpg?fit=620%2C592&amp;ssl=1\" decoding=\"async\" loading=\"lazy\" class=\" wp-image-92673 \" alt=\"Esmaltes da Essie chegam ao Brasil \" src=\"https:\/\/i0.wp.com\/www.agrund.com\/wp-content\/uploads\/sites\/6\/cache\/2014\/01\/esmaltes-da-essie-chegam-ao-brasil\/962999529.jpg?resize=496%2C474\" width=\"496\" height=\"474\" data-recalc-dims=\"1\" \/><\/a><p id=\"caption-attachment-92673\" class=\"wp-caption-text\">Esmaltes da Essie chegam ao Brasil<\/p><\/div>\n<p>Imagem: Reprodu\u00e7\u00e3o.<\/p>\n","protected":false},"excerpt":{"rendered":"<p>Se voc\u00ea ama esmalte, aten\u00e7\u00e3o porque a Essie est\u00e1 desembarcando no Brasil! A partir deste m\u00eas de janeiro voc\u00ea poder\u00e1 encontrar os ic\u00f4nicos vidrinhos da marca nos sal\u00f5es espalhados pelo nosso pa\u00eds. A Essie \u00e9 uma marca dos Estados Unidos que j\u00e1 tem 30 anos e mais de 300 tons diferentes! Um verdadeiro imp\u00e9rio do [&hellip;]<\/p>\n","protected":false},"author":1,"featured_media":92674,"comment_status":"open","ping_status":"open","sticky":false,"template":"","format":"standard","meta":{"jetpack_post_was_ever_published":false,"_jetpack_newsletter_access":"","jetpack_publicize_message":"","jetpack_is_tweetstorm":false,"jetpack_publicize_feature_enabled":true,"jetpack_social_post_already_shared":true,"jetpack_social_options":{"image_generator_settings":{"template":"highway","enabled":false}}},"categories":[2],"tags":[],"jetpack_publicize_connections":[],"jetpack_featured_media_url":"https:\/\/i0.wp.com\/agrund.com\/wp-content\/uploads\/sites\/6\/2014\/01\/slide14.jpg?fit=960%2C300&ssl=1","jetpack_sharing_enabled":true,"jetpack_shortlink":"https:\/\/wp.me\/p3Hz0n-o6I","jetpack_likes_enabled":true,"_links":{"self":[{"href":"https:\/\/agrund.com\/index.php\/wp-json\/wp\/v2\/posts\/92672"}],"collection":[{"href":"https:\/\/agrund.com\/index.php\/wp-json\/wp\/v2\/posts"}],"about":[{"href":"https:\/\/agrund.com\/index.php\/wp-json\/wp\/v2\/types\/post"}],"author":[{"embeddable":true,"href":"https:\/\/agrund.com\/index.php\/wp-json\/wp\/v2\/users\/1"}],"replies":[{"embeddable":true,"href":"https:\/\/agrund.com\/index.php\/wp-json\/wp\/v2\/comments?post=92672"}],"version-history":[{"count":0,"href":"https:\/\/agrund.com\/index.php\/wp-json\/wp\/v2\/posts\/92672\/revisions"}],"wp:featuredmedia":[{"embeddable":true,"href":"https:\/\/agrund.com\/index.php\/wp-json\/wp\/v2\/media\/92674"}],"wp:attachment":[{"href":"https:\/\/agrund.com\/index.php\/wp-json\/wp\/v2\/media?parent=92672"}],"wp:term":[{"taxonomy":"category","embeddable":true,"href":"https:\/\/agrund.com\/index.php\/wp-json\/wp\/v2\/categories?post=92672"},{"taxonomy":"post_tag","embeddable":true,"href":"https:\/\/agrund.com\/index.php\/wp-json\/wp\/v2\/tags?post=92672"}],"curies":[{"name":"wp","href":"https:\/\/api.w.org\/{rel}","templated":true}]}}