{"id":92570,"date":"2014-01-07T16:00:47","date_gmt":"2014-01-07T18:00:47","guid":{"rendered":"http:\/\/www.agrund.com\/?p=92570"},"modified":"2014-01-07T09:48:54","modified_gmt":"2014-01-07T11:48:54","slug":"as-tendencias-da-couromoda-para-o-inverno-2014","status":"publish","type":"post","link":"https:\/\/agrund.com\/index.php\/as-tendencias-da-couromoda-para-o-inverno-2014\/","title":{"rendered":"As tend\u00eancias da Couromoda para o inverno 2014"},"content":{"rendered":"<p>A mais importante feira de cal\u00e7ados e acess\u00f3rios de moda do Brasil e da Am\u00e9rica Latina traz para o varejo duas mil cole\u00e7\u00f5es masculinas, femininas e infantis, al\u00e9m dos artigos esportivos.<br \/>\nA esta\u00e7\u00e3o mais fria do ano promete diversos estilos, estampas, cores e misturas de materiais como p\u00ealos, franjas, metais e brilho. A Couromoda ser\u00e1 entre os dias 13 e 16 de janeiro no Anhembi, em S\u00e3o Paulo.<\/p>\n<div id=\"attachment_92571\" style=\"width: 560px\" class=\"wp-caption aligncenter\"><a href=\"https:\/\/i0.wp.com\/www.agrund.com\/wp-content\/uploads\/sites\/6\/2014\/01\/as-tendencias-da-couromoda-para-o-inverno-2014-1.jpg\"><img aria-describedby=\"caption-attachment-92571\" data-attachment-id=\"92571\" data-permalink=\"https:\/\/agrund.com\/index.php\/as-tendencias-da-couromoda-para-o-inverno-2014\/as-tendencias-da-couromoda-para-o-inverno-2014-1\/\" data-orig-file=\"https:\/\/i0.wp.com\/agrund.com\/wp-content\/uploads\/sites\/6\/2014\/01\/as-tendencias-da-couromoda-para-o-inverno-2014-1.jpg?fit=550%2C387&amp;ssl=1\" data-orig-size=\"550,387\" data-comments-opened=\"1\" data-image-meta=\"{&quot;aperture&quot;:&quot;0&quot;,&quot;credit&quot;:&quot;&quot;,&quot;camera&quot;:&quot;&quot;,&quot;caption&quot;:&quot;&quot;,&quot;created_timestamp&quot;:&quot;0&quot;,&quot;copyright&quot;:&quot;&quot;,&quot;focal_length&quot;:&quot;0&quot;,&quot;iso&quot;:&quot;0&quot;,&quot;shutter_speed&quot;:&quot;0&quot;,&quot;title&quot;:&quot;&quot;}\" data-image-title=\"as-tendencias-da-couromoda-para-o-inverno-2014 (1)\" data-image-description=\"\" data-image-caption=\"&lt;p&gt;As tend\u00eancias da Couromoda para o inverno 2014 &lt;\/p&gt;\n\" data-medium-file=\"https:\/\/i0.wp.com\/agrund.com\/wp-content\/uploads\/sites\/6\/2014\/01\/as-tendencias-da-couromoda-para-o-inverno-2014-1.jpg?fit=300%2C211&amp;ssl=1\" data-large-file=\"https:\/\/i0.wp.com\/agrund.com\/wp-content\/uploads\/sites\/6\/2014\/01\/as-tendencias-da-couromoda-para-o-inverno-2014-1.jpg?fit=550%2C387&amp;ssl=1\" decoding=\"async\" loading=\"lazy\" class=\"size-large wp-image-92571\" alt=\"As tend\u00eancias da Couromoda para o inverno 2014 \" src=\"https:\/\/i0.wp.com\/www.agrund.com\/wp-content\/uploads\/sites\/6\/cache\/2014\/01\/as-tendencias-da-couromoda-para-o-inverno-2014-1\/2534650341.jpg?resize=550%2C387\" width=\"550\" height=\"387\" data-recalc-dims=\"1\" \/><\/a><p id=\"caption-attachment-92571\" class=\"wp-caption-text\">As tend\u00eancias da Couromoda para o inverno 2014<\/p><\/div>\n<div id=\"attachment_92572\" style=\"width: 560px\" class=\"wp-caption aligncenter\"><a href=\"https:\/\/i0.wp.com\/www.agrund.com\/wp-content\/uploads\/sites\/6\/2014\/01\/as-tendencias-da-couromoda-para-o-inverno-2014-1.png\"><img aria-describedby=\"caption-attachment-92572\" data-attachment-id=\"92572\" data-permalink=\"https:\/\/agrund.com\/index.php\/as-tendencias-da-couromoda-para-o-inverno-2014\/as-tendencias-da-couromoda-para-o-inverno-2014-1-2\/\" data-orig-file=\"https:\/\/i0.wp.com\/agrund.com\/wp-content\/uploads\/sites\/6\/2014\/01\/as-tendencias-da-couromoda-para-o-inverno-2014-1.png?fit=550%2C478&amp;ssl=1\" data-orig-size=\"550,478\" data-comments-opened=\"1\" data-image-meta=\"{&quot;aperture&quot;:&quot;0&quot;,&quot;credit&quot;:&quot;&quot;,&quot;camera&quot;:&quot;&quot;,&quot;caption&quot;:&quot;&quot;,&quot;created_timestamp&quot;:&quot;0&quot;,&quot;copyright&quot;:&quot;&quot;,&quot;focal_length&quot;:&quot;0&quot;,&quot;iso&quot;:&quot;0&quot;,&quot;shutter_speed&quot;:&quot;0&quot;,&quot;title&quot;:&quot;&quot;}\" data-image-title=\"as-tendencias-da-couromoda-para-o-inverno-2014 (1)\" data-image-description=\"\" data-image-caption=\"&lt;p&gt;As tend\u00eancias da Couromoda para o inverno 2014 &lt;\/p&gt;\n\" data-medium-file=\"https:\/\/i0.wp.com\/agrund.com\/wp-content\/uploads\/sites\/6\/2014\/01\/as-tendencias-da-couromoda-para-o-inverno-2014-1.png?fit=300%2C260&amp;ssl=1\" data-large-file=\"https:\/\/i0.wp.com\/agrund.com\/wp-content\/uploads\/sites\/6\/2014\/01\/as-tendencias-da-couromoda-para-o-inverno-2014-1.png?fit=550%2C478&amp;ssl=1\" decoding=\"async\" loading=\"lazy\" class=\"size-large wp-image-92572\" alt=\"As tend\u00eancias da Couromoda para o inverno 2014 \" src=\"https:\/\/i0.wp.com\/www.agrund.com\/wp-content\/uploads\/sites\/6\/cache\/2014\/01\/as-tendencias-da-couromoda-para-o-inverno-2014-1\/3935222267.png?resize=550%2C478\" width=\"550\" height=\"478\" data-recalc-dims=\"1\" \/><\/a><p id=\"caption-attachment-92572\" class=\"wp-caption-text\">As tend\u00eancias da Couromoda para o inverno 2014<\/p><\/div>\n<div id=\"attachment_92573\" style=\"width: 560px\" class=\"wp-caption aligncenter\"><a href=\"https:\/\/i0.wp.com\/www.agrund.com\/wp-content\/uploads\/sites\/6\/2014\/01\/as-tendencias-da-couromoda-para-o-inverno-2014-2.jpg\"><img aria-describedby=\"caption-attachment-92573\" data-attachment-id=\"92573\" data-permalink=\"https:\/\/agrund.com\/index.php\/as-tendencias-da-couromoda-para-o-inverno-2014\/as-tendencias-da-couromoda-para-o-inverno-2014-2\/\" data-orig-file=\"https:\/\/i0.wp.com\/agrund.com\/wp-content\/uploads\/sites\/6\/2014\/01\/as-tendencias-da-couromoda-para-o-inverno-2014-2.jpg?fit=550%2C384&amp;ssl=1\" data-orig-size=\"550,384\" data-comments-opened=\"1\" data-image-meta=\"{&quot;aperture&quot;:&quot;0&quot;,&quot;credit&quot;:&quot;&quot;,&quot;camera&quot;:&quot;&quot;,&quot;caption&quot;:&quot;&quot;,&quot;created_timestamp&quot;:&quot;0&quot;,&quot;copyright&quot;:&quot;&quot;,&quot;focal_length&quot;:&quot;0&quot;,&quot;iso&quot;:&quot;0&quot;,&quot;shutter_speed&quot;:&quot;0&quot;,&quot;title&quot;:&quot;&quot;}\" data-image-title=\"as-tendencias-da-couromoda-para-o-inverno-2014 (2)\" data-image-description=\"\" data-image-caption=\"&lt;p&gt;As tend\u00eancias da Couromoda para o inverno 2014 &lt;\/p&gt;\n\" data-medium-file=\"https:\/\/i0.wp.com\/agrund.com\/wp-content\/uploads\/sites\/6\/2014\/01\/as-tendencias-da-couromoda-para-o-inverno-2014-2.jpg?fit=300%2C209&amp;ssl=1\" data-large-file=\"https:\/\/i0.wp.com\/agrund.com\/wp-content\/uploads\/sites\/6\/2014\/01\/as-tendencias-da-couromoda-para-o-inverno-2014-2.jpg?fit=550%2C384&amp;ssl=1\" decoding=\"async\" loading=\"lazy\" class=\"size-large wp-image-92573\" alt=\"As tend\u00eancias da Couromoda para o inverno 2014 \" src=\"https:\/\/i0.wp.com\/www.agrund.com\/wp-content\/uploads\/sites\/6\/cache\/2014\/01\/as-tendencias-da-couromoda-para-o-inverno-2014-2\/429700614.jpg?resize=550%2C384\" width=\"550\" height=\"384\" data-recalc-dims=\"1\" \/><\/a><p id=\"caption-attachment-92573\" class=\"wp-caption-text\">As tend\u00eancias da Couromoda para o inverno 2014<\/p><\/div>\n<div id=\"attachment_92574\" style=\"width: 560px\" class=\"wp-caption aligncenter\"><a href=\"https:\/\/i0.wp.com\/www.agrund.com\/wp-content\/uploads\/sites\/6\/2014\/01\/as-tendencias-da-couromoda-para-o-inverno-2014-3.jpg\"><img aria-describedby=\"caption-attachment-92574\" data-attachment-id=\"92574\" data-permalink=\"https:\/\/agrund.com\/index.php\/as-tendencias-da-couromoda-para-o-inverno-2014\/as-tendencias-da-couromoda-para-o-inverno-2014-3\/\" data-orig-file=\"https:\/\/i0.wp.com\/agrund.com\/wp-content\/uploads\/sites\/6\/2014\/01\/as-tendencias-da-couromoda-para-o-inverno-2014-3.jpg?fit=550%2C413&amp;ssl=1\" data-orig-size=\"550,413\" data-comments-opened=\"1\" data-image-meta=\"{&quot;aperture&quot;:&quot;0&quot;,&quot;credit&quot;:&quot;&quot;,&quot;camera&quot;:&quot;&quot;,&quot;caption&quot;:&quot;&quot;,&quot;created_timestamp&quot;:&quot;0&quot;,&quot;copyright&quot;:&quot;&quot;,&quot;focal_length&quot;:&quot;0&quot;,&quot;iso&quot;:&quot;0&quot;,&quot;shutter_speed&quot;:&quot;0&quot;,&quot;title&quot;:&quot;&quot;}\" data-image-title=\"as-tendencias-da-couromoda-para-o-inverno-2014 (3)\" data-image-description=\"\" data-image-caption=\"&lt;p&gt;As tend\u00eancias da Couromoda para o inverno 2014 &lt;\/p&gt;\n\" data-medium-file=\"https:\/\/i0.wp.com\/agrund.com\/wp-content\/uploads\/sites\/6\/2014\/01\/as-tendencias-da-couromoda-para-o-inverno-2014-3.jpg?fit=300%2C225&amp;ssl=1\" data-large-file=\"https:\/\/i0.wp.com\/agrund.com\/wp-content\/uploads\/sites\/6\/2014\/01\/as-tendencias-da-couromoda-para-o-inverno-2014-3.jpg?fit=550%2C413&amp;ssl=1\" decoding=\"async\" loading=\"lazy\" class=\"size-large wp-image-92574\" alt=\"As tend\u00eancias da Couromoda para o inverno 2014 \" src=\"https:\/\/i0.wp.com\/www.agrund.com\/wp-content\/uploads\/sites\/6\/cache\/2014\/01\/as-tendencias-da-couromoda-para-o-inverno-2014-3\/3577132696.jpg?resize=550%2C413\" width=\"550\" height=\"413\" data-recalc-dims=\"1\" \/><\/a><p id=\"caption-attachment-92574\" class=\"wp-caption-text\">As tend\u00eancias da Couromoda para o inverno 2014<\/p><\/div>\n<div id=\"attachment_92575\" style=\"width: 560px\" class=\"wp-caption aligncenter\"><a href=\"https:\/\/i0.wp.com\/www.agrund.com\/wp-content\/uploads\/sites\/6\/2014\/01\/as-tendencias-da-couromoda-para-o-inverno-2014-4.jpg\"><img aria-describedby=\"caption-attachment-92575\" data-attachment-id=\"92575\" data-permalink=\"https:\/\/agrund.com\/index.php\/as-tendencias-da-couromoda-para-o-inverno-2014\/as-tendencias-da-couromoda-para-o-inverno-2014-4\/\" data-orig-file=\"https:\/\/i0.wp.com\/agrund.com\/wp-content\/uploads\/sites\/6\/2014\/01\/as-tendencias-da-couromoda-para-o-inverno-2014-4.jpg?fit=550%2C366&amp;ssl=1\" data-orig-size=\"550,366\" data-comments-opened=\"1\" data-image-meta=\"{&quot;aperture&quot;:&quot;0&quot;,&quot;credit&quot;:&quot;&quot;,&quot;camera&quot;:&quot;&quot;,&quot;caption&quot;:&quot;&quot;,&quot;created_timestamp&quot;:&quot;0&quot;,&quot;copyright&quot;:&quot;&quot;,&quot;focal_length&quot;:&quot;0&quot;,&quot;iso&quot;:&quot;0&quot;,&quot;shutter_speed&quot;:&quot;0&quot;,&quot;title&quot;:&quot;&quot;}\" data-image-title=\"as-tendencias-da-couromoda-para-o-inverno-2014 (4)\" data-image-description=\"\" data-image-caption=\"&lt;p&gt;As tend\u00eancias da Couromoda para o inverno 2014 &lt;\/p&gt;\n\" data-medium-file=\"https:\/\/i0.wp.com\/agrund.com\/wp-content\/uploads\/sites\/6\/2014\/01\/as-tendencias-da-couromoda-para-o-inverno-2014-4.jpg?fit=300%2C199&amp;ssl=1\" data-large-file=\"https:\/\/i0.wp.com\/agrund.com\/wp-content\/uploads\/sites\/6\/2014\/01\/as-tendencias-da-couromoda-para-o-inverno-2014-4.jpg?fit=550%2C366&amp;ssl=1\" decoding=\"async\" loading=\"lazy\" class=\"size-large wp-image-92575\" alt=\"As tend\u00eancias da Couromoda para o inverno 2014 \" src=\"https:\/\/i0.wp.com\/www.agrund.com\/wp-content\/uploads\/sites\/6\/cache\/2014\/01\/as-tendencias-da-couromoda-para-o-inverno-2014-4\/3757293441.jpg?resize=550%2C366\" width=\"550\" height=\"366\" data-recalc-dims=\"1\" \/><\/a><p id=\"caption-attachment-92575\" class=\"wp-caption-text\">As tend\u00eancias da Couromoda para o inverno 2014<\/p><\/div>\n<div id=\"attachment_92576\" style=\"width: 560px\" class=\"wp-caption aligncenter\"><a href=\"https:\/\/i0.wp.com\/www.agrund.com\/wp-content\/uploads\/sites\/6\/2014\/01\/as-tendencias-da-couromoda-para-o-inverno-2014-5.jpg\"><img aria-describedby=\"caption-attachment-92576\" data-attachment-id=\"92576\" data-permalink=\"https:\/\/agrund.com\/index.php\/as-tendencias-da-couromoda-para-o-inverno-2014\/as-tendencias-da-couromoda-para-o-inverno-2014-5\/\" data-orig-file=\"https:\/\/i0.wp.com\/agrund.com\/wp-content\/uploads\/sites\/6\/2014\/01\/as-tendencias-da-couromoda-para-o-inverno-2014-5.jpg?fit=550%2C367&amp;ssl=1\" data-orig-size=\"550,367\" data-comments-opened=\"1\" data-image-meta=\"{&quot;aperture&quot;:&quot;0&quot;,&quot;credit&quot;:&quot;&quot;,&quot;camera&quot;:&quot;&quot;,&quot;caption&quot;:&quot;&quot;,&quot;created_timestamp&quot;:&quot;0&quot;,&quot;copyright&quot;:&quot;&quot;,&quot;focal_length&quot;:&quot;0&quot;,&quot;iso&quot;:&quot;0&quot;,&quot;shutter_speed&quot;:&quot;0&quot;,&quot;title&quot;:&quot;&quot;}\" data-image-title=\"as-tendencias-da-couromoda-para-o-inverno-2014 (5)\" data-image-description=\"\" data-image-caption=\"&lt;p&gt;As tend\u00eancias da Couromoda para o inverno 2014 &lt;\/p&gt;\n\" data-medium-file=\"https:\/\/i0.wp.com\/agrund.com\/wp-content\/uploads\/sites\/6\/2014\/01\/as-tendencias-da-couromoda-para-o-inverno-2014-5.jpg?fit=300%2C200&amp;ssl=1\" data-large-file=\"https:\/\/i0.wp.com\/agrund.com\/wp-content\/uploads\/sites\/6\/2014\/01\/as-tendencias-da-couromoda-para-o-inverno-2014-5.jpg?fit=550%2C367&amp;ssl=1\" decoding=\"async\" loading=\"lazy\" class=\"size-large wp-image-92576\" alt=\"As tend\u00eancias da Couromoda para o inverno 2014 \" src=\"https:\/\/i0.wp.com\/www.agrund.com\/wp-content\/uploads\/sites\/6\/cache\/2014\/01\/as-tendencias-da-couromoda-para-o-inverno-2014-5\/324648735.jpg?resize=550%2C367\" width=\"550\" height=\"367\" data-recalc-dims=\"1\" \/><\/a><p id=\"caption-attachment-92576\" class=\"wp-caption-text\">As tend\u00eancias da Couromoda para o inverno 2014<\/p><\/div>\n<p>Imagens: Divulga\u00e7\u00e3o.<\/p>\n","protected":false},"excerpt":{"rendered":"<p>A mais importante feira de cal\u00e7ados e acess\u00f3rios de moda do Brasil e da Am\u00e9rica Latina traz para o varejo duas mil cole\u00e7\u00f5es masculinas, femininas e infantis, al\u00e9m dos artigos esportivos. A esta\u00e7\u00e3o mais fria do ano promete diversos estilos, estampas, cores e misturas de materiais como p\u00ealos, franjas, metais e brilho. A Couromoda ser\u00e1 [&hellip;]<\/p>\n","protected":false},"author":1,"featured_media":92577,"comment_status":"open","ping_status":"open","sticky":false,"template":"","format":"standard","meta":{"jetpack_post_was_ever_published":false,"_jetpack_newsletter_access":"","jetpack_publicize_message":"","jetpack_is_tweetstorm":false,"jetpack_publicize_feature_enabled":true,"jetpack_social_post_already_shared":true,"jetpack_social_options":{"image_generator_settings":{"template":"highway","enabled":false}}},"categories":[2],"tags":[],"jetpack_publicize_connections":[],"jetpack_featured_media_url":"https:\/\/i0.wp.com\/agrund.com\/wp-content\/uploads\/sites\/6\/2014\/01\/slidecouro.jpg?fit=960%2C300&ssl=1","jetpack_sharing_enabled":true,"jetpack_shortlink":"https:\/\/wp.me\/p3Hz0n-o54","jetpack_likes_enabled":true,"_links":{"self":[{"href":"https:\/\/agrund.com\/index.php\/wp-json\/wp\/v2\/posts\/92570"}],"collection":[{"href":"https:\/\/agrund.com\/index.php\/wp-json\/wp\/v2\/posts"}],"about":[{"href":"https:\/\/agrund.com\/index.php\/wp-json\/wp\/v2\/types\/post"}],"author":[{"embeddable":true,"href":"https:\/\/agrund.com\/index.php\/wp-json\/wp\/v2\/users\/1"}],"replies":[{"embeddable":true,"href":"https:\/\/agrund.com\/index.php\/wp-json\/wp\/v2\/comments?post=92570"}],"version-history":[{"count":0,"href":"https:\/\/agrund.com\/index.php\/wp-json\/wp\/v2\/posts\/92570\/revisions"}],"wp:featuredmedia":[{"embeddable":true,"href":"https:\/\/agrund.com\/index.php\/wp-json\/wp\/v2\/media\/92577"}],"wp:attachment":[{"href":"https:\/\/agrund.com\/index.php\/wp-json\/wp\/v2\/media?parent=92570"}],"wp:term":[{"taxonomy":"category","embeddable":true,"href":"https:\/\/agrund.com\/index.php\/wp-json\/wp\/v2\/categories?post=92570"},{"taxonomy":"post_tag","embeddable":true,"href":"https:\/\/agrund.com\/index.php\/wp-json\/wp\/v2\/tags?post=92570"}],"curies":[{"name":"wp","href":"https:\/\/api.w.org\/{rel}","templated":true}]}}