{"id":92564,"date":"2014-01-07T14:00:25","date_gmt":"2014-01-07T16:00:25","guid":{"rendered":"http:\/\/www.agrund.com\/?p=92564"},"modified":"2014-01-07T09:43:39","modified_gmt":"2014-01-07T11:43:39","slug":"cara-delevigne-e-a-nova-garota-propaganda-da-mulberry","status":"publish","type":"post","link":"https:\/\/agrund.com\/index.php\/cara-delevigne-e-a-nova-garota-propaganda-da-mulberry\/","title":{"rendered":"Cara Delevigne \u00e9 a nova garota-propaganda da Mulberry"},"content":{"rendered":"<p>A Mulberry convocou Cara Delevingne para estrelar sua campanha ver\u00e3o 2014. Nos cliques de Tim Walker, a top apresenta a nova cole\u00e7\u00e3o da grife em meio aos animais em uma tea party.<br \/>\nO cen\u00e1rio escolhido foi a mans\u00e3o Shotover House, constru\u00edda no s\u00e9culo 18, em Oxfordshire. Confira:<\/p>\n<div id=\"attachment_92565\" style=\"width: 560px\" class=\"wp-caption aligncenter\"><a href=\"https:\/\/i0.wp.com\/www.agrund.com\/wp-content\/uploads\/sites\/6\/2014\/01\/cara-delevigne-e-a-nova-garota-propaganda-da-mulberry-1.jpg\"><img aria-describedby=\"caption-attachment-92565\" data-attachment-id=\"92565\" data-permalink=\"https:\/\/agrund.com\/index.php\/cara-delevigne-e-a-nova-garota-propaganda-da-mulberry\/cara-delevigne-e-a-nova-garota-propaganda-da-mulberry-1\/\" data-orig-file=\"https:\/\/i0.wp.com\/agrund.com\/wp-content\/uploads\/sites\/6\/2014\/01\/cara-delevigne-e-a-nova-garota-propaganda-da-mulberry-1.jpg?fit=550%2C825&amp;ssl=1\" data-orig-size=\"550,825\" data-comments-opened=\"1\" data-image-meta=\"{&quot;aperture&quot;:&quot;0&quot;,&quot;credit&quot;:&quot;&quot;,&quot;camera&quot;:&quot;&quot;,&quot;caption&quot;:&quot;&quot;,&quot;created_timestamp&quot;:&quot;0&quot;,&quot;copyright&quot;:&quot;&quot;,&quot;focal_length&quot;:&quot;0&quot;,&quot;iso&quot;:&quot;0&quot;,&quot;shutter_speed&quot;:&quot;0&quot;,&quot;title&quot;:&quot;&quot;}\" data-image-title=\"cara-delevigne-e-a-nova-garota-propaganda-da-mulberry (1)\" data-image-description=\"\" data-image-caption=\"&lt;p&gt;Cara Delevigne \u00e9 a nova garota-propaganda da Mulberry &lt;\/p&gt;\n\" data-medium-file=\"https:\/\/i0.wp.com\/agrund.com\/wp-content\/uploads\/sites\/6\/2014\/01\/cara-delevigne-e-a-nova-garota-propaganda-da-mulberry-1.jpg?fit=200%2C300&amp;ssl=1\" data-large-file=\"https:\/\/i0.wp.com\/agrund.com\/wp-content\/uploads\/sites\/6\/2014\/01\/cara-delevigne-e-a-nova-garota-propaganda-da-mulberry-1.jpg?fit=550%2C825&amp;ssl=1\" decoding=\"async\" loading=\"lazy\" class=\"size-large wp-image-92565\" alt=\"Cara Delevigne \u00e9 a nova garota-propaganda da Mulberry \" src=\"https:\/\/i0.wp.com\/www.agrund.com\/wp-content\/uploads\/sites\/6\/cache\/2014\/01\/cara-delevigne-e-a-nova-garota-propaganda-da-mulberry-1\/1380205296.jpg?resize=550%2C825\" width=\"550\" height=\"825\" data-recalc-dims=\"1\" \/><\/a><p id=\"caption-attachment-92565\" class=\"wp-caption-text\">Cara Delevigne \u00e9 a nova garota-propaganda da Mulberry<\/p><\/div>\n<div id=\"attachment_92566\" style=\"width: 560px\" class=\"wp-caption aligncenter\"><a href=\"https:\/\/i0.wp.com\/www.agrund.com\/wp-content\/uploads\/sites\/6\/2014\/01\/cara-delevigne-e-a-nova-garota-propaganda-da-mulberry-2.jpg\"><img aria-describedby=\"caption-attachment-92566\" data-attachment-id=\"92566\" data-permalink=\"https:\/\/agrund.com\/index.php\/cara-delevigne-e-a-nova-garota-propaganda-da-mulberry\/cara-delevigne-e-a-nova-garota-propaganda-da-mulberry-2\/\" data-orig-file=\"https:\/\/i0.wp.com\/agrund.com\/wp-content\/uploads\/sites\/6\/2014\/01\/cara-delevigne-e-a-nova-garota-propaganda-da-mulberry-2.jpg?fit=550%2C825&amp;ssl=1\" data-orig-size=\"550,825\" data-comments-opened=\"1\" data-image-meta=\"{&quot;aperture&quot;:&quot;0&quot;,&quot;credit&quot;:&quot;&quot;,&quot;camera&quot;:&quot;&quot;,&quot;caption&quot;:&quot;&quot;,&quot;created_timestamp&quot;:&quot;0&quot;,&quot;copyright&quot;:&quot;&quot;,&quot;focal_length&quot;:&quot;0&quot;,&quot;iso&quot;:&quot;0&quot;,&quot;shutter_speed&quot;:&quot;0&quot;,&quot;title&quot;:&quot;&quot;}\" data-image-title=\"cara-delevigne-e-a-nova-garota-propaganda-da-mulberry (2)\" data-image-description=\"\" data-image-caption=\"&lt;p&gt;Cara Delevigne \u00e9 a nova garota-propaganda da Mulberry &lt;\/p&gt;\n\" data-medium-file=\"https:\/\/i0.wp.com\/agrund.com\/wp-content\/uploads\/sites\/6\/2014\/01\/cara-delevigne-e-a-nova-garota-propaganda-da-mulberry-2.jpg?fit=200%2C300&amp;ssl=1\" data-large-file=\"https:\/\/i0.wp.com\/agrund.com\/wp-content\/uploads\/sites\/6\/2014\/01\/cara-delevigne-e-a-nova-garota-propaganda-da-mulberry-2.jpg?fit=550%2C825&amp;ssl=1\" decoding=\"async\" loading=\"lazy\" class=\"size-large wp-image-92566\" alt=\"Cara Delevigne \u00e9 a nova garota-propaganda da Mulberry \" src=\"https:\/\/i0.wp.com\/www.agrund.com\/wp-content\/uploads\/sites\/6\/cache\/2014\/01\/cara-delevigne-e-a-nova-garota-propaganda-da-mulberry-2\/3704309011.jpg?resize=550%2C825\" width=\"550\" height=\"825\" data-recalc-dims=\"1\" \/><\/a><p id=\"caption-attachment-92566\" class=\"wp-caption-text\">Cara Delevigne \u00e9 a nova garota-propaganda da Mulberry<\/p><\/div>\n<div id=\"attachment_92567\" style=\"width: 560px\" class=\"wp-caption aligncenter\"><a href=\"https:\/\/i0.wp.com\/www.agrund.com\/wp-content\/uploads\/sites\/6\/2014\/01\/cara-delevigne-e-a-nova-garota-propaganda-da-mulberry-3.jpg\"><img aria-describedby=\"caption-attachment-92567\" data-attachment-id=\"92567\" data-permalink=\"https:\/\/agrund.com\/index.php\/cara-delevigne-e-a-nova-garota-propaganda-da-mulberry\/cara-delevigne-e-a-nova-garota-propaganda-da-mulberry-3\/\" data-orig-file=\"https:\/\/i0.wp.com\/agrund.com\/wp-content\/uploads\/sites\/6\/2014\/01\/cara-delevigne-e-a-nova-garota-propaganda-da-mulberry-3.jpg?fit=550%2C393&amp;ssl=1\" data-orig-size=\"550,393\" data-comments-opened=\"1\" data-image-meta=\"{&quot;aperture&quot;:&quot;0&quot;,&quot;credit&quot;:&quot;&quot;,&quot;camera&quot;:&quot;&quot;,&quot;caption&quot;:&quot;&quot;,&quot;created_timestamp&quot;:&quot;0&quot;,&quot;copyright&quot;:&quot;&quot;,&quot;focal_length&quot;:&quot;0&quot;,&quot;iso&quot;:&quot;0&quot;,&quot;shutter_speed&quot;:&quot;0&quot;,&quot;title&quot;:&quot;&quot;}\" data-image-title=\"cara-delevigne-e-a-nova-garota-propaganda-da-mulberry (3)\" data-image-description=\"\" data-image-caption=\"&lt;p&gt;Cara Delevigne \u00e9 a nova garota-propaganda da Mulberry &lt;\/p&gt;\n\" data-medium-file=\"https:\/\/i0.wp.com\/agrund.com\/wp-content\/uploads\/sites\/6\/2014\/01\/cara-delevigne-e-a-nova-garota-propaganda-da-mulberry-3.jpg?fit=300%2C214&amp;ssl=1\" data-large-file=\"https:\/\/i0.wp.com\/agrund.com\/wp-content\/uploads\/sites\/6\/2014\/01\/cara-delevigne-e-a-nova-garota-propaganda-da-mulberry-3.jpg?fit=550%2C393&amp;ssl=1\" decoding=\"async\" loading=\"lazy\" class=\"size-large wp-image-92567\" alt=\"Cara Delevigne \u00e9 a nova garota-propaganda da Mulberry \" src=\"https:\/\/i0.wp.com\/www.agrund.com\/wp-content\/uploads\/sites\/6\/cache\/2014\/01\/cara-delevigne-e-a-nova-garota-propaganda-da-mulberry-3\/274810253.jpg?resize=550%2C393\" width=\"550\" height=\"393\" data-recalc-dims=\"1\" \/><\/a><p id=\"caption-attachment-92567\" class=\"wp-caption-text\">Cara Delevigne \u00e9 a nova garota-propaganda da Mulberry<\/p><\/div>\n<p>Imagens: Reprodu\u00e7\u00e3o.<\/p>\n","protected":false},"excerpt":{"rendered":"<p>A Mulberry convocou Cara Delevingne para estrelar sua campanha ver\u00e3o 2014. Nos cliques de Tim Walker, a top apresenta a nova cole\u00e7\u00e3o da grife em meio aos animais em uma tea party. O cen\u00e1rio escolhido foi a mans\u00e3o Shotover House, constru\u00edda no s\u00e9culo 18, em Oxfordshire. Confira: Imagens: Reprodu\u00e7\u00e3o.<\/p>\n","protected":false},"author":1,"featured_media":92568,"comment_status":"open","ping_status":"open","sticky":false,"template":"","format":"standard","meta":{"jetpack_post_was_ever_published":false,"_jetpack_newsletter_access":"","jetpack_publicize_message":"","jetpack_is_tweetstorm":false,"jetpack_publicize_feature_enabled":true,"jetpack_social_post_already_shared":true,"jetpack_social_options":{"image_generator_settings":{"template":"highway","enabled":false}}},"categories":[2],"tags":[],"jetpack_publicize_connections":[],"jetpack_featured_media_url":"https:\/\/i0.wp.com\/agrund.com\/wp-content\/uploads\/sites\/6\/2014\/01\/slidecara.jpg?fit=960%2C300&ssl=1","jetpack_sharing_enabled":true,"jetpack_shortlink":"https:\/\/wp.me\/p3Hz0n-o4Y","jetpack_likes_enabled":true,"_links":{"self":[{"href":"https:\/\/agrund.com\/index.php\/wp-json\/wp\/v2\/posts\/92564"}],"collection":[{"href":"https:\/\/agrund.com\/index.php\/wp-json\/wp\/v2\/posts"}],"about":[{"href":"https:\/\/agrund.com\/index.php\/wp-json\/wp\/v2\/types\/post"}],"author":[{"embeddable":true,"href":"https:\/\/agrund.com\/index.php\/wp-json\/wp\/v2\/users\/1"}],"replies":[{"embeddable":true,"href":"https:\/\/agrund.com\/index.php\/wp-json\/wp\/v2\/comments?post=92564"}],"version-history":[{"count":0,"href":"https:\/\/agrund.com\/index.php\/wp-json\/wp\/v2\/posts\/92564\/revisions"}],"wp:featuredmedia":[{"embeddable":true,"href":"https:\/\/agrund.com\/index.php\/wp-json\/wp\/v2\/media\/92568"}],"wp:attachment":[{"href":"https:\/\/agrund.com\/index.php\/wp-json\/wp\/v2\/media?parent=92564"}],"wp:term":[{"taxonomy":"category","embeddable":true,"href":"https:\/\/agrund.com\/index.php\/wp-json\/wp\/v2\/categories?post=92564"},{"taxonomy":"post_tag","embeddable":true,"href":"https:\/\/agrund.com\/index.php\/wp-json\/wp\/v2\/tags?post=92564"}],"curies":[{"name":"wp","href":"https:\/\/api.w.org\/{rel}","templated":true}]}}