{"id":92560,"date":"2014-01-07T12:00:23","date_gmt":"2014-01-07T14:00:23","guid":{"rendered":"http:\/\/www.agrund.com\/?p=92560"},"modified":"2014-01-07T09:40:17","modified_gmt":"2014-01-07T11:40:17","slug":"croquis-de-karl-lagerfeld-serao-leiloados","status":"publish","type":"post","link":"https:\/\/agrund.com\/index.php\/croquis-de-karl-lagerfeld-serao-leiloados\/","title":{"rendered":"Croquis de Karl Lagerfeld ser\u00e3o leiloados"},"content":{"rendered":"<p>J\u00e1 imaginou ter um croqui assinado por Karl Lagerfeld? Pois agora isso pode ser realidade.<br \/>\nAlguns desenhos que o estilista fez para a Maison Tiziani-Roma, em 1963, ser\u00e3o leiloados no dia 11 de janeiro na Fl\u00f3rida, pela Palm Beach Modern Auctions.<\/p>\n<div id=\"attachment_92561\" style=\"width: 610px\" class=\"wp-caption aligncenter\"><a href=\"https:\/\/i0.wp.com\/www.agrund.com\/wp-content\/uploads\/sites\/6\/2014\/01\/croquis-de-karl-lagerfeld-serao-leiloados.jpg\"><img aria-describedby=\"caption-attachment-92561\" data-attachment-id=\"92561\" data-permalink=\"https:\/\/agrund.com\/index.php\/croquis-de-karl-lagerfeld-serao-leiloados\/croquis-de-karl-lagerfeld-serao-leiloados\/\" data-orig-file=\"https:\/\/i0.wp.com\/agrund.com\/wp-content\/uploads\/sites\/6\/2014\/01\/croquis-de-karl-lagerfeld-serao-leiloados.jpg?fit=600%2C793&amp;ssl=1\" data-orig-size=\"600,793\" data-comments-opened=\"1\" data-image-meta=\"{&quot;aperture&quot;:&quot;0&quot;,&quot;credit&quot;:&quot;&quot;,&quot;camera&quot;:&quot;&quot;,&quot;caption&quot;:&quot;&quot;,&quot;created_timestamp&quot;:&quot;0&quot;,&quot;copyright&quot;:&quot;&quot;,&quot;focal_length&quot;:&quot;0&quot;,&quot;iso&quot;:&quot;0&quot;,&quot;shutter_speed&quot;:&quot;0&quot;,&quot;title&quot;:&quot;&quot;}\" data-image-title=\"croquis-de-karl-lagerfeld-serao-leiloados\" data-image-description=\"\" data-image-caption=\"&lt;p&gt;Croquis de Karl Lagerfeld ser\u00e3o leiloados&lt;\/p&gt;\n\" data-medium-file=\"https:\/\/i0.wp.com\/agrund.com\/wp-content\/uploads\/sites\/6\/2014\/01\/croquis-de-karl-lagerfeld-serao-leiloados.jpg?fit=226%2C300&amp;ssl=1\" data-large-file=\"https:\/\/i0.wp.com\/agrund.com\/wp-content\/uploads\/sites\/6\/2014\/01\/croquis-de-karl-lagerfeld-serao-leiloados.jpg?fit=600%2C793&amp;ssl=1\" decoding=\"async\" loading=\"lazy\" class=\"size-large wp-image-92561\" alt=\"Croquis de Karl Lagerfeld ser\u00e3o leiloados\" src=\"https:\/\/i0.wp.com\/www.agrund.com\/wp-content\/uploads\/sites\/6\/cache\/2014\/01\/croquis-de-karl-lagerfeld-serao-leiloados\/2662712213.jpg?resize=600%2C793\" width=\"600\" height=\"793\" data-recalc-dims=\"1\" \/><\/a><p id=\"caption-attachment-92561\" class=\"wp-caption-text\">Croquis de Karl Lagerfeld ser\u00e3o leiloados<\/p><\/div>\n<p>Imagem: Reprodu\u00e7\u00e3o.<\/p>\n","protected":false},"excerpt":{"rendered":"<p>J\u00e1 imaginou ter um croqui assinado por Karl Lagerfeld? Pois agora isso pode ser realidade. Alguns desenhos que o estilista fez para a Maison Tiziani-Roma, em 1963, ser\u00e3o leiloados no dia 11 de janeiro na Fl\u00f3rida, pela Palm Beach Modern Auctions. Imagem: Reprodu\u00e7\u00e3o.<\/p>\n","protected":false},"author":1,"featured_media":92562,"comment_status":"open","ping_status":"open","sticky":false,"template":"","format":"standard","meta":{"jetpack_post_was_ever_published":false,"_jetpack_newsletter_access":"","jetpack_publicize_message":"","jetpack_is_tweetstorm":false,"jetpack_publicize_feature_enabled":true,"jetpack_social_post_already_shared":true,"jetpack_social_options":{"image_generator_settings":{"template":"highway","enabled":false}}},"categories":[2],"tags":[],"jetpack_publicize_connections":[],"jetpack_featured_media_url":"https:\/\/i0.wp.com\/agrund.com\/wp-content\/uploads\/sites\/6\/2014\/01\/slide22.jpg?fit=960%2C300&ssl=1","jetpack_sharing_enabled":true,"jetpack_shortlink":"https:\/\/wp.me\/p3Hz0n-o4U","jetpack_likes_enabled":true,"_links":{"self":[{"href":"https:\/\/agrund.com\/index.php\/wp-json\/wp\/v2\/posts\/92560"}],"collection":[{"href":"https:\/\/agrund.com\/index.php\/wp-json\/wp\/v2\/posts"}],"about":[{"href":"https:\/\/agrund.com\/index.php\/wp-json\/wp\/v2\/types\/post"}],"author":[{"embeddable":true,"href":"https:\/\/agrund.com\/index.php\/wp-json\/wp\/v2\/users\/1"}],"replies":[{"embeddable":true,"href":"https:\/\/agrund.com\/index.php\/wp-json\/wp\/v2\/comments?post=92560"}],"version-history":[{"count":0,"href":"https:\/\/agrund.com\/index.php\/wp-json\/wp\/v2\/posts\/92560\/revisions"}],"wp:featuredmedia":[{"embeddable":true,"href":"https:\/\/agrund.com\/index.php\/wp-json\/wp\/v2\/media\/92562"}],"wp:attachment":[{"href":"https:\/\/agrund.com\/index.php\/wp-json\/wp\/v2\/media?parent=92560"}],"wp:term":[{"taxonomy":"category","embeddable":true,"href":"https:\/\/agrund.com\/index.php\/wp-json\/wp\/v2\/categories?post=92560"},{"taxonomy":"post_tag","embeddable":true,"href":"https:\/\/agrund.com\/index.php\/wp-json\/wp\/v2\/tags?post=92560"}],"curies":[{"name":"wp","href":"https:\/\/api.w.org\/{rel}","templated":true}]}}