{"id":92555,"date":"2014-01-07T10:00:43","date_gmt":"2014-01-07T12:00:43","guid":{"rendered":"http:\/\/www.agrund.com\/?p=92555"},"modified":"2014-01-07T09:15:31","modified_gmt":"2014-01-07T11:15:31","slug":"jessica-chastain-e-a-garota-propaganda-da-fragrancia-ysl-manifesto","status":"publish","type":"post","link":"https:\/\/agrund.com\/index.php\/jessica-chastain-e-a-garota-propaganda-da-fragrancia-ysl-manifesto\/","title":{"rendered":"Jessica Chastain \u00e9 a garota-propaganda da fragr\u00e2ncia YSL Manifesto"},"content":{"rendered":"<p>Jessica Chastain \u00e9, novamente, o rosto da fragr\u00e2ncia YSL Manisfesto no ano de 2014. No primeiro clique divulgado pela grife, a atriz aparece super sexy e com uma make pink, perfeita para o ver\u00e3o.<br \/>\nA campanha foi clicada por Mert Alas &amp; Marcus Piggott. Confira:<\/p>\n<div id=\"attachment_92556\" style=\"width: 651px\" class=\"wp-caption aligncenter\"><a href=\"https:\/\/i0.wp.com\/www.agrund.com\/wp-content\/uploads\/sites\/6\/2014\/01\/jessica-chastain-e-a-garota-propaganda-da-fragrancia-ysl-manifesto.jpg\"><img aria-describedby=\"caption-attachment-92556\" data-attachment-id=\"92556\" data-permalink=\"https:\/\/agrund.com\/index.php\/jessica-chastain-e-a-garota-propaganda-da-fragrancia-ysl-manifesto\/jessica-chastain-e-a-garota-propaganda-da-fragrancia-ysl-manifesto\/\" data-orig-file=\"https:\/\/i0.wp.com\/agrund.com\/wp-content\/uploads\/sites\/6\/2014\/01\/jessica-chastain-e-a-garota-propaganda-da-fragrancia-ysl-manifesto.jpg?fit=641%2C458&amp;ssl=1\" data-orig-size=\"641,458\" data-comments-opened=\"1\" data-image-meta=\"{&quot;aperture&quot;:&quot;0&quot;,&quot;credit&quot;:&quot;&quot;,&quot;camera&quot;:&quot;&quot;,&quot;caption&quot;:&quot;&quot;,&quot;created_timestamp&quot;:&quot;0&quot;,&quot;copyright&quot;:&quot;&quot;,&quot;focal_length&quot;:&quot;0&quot;,&quot;iso&quot;:&quot;0&quot;,&quot;shutter_speed&quot;:&quot;0&quot;,&quot;title&quot;:&quot;&quot;}\" data-image-title=\"jessica-chastain-e-a-garota-propaganda-da-fragrancia-ysl-manifesto\" data-image-description=\"\" data-image-caption=\"&lt;p&gt;Jessica Chastain \u00e9 a garota-propaganda da fragr\u00e2ncia YSL Manifesto&lt;\/p&gt;\n\" data-medium-file=\"https:\/\/i0.wp.com\/agrund.com\/wp-content\/uploads\/sites\/6\/2014\/01\/jessica-chastain-e-a-garota-propaganda-da-fragrancia-ysl-manifesto.jpg?fit=300%2C214&amp;ssl=1\" data-large-file=\"https:\/\/i0.wp.com\/agrund.com\/wp-content\/uploads\/sites\/6\/2014\/01\/jessica-chastain-e-a-garota-propaganda-da-fragrancia-ysl-manifesto.jpg?fit=641%2C458&amp;ssl=1\" decoding=\"async\" loading=\"lazy\" class=\"size-large wp-image-92556\" alt=\"Jessica Chastain \u00e9 a garota-propaganda da fragr\u00e2ncia YSL Manifesto\" src=\"https:\/\/i0.wp.com\/www.agrund.com\/wp-content\/uploads\/sites\/6\/cache\/2014\/01\/jessica-chastain-e-a-garota-propaganda-da-fragrancia-ysl-manifesto\/676043098.jpg?resize=641%2C458\" width=\"641\" height=\"458\" data-recalc-dims=\"1\" \/><\/a><p id=\"caption-attachment-92556\" class=\"wp-caption-text\">Jessica Chastain \u00e9 a garota-propaganda da fragr\u00e2ncia YSL Manifesto<\/p><\/div>\n<p>Imagem: Reprodu\u00e7\u00e3o.<\/p>\n","protected":false},"excerpt":{"rendered":"<p>Jessica Chastain \u00e9, novamente, o rosto da fragr\u00e2ncia YSL Manisfesto no ano de 2014. No primeiro clique divulgado pela grife, a atriz aparece super sexy e com uma make pink, perfeita para o ver\u00e3o. A campanha foi clicada por Mert Alas &amp; Marcus Piggott. Confira: Imagem: Reprodu\u00e7\u00e3o.<\/p>\n","protected":false},"author":1,"featured_media":92557,"comment_status":"open","ping_status":"open","sticky":false,"template":"","format":"standard","meta":{"jetpack_post_was_ever_published":false,"_jetpack_newsletter_access":"","jetpack_publicize_message":"","jetpack_is_tweetstorm":false,"jetpack_publicize_feature_enabled":true,"jetpack_social_post_already_shared":true,"jetpack_social_options":{"image_generator_settings":{"template":"highway","enabled":false}}},"categories":[2],"tags":[],"jetpack_publicize_connections":[],"jetpack_featured_media_url":"https:\/\/i0.wp.com\/agrund.com\/wp-content\/uploads\/sites\/6\/2014\/01\/slidejessica.jpg?fit=960%2C300&ssl=1","jetpack_sharing_enabled":true,"jetpack_shortlink":"https:\/\/wp.me\/p3Hz0n-o4P","jetpack_likes_enabled":true,"_links":{"self":[{"href":"https:\/\/agrund.com\/index.php\/wp-json\/wp\/v2\/posts\/92555"}],"collection":[{"href":"https:\/\/agrund.com\/index.php\/wp-json\/wp\/v2\/posts"}],"about":[{"href":"https:\/\/agrund.com\/index.php\/wp-json\/wp\/v2\/types\/post"}],"author":[{"embeddable":true,"href":"https:\/\/agrund.com\/index.php\/wp-json\/wp\/v2\/users\/1"}],"replies":[{"embeddable":true,"href":"https:\/\/agrund.com\/index.php\/wp-json\/wp\/v2\/comments?post=92555"}],"version-history":[{"count":0,"href":"https:\/\/agrund.com\/index.php\/wp-json\/wp\/v2\/posts\/92555\/revisions"}],"wp:featuredmedia":[{"embeddable":true,"href":"https:\/\/agrund.com\/index.php\/wp-json\/wp\/v2\/media\/92557"}],"wp:attachment":[{"href":"https:\/\/agrund.com\/index.php\/wp-json\/wp\/v2\/media?parent=92555"}],"wp:term":[{"taxonomy":"category","embeddable":true,"href":"https:\/\/agrund.com\/index.php\/wp-json\/wp\/v2\/categories?post=92555"},{"taxonomy":"post_tag","embeddable":true,"href":"https:\/\/agrund.com\/index.php\/wp-json\/wp\/v2\/tags?post=92555"}],"curies":[{"name":"wp","href":"https:\/\/api.w.org\/{rel}","templated":true}]}}