{"id":92497,"date":"2014-01-06T20:00:13","date_gmt":"2014-01-06T22:00:13","guid":{"rendered":"http:\/\/www.agrund.com\/?p=92497"},"modified":"2014-01-06T18:07:30","modified_gmt":"2014-01-06T20:07:30","slug":"skatista-assina-colecao-capsula-para-a-vans","status":"publish","type":"post","link":"https:\/\/agrund.com\/index.php\/skatista-assina-colecao-capsula-para-a-vans\/","title":{"rendered":"Skatista assina cole\u00e7\u00e3o-c\u00e1psula para a Vans"},"content":{"rendered":"<p>A Vans concovou o skatista Ray Barbee para desenvolver uma cole\u00e7\u00e3o-c\u00e1psula em edi\u00e7\u00e3o limitada.<\/p>\n<p>Ray criou dois novos modelos dos ic\u00f4nicos &#8216;The Era &#8217;46 Pro&#8217; e o &#8216;Old Skool &#8217;92&#8217;. O primeiro \u00e9 todo preto com detalhes em cinza e o segundo o inverno, cinza com detalhes em preto.<\/p>\n<p>Gostou? Os modelos j\u00e1 est\u00e3o dispon\u00edveis na loja online da marca!<\/p>\n<div id=\"attachment_92498\" style=\"width: 560px\" class=\"wp-caption aligncenter\"><a href=\"https:\/\/i0.wp.com\/www.agrund.com\/wp-content\/uploads\/sites\/6\/2014\/01\/skatista-assina-colecao-capsula-para-a-vans-1.jpg\"><img aria-describedby=\"caption-attachment-92498\" data-attachment-id=\"92498\" data-permalink=\"https:\/\/agrund.com\/index.php\/skatista-assina-colecao-capsula-para-a-vans\/skatista-assina-colecao-capsula-para-a-vans-1\/\" data-orig-file=\"https:\/\/i0.wp.com\/agrund.com\/wp-content\/uploads\/sites\/6\/2014\/01\/skatista-assina-colecao-capsula-para-a-vans-1.jpg?fit=550%2C361&amp;ssl=1\" data-orig-size=\"550,361\" data-comments-opened=\"1\" data-image-meta=\"{&quot;aperture&quot;:&quot;0&quot;,&quot;credit&quot;:&quot;&quot;,&quot;camera&quot;:&quot;&quot;,&quot;caption&quot;:&quot;&quot;,&quot;created_timestamp&quot;:&quot;0&quot;,&quot;copyright&quot;:&quot;&quot;,&quot;focal_length&quot;:&quot;0&quot;,&quot;iso&quot;:&quot;0&quot;,&quot;shutter_speed&quot;:&quot;0&quot;,&quot;title&quot;:&quot;&quot;}\" data-image-title=\"skatista-assina-colecao-capsula-para-a-vans (1)\" data-image-description=\"\" data-image-caption=\"&lt;p&gt;Skatista assina cole\u00e7\u00e3o-c\u00e1psula para a Vans&lt;\/p&gt;\n\" data-medium-file=\"https:\/\/i0.wp.com\/agrund.com\/wp-content\/uploads\/sites\/6\/2014\/01\/skatista-assina-colecao-capsula-para-a-vans-1.jpg?fit=300%2C196&amp;ssl=1\" data-large-file=\"https:\/\/i0.wp.com\/agrund.com\/wp-content\/uploads\/sites\/6\/2014\/01\/skatista-assina-colecao-capsula-para-a-vans-1.jpg?fit=550%2C361&amp;ssl=1\" decoding=\"async\" loading=\"lazy\" class=\"size-large wp-image-92498\" alt=\"Skatista assina cole\u00e7\u00e3o-c\u00e1psula para a Vans\" src=\"https:\/\/i0.wp.com\/www.agrund.com\/wp-content\/uploads\/sites\/6\/cache\/2014\/01\/skatista-assina-colecao-capsula-para-a-vans-1\/1669974475.jpg?resize=550%2C361\" width=\"550\" height=\"361\" data-recalc-dims=\"1\" \/><\/a><p id=\"caption-attachment-92498\" class=\"wp-caption-text\">Skatista assina cole\u00e7\u00e3o-c\u00e1psula para a Vans<\/p><\/div>\n<div id=\"attachment_92499\" style=\"width: 560px\" class=\"wp-caption aligncenter\"><a href=\"https:\/\/i0.wp.com\/www.agrund.com\/wp-content\/uploads\/sites\/6\/2014\/01\/skatista-assina-colecao-capsula-para-a-vans-2.jpg\"><img aria-describedby=\"caption-attachment-92499\" data-attachment-id=\"92499\" data-permalink=\"https:\/\/agrund.com\/index.php\/skatista-assina-colecao-capsula-para-a-vans\/skatista-assina-colecao-capsula-para-a-vans-2\/\" data-orig-file=\"https:\/\/i0.wp.com\/agrund.com\/wp-content\/uploads\/sites\/6\/2014\/01\/skatista-assina-colecao-capsula-para-a-vans-2.jpg?fit=550%2C361&amp;ssl=1\" data-orig-size=\"550,361\" data-comments-opened=\"1\" data-image-meta=\"{&quot;aperture&quot;:&quot;0&quot;,&quot;credit&quot;:&quot;&quot;,&quot;camera&quot;:&quot;&quot;,&quot;caption&quot;:&quot;&quot;,&quot;created_timestamp&quot;:&quot;0&quot;,&quot;copyright&quot;:&quot;&quot;,&quot;focal_length&quot;:&quot;0&quot;,&quot;iso&quot;:&quot;0&quot;,&quot;shutter_speed&quot;:&quot;0&quot;,&quot;title&quot;:&quot;&quot;}\" data-image-title=\"skatista-assina-colecao-capsula-para-a-vans (2)\" data-image-description=\"\" data-image-caption=\"&lt;p&gt;Skatista assina cole\u00e7\u00e3o-c\u00e1psula para a Vans&lt;\/p&gt;\n\" data-medium-file=\"https:\/\/i0.wp.com\/agrund.com\/wp-content\/uploads\/sites\/6\/2014\/01\/skatista-assina-colecao-capsula-para-a-vans-2.jpg?fit=300%2C196&amp;ssl=1\" data-large-file=\"https:\/\/i0.wp.com\/agrund.com\/wp-content\/uploads\/sites\/6\/2014\/01\/skatista-assina-colecao-capsula-para-a-vans-2.jpg?fit=550%2C361&amp;ssl=1\" decoding=\"async\" loading=\"lazy\" class=\"size-large wp-image-92499\" alt=\"Skatista assina cole\u00e7\u00e3o-c\u00e1psula para a Vans\" src=\"https:\/\/i0.wp.com\/www.agrund.com\/wp-content\/uploads\/sites\/6\/cache\/2014\/01\/skatista-assina-colecao-capsula-para-a-vans-2\/3976646184.jpg?resize=550%2C361\" width=\"550\" height=\"361\" data-recalc-dims=\"1\" \/><\/a><p id=\"caption-attachment-92499\" class=\"wp-caption-text\">Skatista assina cole\u00e7\u00e3o-c\u00e1psula para a Vans<\/p><\/div>\n<p>Imagens: Reprodu\u00e7\u00e3o.<\/p>\n","protected":false},"excerpt":{"rendered":"<p>A Vans concovou o skatista Ray Barbee para desenvolver uma cole\u00e7\u00e3o-c\u00e1psula em edi\u00e7\u00e3o limitada. Ray criou dois novos modelos dos ic\u00f4nicos &#8216;The Era &#8217;46 Pro&#8217; e o &#8216;Old Skool &#8217;92&#8217;. O primeiro \u00e9 todo preto com detalhes em cinza e o segundo o inverno, cinza com detalhes em preto. Gostou? Os modelos j\u00e1 est\u00e3o dispon\u00edveis [&hellip;]<\/p>\n","protected":false},"author":1,"featured_media":92500,"comment_status":"open","ping_status":"open","sticky":false,"template":"","format":"standard","meta":{"jetpack_post_was_ever_published":false,"_jetpack_newsletter_access":"","jetpack_publicize_message":"","jetpack_is_tweetstorm":false,"jetpack_publicize_feature_enabled":true,"jetpack_social_post_already_shared":true,"jetpack_social_options":{"image_generator_settings":{"template":"highway","enabled":false}}},"categories":[6],"tags":[],"jetpack_publicize_connections":[],"jetpack_featured_media_url":"https:\/\/i0.wp.com\/agrund.com\/wp-content\/uploads\/sites\/6\/2014\/01\/slidevans.jpg?fit=960%2C300&ssl=1","jetpack_sharing_enabled":true,"jetpack_shortlink":"https:\/\/wp.me\/p3Hz0n-o3T","jetpack_likes_enabled":true,"_links":{"self":[{"href":"https:\/\/agrund.com\/index.php\/wp-json\/wp\/v2\/posts\/92497"}],"collection":[{"href":"https:\/\/agrund.com\/index.php\/wp-json\/wp\/v2\/posts"}],"about":[{"href":"https:\/\/agrund.com\/index.php\/wp-json\/wp\/v2\/types\/post"}],"author":[{"embeddable":true,"href":"https:\/\/agrund.com\/index.php\/wp-json\/wp\/v2\/users\/1"}],"replies":[{"embeddable":true,"href":"https:\/\/agrund.com\/index.php\/wp-json\/wp\/v2\/comments?post=92497"}],"version-history":[{"count":0,"href":"https:\/\/agrund.com\/index.php\/wp-json\/wp\/v2\/posts\/92497\/revisions"}],"wp:featuredmedia":[{"embeddable":true,"href":"https:\/\/agrund.com\/index.php\/wp-json\/wp\/v2\/media\/92500"}],"wp:attachment":[{"href":"https:\/\/agrund.com\/index.php\/wp-json\/wp\/v2\/media?parent=92497"}],"wp:term":[{"taxonomy":"category","embeddable":true,"href":"https:\/\/agrund.com\/index.php\/wp-json\/wp\/v2\/categories?post=92497"},{"taxonomy":"post_tag","embeddable":true,"href":"https:\/\/agrund.com\/index.php\/wp-json\/wp\/v2\/tags?post=92497"}],"curies":[{"name":"wp","href":"https:\/\/api.w.org\/{rel}","templated":true}]}}