{"id":92491,"date":"2014-01-06T19:00:13","date_gmt":"2014-01-06T21:00:13","guid":{"rendered":"http:\/\/www.agrund.com\/?p=92491"},"modified":"2014-01-06T16:15:02","modified_gmt":"2014-01-06T18:15:02","slug":"conheca-o-primeiro-sapato-da-colecao-de-sarah-jessica-parker","status":"publish","type":"post","link":"https:\/\/agrund.com\/index.php\/conheca-o-primeiro-sapato-da-colecao-de-sarah-jessica-parker\/","title":{"rendered":"Conhe\u00e7a o primeiro sapato da cole\u00e7\u00e3o de Sarah Jessica Parker"},"content":{"rendered":"<p>Sarah Jessica Parker, que est\u00e1 desenvolvendo sua primeira cole\u00e7\u00e3o de sapatos, finalmente divulgou uma pr\u00e9via do que est\u00e1 por vir.<br \/>\nA atriz colocou nas redes sociais a imagem de um modelo de couro scarpin preto de couro que tem uma tira presa por uma fivela. Sarah ainda afirmou que todos os sapatos s\u00e3o modelos que ela mesma ir\u00e1 usar.<br \/>\nO lan\u00e7amento oficial acontece no m\u00eas de fevereiro. Vamos aguardar!<\/p>\n<div id=\"attachment_92492\" style=\"width: 560px\" class=\"wp-caption aligncenter\"><a href=\"https:\/\/i0.wp.com\/www.agrund.com\/wp-content\/uploads\/sites\/6\/2014\/01\/conheca-o-primeiro-sapato-da-colecao-de-sarah-jessica-parker-1.jpg\"><img aria-describedby=\"caption-attachment-92492\" data-attachment-id=\"92492\" data-permalink=\"https:\/\/agrund.com\/index.php\/conheca-o-primeiro-sapato-da-colecao-de-sarah-jessica-parker\/conheca-o-primeiro-sapato-da-colecao-de-sarah-jessica-parker-1\/\" data-orig-file=\"https:\/\/i0.wp.com\/agrund.com\/wp-content\/uploads\/sites\/6\/2014\/01\/conheca-o-primeiro-sapato-da-colecao-de-sarah-jessica-parker-1.jpg?fit=550%2C792&amp;ssl=1\" data-orig-size=\"550,792\" data-comments-opened=\"1\" data-image-meta=\"{&quot;aperture&quot;:&quot;0&quot;,&quot;credit&quot;:&quot;&quot;,&quot;camera&quot;:&quot;&quot;,&quot;caption&quot;:&quot;&quot;,&quot;created_timestamp&quot;:&quot;0&quot;,&quot;copyright&quot;:&quot;&quot;,&quot;focal_length&quot;:&quot;0&quot;,&quot;iso&quot;:&quot;0&quot;,&quot;shutter_speed&quot;:&quot;0&quot;,&quot;title&quot;:&quot;&quot;}\" data-image-title=\"conheca-o-primeiro-sapato-da-colecao-de-sarah-jessica-parker (1)\" data-image-description=\"\" data-image-caption=\"&lt;p&gt;Conhe\u00e7a o primeiro sapato da cole\u00e7\u00e3o de Sarah Jessica Parker&lt;\/p&gt;\n\" data-medium-file=\"https:\/\/i0.wp.com\/agrund.com\/wp-content\/uploads\/sites\/6\/2014\/01\/conheca-o-primeiro-sapato-da-colecao-de-sarah-jessica-parker-1.jpg?fit=208%2C300&amp;ssl=1\" data-large-file=\"https:\/\/i0.wp.com\/agrund.com\/wp-content\/uploads\/sites\/6\/2014\/01\/conheca-o-primeiro-sapato-da-colecao-de-sarah-jessica-parker-1.jpg?fit=550%2C792&amp;ssl=1\" decoding=\"async\" loading=\"lazy\" class=\"size-large wp-image-92492\" alt=\"Conhe\u00e7a o primeiro sapato da cole\u00e7\u00e3o de Sarah Jessica Parker\" src=\"https:\/\/i0.wp.com\/www.agrund.com\/wp-content\/uploads\/sites\/6\/cache\/2014\/01\/conheca-o-primeiro-sapato-da-colecao-de-sarah-jessica-parker-1\/393753618.jpg?resize=550%2C792\" width=\"550\" height=\"792\" data-recalc-dims=\"1\" \/><\/a><p id=\"caption-attachment-92492\" class=\"wp-caption-text\">Conhe\u00e7a o primeiro sapato da cole\u00e7\u00e3o de Sarah Jessica Parker<\/p><\/div>\n<div id=\"attachment_92493\" style=\"width: 560px\" class=\"wp-caption aligncenter\"><a href=\"https:\/\/i0.wp.com\/www.agrund.com\/wp-content\/uploads\/sites\/6\/2014\/01\/conheca-o-primeiro-sapato-da-colecao-de-sarah-jessica-parker-3.jpg\"><img aria-describedby=\"caption-attachment-92493\" data-attachment-id=\"92493\" data-permalink=\"https:\/\/agrund.com\/index.php\/conheca-o-primeiro-sapato-da-colecao-de-sarah-jessica-parker\/conheca-o-primeiro-sapato-da-colecao-de-sarah-jessica-parker-3\/\" data-orig-file=\"https:\/\/i0.wp.com\/agrund.com\/wp-content\/uploads\/sites\/6\/2014\/01\/conheca-o-primeiro-sapato-da-colecao-de-sarah-jessica-parker-3.jpg?fit=550%2C370&amp;ssl=1\" data-orig-size=\"550,370\" data-comments-opened=\"1\" data-image-meta=\"{&quot;aperture&quot;:&quot;0&quot;,&quot;credit&quot;:&quot;&quot;,&quot;camera&quot;:&quot;&quot;,&quot;caption&quot;:&quot;&quot;,&quot;created_timestamp&quot;:&quot;0&quot;,&quot;copyright&quot;:&quot;&quot;,&quot;focal_length&quot;:&quot;0&quot;,&quot;iso&quot;:&quot;0&quot;,&quot;shutter_speed&quot;:&quot;0&quot;,&quot;title&quot;:&quot;&quot;}\" data-image-title=\"conheca-o-primeiro-sapato-da-colecao-de-sarah-jessica-parker (3)\" data-image-description=\"\" data-image-caption=\"&lt;p&gt;Conhe\u00e7a o primeiro sapato da cole\u00e7\u00e3o de Sarah Jessica Parker&lt;\/p&gt;\n\" data-medium-file=\"https:\/\/i0.wp.com\/agrund.com\/wp-content\/uploads\/sites\/6\/2014\/01\/conheca-o-primeiro-sapato-da-colecao-de-sarah-jessica-parker-3.jpg?fit=300%2C201&amp;ssl=1\" data-large-file=\"https:\/\/i0.wp.com\/agrund.com\/wp-content\/uploads\/sites\/6\/2014\/01\/conheca-o-primeiro-sapato-da-colecao-de-sarah-jessica-parker-3.jpg?fit=550%2C370&amp;ssl=1\" decoding=\"async\" loading=\"lazy\" class=\"size-large wp-image-92493\" alt=\"Conhe\u00e7a o primeiro sapato da cole\u00e7\u00e3o de Sarah Jessica Parker\" src=\"https:\/\/i0.wp.com\/www.agrund.com\/wp-content\/uploads\/sites\/6\/cache\/2014\/01\/conheca-o-primeiro-sapato-da-colecao-de-sarah-jessica-parker-3\/1432171375.jpg?resize=550%2C370\" width=\"550\" height=\"370\" data-recalc-dims=\"1\" \/><\/a><p id=\"caption-attachment-92493\" class=\"wp-caption-text\">Conhe\u00e7a o primeiro sapato da cole\u00e7\u00e3o de Sarah Jessica Parker<\/p><\/div>\n<p>Imagens: Reprodu\u00e7\u00e3o.<\/p>\n","protected":false},"excerpt":{"rendered":"<p>Sarah Jessica Parker, que est\u00e1 desenvolvendo sua primeira cole\u00e7\u00e3o de sapatos, finalmente divulgou uma pr\u00e9via do que est\u00e1 por vir. A atriz colocou nas redes sociais a imagem de um modelo de couro scarpin preto de couro que tem uma tira presa por uma fivela. Sarah ainda afirmou que todos os sapatos s\u00e3o modelos que [&hellip;]<\/p>\n","protected":false},"author":1,"featured_media":92494,"comment_status":"open","ping_status":"open","sticky":false,"template":"","format":"standard","meta":{"jetpack_post_was_ever_published":false,"_jetpack_newsletter_access":"","jetpack_publicize_message":"","jetpack_is_tweetstorm":false,"jetpack_publicize_feature_enabled":true,"jetpack_social_post_already_shared":true,"jetpack_social_options":{"image_generator_settings":{"template":"highway","enabled":false}}},"categories":[2],"tags":[],"jetpack_publicize_connections":[],"jetpack_featured_media_url":"https:\/\/i0.wp.com\/agrund.com\/wp-content\/uploads\/sites\/6\/2014\/01\/slidesarah.jpg?fit=960%2C300&ssl=1","jetpack_sharing_enabled":true,"jetpack_shortlink":"https:\/\/wp.me\/p3Hz0n-o3N","jetpack_likes_enabled":true,"_links":{"self":[{"href":"https:\/\/agrund.com\/index.php\/wp-json\/wp\/v2\/posts\/92491"}],"collection":[{"href":"https:\/\/agrund.com\/index.php\/wp-json\/wp\/v2\/posts"}],"about":[{"href":"https:\/\/agrund.com\/index.php\/wp-json\/wp\/v2\/types\/post"}],"author":[{"embeddable":true,"href":"https:\/\/agrund.com\/index.php\/wp-json\/wp\/v2\/users\/1"}],"replies":[{"embeddable":true,"href":"https:\/\/agrund.com\/index.php\/wp-json\/wp\/v2\/comments?post=92491"}],"version-history":[{"count":0,"href":"https:\/\/agrund.com\/index.php\/wp-json\/wp\/v2\/posts\/92491\/revisions"}],"wp:featuredmedia":[{"embeddable":true,"href":"https:\/\/agrund.com\/index.php\/wp-json\/wp\/v2\/media\/92494"}],"wp:attachment":[{"href":"https:\/\/agrund.com\/index.php\/wp-json\/wp\/v2\/media?parent=92491"}],"wp:term":[{"taxonomy":"category","embeddable":true,"href":"https:\/\/agrund.com\/index.php\/wp-json\/wp\/v2\/categories?post=92491"},{"taxonomy":"post_tag","embeddable":true,"href":"https:\/\/agrund.com\/index.php\/wp-json\/wp\/v2\/tags?post=92491"}],"curies":[{"name":"wp","href":"https:\/\/api.w.org\/{rel}","templated":true}]}}