{"id":92479,"date":"2014-01-06T18:00:48","date_gmt":"2014-01-06T20:00:48","guid":{"rendered":"http:\/\/www.agrund.com\/?p=92479"},"modified":"2014-01-06T15:59:34","modified_gmt":"2014-01-06T17:59:34","slug":"comme-des-garcons-lanca-sua-nova-linha-verao-2014","status":"publish","type":"post","link":"https:\/\/agrund.com\/index.php\/comme-des-garcons-lanca-sua-nova-linha-verao-2014\/","title":{"rendered":"Comme des Gar\u00e7ons lan\u00e7a sua nova linha ver\u00e3o 2014"},"content":{"rendered":"<p>A Comme des Gar\u00e7ons acaba de divulgar as imagens de sua nova cole\u00e7\u00e3o primera\/ver\u00e3o 2013 masculina. Chamada &#8216;Play&#8217;, a linha traz um guarda-roupa completo, desde cardigans, moletons, camisas sociais e camisas p\u00f3lo at\u00e9 t-shirts.<\/p>\n<p>Tudo com estampas super divertidas de seu famoso cora\u00e7\u00e3o. Adoramos! Confira:<\/p>\n<div id=\"attachment_92480\" style=\"width: 560px\" class=\"wp-caption aligncenter\"><a href=\"https:\/\/i0.wp.com\/www.agrund.com\/wp-content\/uploads\/sites\/6\/2014\/01\/comme-des-garcons-lanca-sua-nova-linha-verao-2014-1.jpg\"><img aria-describedby=\"caption-attachment-92480\" data-attachment-id=\"92480\" data-permalink=\"https:\/\/agrund.com\/index.php\/comme-des-garcons-lanca-sua-nova-linha-verao-2014\/comme-des-garcons-lanca-sua-nova-linha-verao-2014-1\/\" data-orig-file=\"https:\/\/i0.wp.com\/agrund.com\/wp-content\/uploads\/sites\/6\/2014\/01\/comme-des-garcons-lanca-sua-nova-linha-verao-2014-1.jpg?fit=550%2C367&amp;ssl=1\" data-orig-size=\"550,367\" data-comments-opened=\"1\" data-image-meta=\"{&quot;aperture&quot;:&quot;0&quot;,&quot;credit&quot;:&quot;&quot;,&quot;camera&quot;:&quot;&quot;,&quot;caption&quot;:&quot;&quot;,&quot;created_timestamp&quot;:&quot;0&quot;,&quot;copyright&quot;:&quot;&quot;,&quot;focal_length&quot;:&quot;0&quot;,&quot;iso&quot;:&quot;0&quot;,&quot;shutter_speed&quot;:&quot;0&quot;,&quot;title&quot;:&quot;&quot;}\" data-image-title=\"comme-des-garcons-lanca-sua-nova-linha-verao-2014 (1)\" data-image-description=\"\" data-image-caption=\"&lt;p&gt;Comme des Gar\u00e7ons lan\u00e7a sua nova linha ver\u00e3o 2014&lt;\/p&gt;\n\" data-medium-file=\"https:\/\/i0.wp.com\/agrund.com\/wp-content\/uploads\/sites\/6\/2014\/01\/comme-des-garcons-lanca-sua-nova-linha-verao-2014-1.jpg?fit=300%2C200&amp;ssl=1\" data-large-file=\"https:\/\/i0.wp.com\/agrund.com\/wp-content\/uploads\/sites\/6\/2014\/01\/comme-des-garcons-lanca-sua-nova-linha-verao-2014-1.jpg?fit=550%2C367&amp;ssl=1\" decoding=\"async\" loading=\"lazy\" class=\"size-large wp-image-92480\" alt=\"Comme des Gar\u00e7ons lan\u00e7a sua nova linha ver\u00e3o 2014\" src=\"https:\/\/i0.wp.com\/www.agrund.com\/wp-content\/uploads\/sites\/6\/cache\/2014\/01\/comme-des-garcons-lanca-sua-nova-linha-verao-2014-1\/168239229.jpg?resize=550%2C367\" width=\"550\" height=\"367\" data-recalc-dims=\"1\" \/><\/a><p id=\"caption-attachment-92480\" class=\"wp-caption-text\">Comme des Gar\u00e7ons lan\u00e7a sua nova linha ver\u00e3o 2014<\/p><\/div>\n<div id=\"attachment_92481\" style=\"width: 560px\" class=\"wp-caption aligncenter\"><a href=\"https:\/\/i0.wp.com\/www.agrund.com\/wp-content\/uploads\/sites\/6\/2014\/01\/comme-des-garcons-lanca-sua-nova-linha-verao-2014-2.jpg\"><img aria-describedby=\"caption-attachment-92481\" data-attachment-id=\"92481\" data-permalink=\"https:\/\/agrund.com\/index.php\/comme-des-garcons-lanca-sua-nova-linha-verao-2014\/comme-des-garcons-lanca-sua-nova-linha-verao-2014-2\/\" data-orig-file=\"https:\/\/i0.wp.com\/agrund.com\/wp-content\/uploads\/sites\/6\/2014\/01\/comme-des-garcons-lanca-sua-nova-linha-verao-2014-2.jpg?fit=550%2C367&amp;ssl=1\" data-orig-size=\"550,367\" data-comments-opened=\"1\" data-image-meta=\"{&quot;aperture&quot;:&quot;0&quot;,&quot;credit&quot;:&quot;&quot;,&quot;camera&quot;:&quot;&quot;,&quot;caption&quot;:&quot;&quot;,&quot;created_timestamp&quot;:&quot;0&quot;,&quot;copyright&quot;:&quot;&quot;,&quot;focal_length&quot;:&quot;0&quot;,&quot;iso&quot;:&quot;0&quot;,&quot;shutter_speed&quot;:&quot;0&quot;,&quot;title&quot;:&quot;&quot;}\" data-image-title=\"comme-des-garcons-lanca-sua-nova-linha-verao-2014 (2)\" data-image-description=\"\" data-image-caption=\"&lt;p&gt;Comme des Gar\u00e7ons lan\u00e7a sua nova linha ver\u00e3o 2014&lt;\/p&gt;\n\" data-medium-file=\"https:\/\/i0.wp.com\/agrund.com\/wp-content\/uploads\/sites\/6\/2014\/01\/comme-des-garcons-lanca-sua-nova-linha-verao-2014-2.jpg?fit=300%2C200&amp;ssl=1\" data-large-file=\"https:\/\/i0.wp.com\/agrund.com\/wp-content\/uploads\/sites\/6\/2014\/01\/comme-des-garcons-lanca-sua-nova-linha-verao-2014-2.jpg?fit=550%2C367&amp;ssl=1\" decoding=\"async\" loading=\"lazy\" class=\"size-large wp-image-92481\" alt=\"Comme des Gar\u00e7ons lan\u00e7a sua nova linha ver\u00e3o 2014\" src=\"https:\/\/i0.wp.com\/www.agrund.com\/wp-content\/uploads\/sites\/6\/cache\/2014\/01\/comme-des-garcons-lanca-sua-nova-linha-verao-2014-2\/2223515550.jpg?resize=550%2C367\" width=\"550\" height=\"367\" data-recalc-dims=\"1\" \/><\/a><p id=\"caption-attachment-92481\" class=\"wp-caption-text\">Comme des Gar\u00e7ons lan\u00e7a sua nova linha ver\u00e3o 2014<\/p><\/div>\n<div id=\"attachment_92482\" style=\"width: 560px\" class=\"wp-caption aligncenter\"><a href=\"https:\/\/i0.wp.com\/www.agrund.com\/wp-content\/uploads\/sites\/6\/2014\/01\/comme-des-garcons-lanca-sua-nova-linha-verao-2014-3.jpg\"><img aria-describedby=\"caption-attachment-92482\" data-attachment-id=\"92482\" data-permalink=\"https:\/\/agrund.com\/index.php\/comme-des-garcons-lanca-sua-nova-linha-verao-2014\/comme-des-garcons-lanca-sua-nova-linha-verao-2014-3\/\" data-orig-file=\"https:\/\/i0.wp.com\/agrund.com\/wp-content\/uploads\/sites\/6\/2014\/01\/comme-des-garcons-lanca-sua-nova-linha-verao-2014-3.jpg?fit=550%2C367&amp;ssl=1\" data-orig-size=\"550,367\" data-comments-opened=\"1\" data-image-meta=\"{&quot;aperture&quot;:&quot;0&quot;,&quot;credit&quot;:&quot;&quot;,&quot;camera&quot;:&quot;&quot;,&quot;caption&quot;:&quot;&quot;,&quot;created_timestamp&quot;:&quot;0&quot;,&quot;copyright&quot;:&quot;&quot;,&quot;focal_length&quot;:&quot;0&quot;,&quot;iso&quot;:&quot;0&quot;,&quot;shutter_speed&quot;:&quot;0&quot;,&quot;title&quot;:&quot;&quot;}\" data-image-title=\"comme-des-garcons-lanca-sua-nova-linha-verao-2014 (3)\" data-image-description=\"\" data-image-caption=\"&lt;p&gt;Comme des Gar\u00e7ons lan\u00e7a sua nova linha ver\u00e3o 2014&lt;\/p&gt;\n\" data-medium-file=\"https:\/\/i0.wp.com\/agrund.com\/wp-content\/uploads\/sites\/6\/2014\/01\/comme-des-garcons-lanca-sua-nova-linha-verao-2014-3.jpg?fit=300%2C200&amp;ssl=1\" data-large-file=\"https:\/\/i0.wp.com\/agrund.com\/wp-content\/uploads\/sites\/6\/2014\/01\/comme-des-garcons-lanca-sua-nova-linha-verao-2014-3.jpg?fit=550%2C367&amp;ssl=1\" decoding=\"async\" loading=\"lazy\" class=\"size-large wp-image-92482\" alt=\"Comme des Gar\u00e7ons lan\u00e7a sua nova linha ver\u00e3o 2014\" src=\"https:\/\/i0.wp.com\/www.agrund.com\/wp-content\/uploads\/sites\/6\/cache\/2014\/01\/comme-des-garcons-lanca-sua-nova-linha-verao-2014-3\/1210197760.jpg?resize=550%2C367\" width=\"550\" height=\"367\" data-recalc-dims=\"1\" \/><\/a><p id=\"caption-attachment-92482\" class=\"wp-caption-text\">Comme des Gar\u00e7ons lan\u00e7a sua nova linha ver\u00e3o 2014<\/p><\/div>\n<div id=\"attachment_92483\" style=\"width: 560px\" class=\"wp-caption aligncenter\"><a href=\"https:\/\/i0.wp.com\/www.agrund.com\/wp-content\/uploads\/sites\/6\/2014\/01\/comme-des-garcons-lanca-sua-nova-linha-verao-2014-4.jpg\"><img aria-describedby=\"caption-attachment-92483\" data-attachment-id=\"92483\" data-permalink=\"https:\/\/agrund.com\/index.php\/comme-des-garcons-lanca-sua-nova-linha-verao-2014\/comme-des-garcons-lanca-sua-nova-linha-verao-2014-4\/\" data-orig-file=\"https:\/\/i0.wp.com\/agrund.com\/wp-content\/uploads\/sites\/6\/2014\/01\/comme-des-garcons-lanca-sua-nova-linha-verao-2014-4.jpg?fit=550%2C367&amp;ssl=1\" data-orig-size=\"550,367\" data-comments-opened=\"1\" data-image-meta=\"{&quot;aperture&quot;:&quot;0&quot;,&quot;credit&quot;:&quot;&quot;,&quot;camera&quot;:&quot;&quot;,&quot;caption&quot;:&quot;&quot;,&quot;created_timestamp&quot;:&quot;0&quot;,&quot;copyright&quot;:&quot;&quot;,&quot;focal_length&quot;:&quot;0&quot;,&quot;iso&quot;:&quot;0&quot;,&quot;shutter_speed&quot;:&quot;0&quot;,&quot;title&quot;:&quot;&quot;}\" data-image-title=\"comme-des-garcons-lanca-sua-nova-linha-verao-2014 (4)\" data-image-description=\"\" data-image-caption=\"&lt;p&gt;Comme des Gar\u00e7ons lan\u00e7a sua nova linha ver\u00e3o 2014&lt;\/p&gt;\n\" data-medium-file=\"https:\/\/i0.wp.com\/agrund.com\/wp-content\/uploads\/sites\/6\/2014\/01\/comme-des-garcons-lanca-sua-nova-linha-verao-2014-4.jpg?fit=300%2C200&amp;ssl=1\" data-large-file=\"https:\/\/i0.wp.com\/agrund.com\/wp-content\/uploads\/sites\/6\/2014\/01\/comme-des-garcons-lanca-sua-nova-linha-verao-2014-4.jpg?fit=550%2C367&amp;ssl=1\" decoding=\"async\" loading=\"lazy\" class=\"size-large wp-image-92483\" alt=\"Comme des Gar\u00e7ons lan\u00e7a sua nova linha ver\u00e3o 2014\" src=\"https:\/\/i0.wp.com\/www.agrund.com\/wp-content\/uploads\/sites\/6\/cache\/2014\/01\/comme-des-garcons-lanca-sua-nova-linha-verao-2014-4\/1122446873.jpg?resize=550%2C367\" width=\"550\" height=\"367\" data-recalc-dims=\"1\" \/><\/a><p id=\"caption-attachment-92483\" class=\"wp-caption-text\">Comme des Gar\u00e7ons lan\u00e7a sua nova linha ver\u00e3o 2014<\/p><\/div>\n<div id=\"attachment_92484\" style=\"width: 560px\" class=\"wp-caption aligncenter\"><a href=\"https:\/\/i0.wp.com\/www.agrund.com\/wp-content\/uploads\/sites\/6\/2014\/01\/comme-des-garcons-lanca-sua-nova-linha-verao-2014-5.jpg\"><img aria-describedby=\"caption-attachment-92484\" data-attachment-id=\"92484\" data-permalink=\"https:\/\/agrund.com\/index.php\/comme-des-garcons-lanca-sua-nova-linha-verao-2014\/comme-des-garcons-lanca-sua-nova-linha-verao-2014-5\/\" data-orig-file=\"https:\/\/i0.wp.com\/agrund.com\/wp-content\/uploads\/sites\/6\/2014\/01\/comme-des-garcons-lanca-sua-nova-linha-verao-2014-5.jpg?fit=550%2C367&amp;ssl=1\" data-orig-size=\"550,367\" data-comments-opened=\"1\" data-image-meta=\"{&quot;aperture&quot;:&quot;0&quot;,&quot;credit&quot;:&quot;&quot;,&quot;camera&quot;:&quot;&quot;,&quot;caption&quot;:&quot;&quot;,&quot;created_timestamp&quot;:&quot;0&quot;,&quot;copyright&quot;:&quot;&quot;,&quot;focal_length&quot;:&quot;0&quot;,&quot;iso&quot;:&quot;0&quot;,&quot;shutter_speed&quot;:&quot;0&quot;,&quot;title&quot;:&quot;&quot;}\" data-image-title=\"comme-des-garcons-lanca-sua-nova-linha-verao-2014 (5)\" data-image-description=\"\" data-image-caption=\"&lt;p&gt;Comme des Gar\u00e7ons lan\u00e7a sua nova linha ver\u00e3o 2014&lt;\/p&gt;\n\" data-medium-file=\"https:\/\/i0.wp.com\/agrund.com\/wp-content\/uploads\/sites\/6\/2014\/01\/comme-des-garcons-lanca-sua-nova-linha-verao-2014-5.jpg?fit=300%2C200&amp;ssl=1\" data-large-file=\"https:\/\/i0.wp.com\/agrund.com\/wp-content\/uploads\/sites\/6\/2014\/01\/comme-des-garcons-lanca-sua-nova-linha-verao-2014-5.jpg?fit=550%2C367&amp;ssl=1\" decoding=\"async\" loading=\"lazy\" class=\"size-large wp-image-92484\" alt=\"Comme des Gar\u00e7ons lan\u00e7a sua nova linha ver\u00e3o 2014\" src=\"https:\/\/i0.wp.com\/www.agrund.com\/wp-content\/uploads\/sites\/6\/cache\/2014\/01\/comme-des-garcons-lanca-sua-nova-linha-verao-2014-5\/2387422855.jpg?resize=550%2C367\" width=\"550\" height=\"367\" data-recalc-dims=\"1\" \/><\/a><p id=\"caption-attachment-92484\" class=\"wp-caption-text\">Comme des Gar\u00e7ons lan\u00e7a sua nova linha ver\u00e3o 2014<\/p><\/div>\n<div id=\"attachment_92485\" style=\"width: 560px\" class=\"wp-caption aligncenter\"><a href=\"https:\/\/i0.wp.com\/www.agrund.com\/wp-content\/uploads\/sites\/6\/2014\/01\/comme-des-garcons-lanca-sua-nova-linha-verao-2014-6.jpg\"><img aria-describedby=\"caption-attachment-92485\" data-attachment-id=\"92485\" data-permalink=\"https:\/\/agrund.com\/index.php\/comme-des-garcons-lanca-sua-nova-linha-verao-2014\/comme-des-garcons-lanca-sua-nova-linha-verao-2014-6\/\" data-orig-file=\"https:\/\/i0.wp.com\/agrund.com\/wp-content\/uploads\/sites\/6\/2014\/01\/comme-des-garcons-lanca-sua-nova-linha-verao-2014-6.jpg?fit=550%2C367&amp;ssl=1\" data-orig-size=\"550,367\" data-comments-opened=\"1\" data-image-meta=\"{&quot;aperture&quot;:&quot;0&quot;,&quot;credit&quot;:&quot;&quot;,&quot;camera&quot;:&quot;&quot;,&quot;caption&quot;:&quot;&quot;,&quot;created_timestamp&quot;:&quot;0&quot;,&quot;copyright&quot;:&quot;&quot;,&quot;focal_length&quot;:&quot;0&quot;,&quot;iso&quot;:&quot;0&quot;,&quot;shutter_speed&quot;:&quot;0&quot;,&quot;title&quot;:&quot;&quot;}\" data-image-title=\"comme-des-garcons-lanca-sua-nova-linha-verao-2014 (6)\" data-image-description=\"\" data-image-caption=\"&lt;p&gt;Comme des Gar\u00e7ons lan\u00e7a sua nova linha ver\u00e3o 2014&lt;\/p&gt;\n\" data-medium-file=\"https:\/\/i0.wp.com\/agrund.com\/wp-content\/uploads\/sites\/6\/2014\/01\/comme-des-garcons-lanca-sua-nova-linha-verao-2014-6.jpg?fit=300%2C200&amp;ssl=1\" data-large-file=\"https:\/\/i0.wp.com\/agrund.com\/wp-content\/uploads\/sites\/6\/2014\/01\/comme-des-garcons-lanca-sua-nova-linha-verao-2014-6.jpg?fit=550%2C367&amp;ssl=1\" decoding=\"async\" loading=\"lazy\" class=\"size-large wp-image-92485\" alt=\"Comme des Gar\u00e7ons lan\u00e7a sua nova linha ver\u00e3o 2014\" src=\"https:\/\/i0.wp.com\/www.agrund.com\/wp-content\/uploads\/sites\/6\/cache\/2014\/01\/comme-des-garcons-lanca-sua-nova-linha-verao-2014-6\/12724580.jpg?resize=550%2C367\" width=\"550\" height=\"367\" data-recalc-dims=\"1\" \/><\/a><p id=\"caption-attachment-92485\" class=\"wp-caption-text\">Comme des Gar\u00e7ons lan\u00e7a sua nova linha ver\u00e3o 2014<\/p><\/div>\n<div id=\"attachment_92486\" style=\"width: 560px\" class=\"wp-caption aligncenter\"><a href=\"https:\/\/i0.wp.com\/www.agrund.com\/wp-content\/uploads\/sites\/6\/2014\/01\/comme-des-garcons-lanca-sua-nova-linha-verao-2014-7.jpg\"><img aria-describedby=\"caption-attachment-92486\" data-attachment-id=\"92486\" data-permalink=\"https:\/\/agrund.com\/index.php\/comme-des-garcons-lanca-sua-nova-linha-verao-2014\/comme-des-garcons-lanca-sua-nova-linha-verao-2014-7\/\" data-orig-file=\"https:\/\/i0.wp.com\/agrund.com\/wp-content\/uploads\/sites\/6\/2014\/01\/comme-des-garcons-lanca-sua-nova-linha-verao-2014-7.jpg?fit=550%2C367&amp;ssl=1\" data-orig-size=\"550,367\" data-comments-opened=\"1\" data-image-meta=\"{&quot;aperture&quot;:&quot;0&quot;,&quot;credit&quot;:&quot;&quot;,&quot;camera&quot;:&quot;&quot;,&quot;caption&quot;:&quot;&quot;,&quot;created_timestamp&quot;:&quot;0&quot;,&quot;copyright&quot;:&quot;&quot;,&quot;focal_length&quot;:&quot;0&quot;,&quot;iso&quot;:&quot;0&quot;,&quot;shutter_speed&quot;:&quot;0&quot;,&quot;title&quot;:&quot;&quot;}\" data-image-title=\"comme-des-garcons-lanca-sua-nova-linha-verao-2014 (7)\" data-image-description=\"\" data-image-caption=\"&lt;p&gt;Comme des Gar\u00e7ons lan\u00e7a sua nova linha ver\u00e3o 2014&lt;\/p&gt;\n\" data-medium-file=\"https:\/\/i0.wp.com\/agrund.com\/wp-content\/uploads\/sites\/6\/2014\/01\/comme-des-garcons-lanca-sua-nova-linha-verao-2014-7.jpg?fit=300%2C200&amp;ssl=1\" data-large-file=\"https:\/\/i0.wp.com\/agrund.com\/wp-content\/uploads\/sites\/6\/2014\/01\/comme-des-garcons-lanca-sua-nova-linha-verao-2014-7.jpg?fit=550%2C367&amp;ssl=1\" decoding=\"async\" loading=\"lazy\" class=\"size-large wp-image-92486\" alt=\"Comme des Gar\u00e7ons lan\u00e7a sua nova linha ver\u00e3o 2014\" src=\"https:\/\/i0.wp.com\/www.agrund.com\/wp-content\/uploads\/sites\/6\/cache\/2014\/01\/comme-des-garcons-lanca-sua-nova-linha-verao-2014-7\/3429378554.jpg?resize=550%2C367\" width=\"550\" height=\"367\" data-recalc-dims=\"1\" \/><\/a><p id=\"caption-attachment-92486\" class=\"wp-caption-text\">Comme des Gar\u00e7ons lan\u00e7a sua nova linha ver\u00e3o 2014<\/p><\/div>\n<div id=\"attachment_92487\" style=\"width: 560px\" class=\"wp-caption aligncenter\"><a href=\"https:\/\/i0.wp.com\/www.agrund.com\/wp-content\/uploads\/sites\/6\/2014\/01\/comme-des-garcons-lanca-sua-nova-linha-verao-2014-8.jpg\"><img aria-describedby=\"caption-attachment-92487\" data-attachment-id=\"92487\" data-permalink=\"https:\/\/agrund.com\/index.php\/comme-des-garcons-lanca-sua-nova-linha-verao-2014\/comme-des-garcons-lanca-sua-nova-linha-verao-2014-8\/\" data-orig-file=\"https:\/\/i0.wp.com\/agrund.com\/wp-content\/uploads\/sites\/6\/2014\/01\/comme-des-garcons-lanca-sua-nova-linha-verao-2014-8.jpg?fit=550%2C367&amp;ssl=1\" data-orig-size=\"550,367\" data-comments-opened=\"1\" data-image-meta=\"{&quot;aperture&quot;:&quot;0&quot;,&quot;credit&quot;:&quot;&quot;,&quot;camera&quot;:&quot;&quot;,&quot;caption&quot;:&quot;&quot;,&quot;created_timestamp&quot;:&quot;0&quot;,&quot;copyright&quot;:&quot;&quot;,&quot;focal_length&quot;:&quot;0&quot;,&quot;iso&quot;:&quot;0&quot;,&quot;shutter_speed&quot;:&quot;0&quot;,&quot;title&quot;:&quot;&quot;}\" data-image-title=\"comme-des-garcons-lanca-sua-nova-linha-verao-2014 (8)\" data-image-description=\"\" data-image-caption=\"&lt;p&gt;Comme des Gar\u00e7ons lan\u00e7a sua nova linha ver\u00e3o 2014&lt;\/p&gt;\n\" data-medium-file=\"https:\/\/i0.wp.com\/agrund.com\/wp-content\/uploads\/sites\/6\/2014\/01\/comme-des-garcons-lanca-sua-nova-linha-verao-2014-8.jpg?fit=300%2C200&amp;ssl=1\" data-large-file=\"https:\/\/i0.wp.com\/agrund.com\/wp-content\/uploads\/sites\/6\/2014\/01\/comme-des-garcons-lanca-sua-nova-linha-verao-2014-8.jpg?fit=550%2C367&amp;ssl=1\" decoding=\"async\" loading=\"lazy\" class=\"size-large wp-image-92487\" alt=\"Comme des Gar\u00e7ons lan\u00e7a sua nova linha ver\u00e3o 2014\" src=\"https:\/\/i0.wp.com\/www.agrund.com\/wp-content\/uploads\/sites\/6\/cache\/2014\/01\/comme-des-garcons-lanca-sua-nova-linha-verao-2014-8\/357055318.jpg?resize=550%2C367\" width=\"550\" height=\"367\" data-recalc-dims=\"1\" \/><\/a><p id=\"caption-attachment-92487\" class=\"wp-caption-text\">Comme des Gar\u00e7ons lan\u00e7a sua nova linha ver\u00e3o 2014<\/p><\/div>\n<p>Imagens: Reprodu\u00e7\u00e3o.<\/p>\n","protected":false},"excerpt":{"rendered":"<p>A Comme des Gar\u00e7ons acaba de divulgar as imagens de sua nova cole\u00e7\u00e3o primera\/ver\u00e3o 2013 masculina. Chamada &#8216;Play&#8217;, a linha traz um guarda-roupa completo, desde cardigans, moletons, camisas sociais e camisas p\u00f3lo at\u00e9 t-shirts. Tudo com estampas super divertidas de seu famoso cora\u00e7\u00e3o. Adoramos! Confira: Imagens: Reprodu\u00e7\u00e3o.<\/p>\n","protected":false},"author":1,"featured_media":92488,"comment_status":"open","ping_status":"open","sticky":false,"template":"","format":"standard","meta":{"jetpack_post_was_ever_published":false,"_jetpack_newsletter_access":"","jetpack_publicize_message":"","jetpack_is_tweetstorm":false,"jetpack_publicize_feature_enabled":true,"jetpack_social_post_already_shared":true,"jetpack_social_options":{"image_generator_settings":{"template":"highway","enabled":false}}},"categories":[6],"tags":[],"jetpack_publicize_connections":[],"jetpack_featured_media_url":"https:\/\/i0.wp.com\/agrund.com\/wp-content\/uploads\/sites\/6\/2014\/01\/slide11.jpg?fit=960%2C300&ssl=1","jetpack_sharing_enabled":true,"jetpack_shortlink":"https:\/\/wp.me\/p3Hz0n-o3B","jetpack_likes_enabled":true,"_links":{"self":[{"href":"https:\/\/agrund.com\/index.php\/wp-json\/wp\/v2\/posts\/92479"}],"collection":[{"href":"https:\/\/agrund.com\/index.php\/wp-json\/wp\/v2\/posts"}],"about":[{"href":"https:\/\/agrund.com\/index.php\/wp-json\/wp\/v2\/types\/post"}],"author":[{"embeddable":true,"href":"https:\/\/agrund.com\/index.php\/wp-json\/wp\/v2\/users\/1"}],"replies":[{"embeddable":true,"href":"https:\/\/agrund.com\/index.php\/wp-json\/wp\/v2\/comments?post=92479"}],"version-history":[{"count":0,"href":"https:\/\/agrund.com\/index.php\/wp-json\/wp\/v2\/posts\/92479\/revisions"}],"wp:featuredmedia":[{"embeddable":true,"href":"https:\/\/agrund.com\/index.php\/wp-json\/wp\/v2\/media\/92488"}],"wp:attachment":[{"href":"https:\/\/agrund.com\/index.php\/wp-json\/wp\/v2\/media?parent=92479"}],"wp:term":[{"taxonomy":"category","embeddable":true,"href":"https:\/\/agrund.com\/index.php\/wp-json\/wp\/v2\/categories?post=92479"},{"taxonomy":"post_tag","embeddable":true,"href":"https:\/\/agrund.com\/index.php\/wp-json\/wp\/v2\/tags?post=92479"}],"curies":[{"name":"wp","href":"https:\/\/api.w.org\/{rel}","templated":true}]}}