{"id":92407,"date":"2013-12-23T22:00:54","date_gmt":"2013-12-24T00:00:54","guid":{"rendered":"http:\/\/www.agrund.com\/?p=92407"},"modified":"2013-12-23T22:25:00","modified_gmt":"2013-12-24T00:25:00","slug":"naomi-campbell-e-a-garota-da-capa","status":"publish","type":"post","link":"https:\/\/agrund.com\/index.php\/naomi-campbell-e-a-garota-da-capa\/","title":{"rendered":"Naomi Campbell \u00e9 a garota da capa"},"content":{"rendered":"<p>Naomi Campbell foi a escolhida para estrelar a capa da edi\u00e7\u00e3o janeiro de 2014 da Harper&#8217;s Bazaar Singapura. Em um vestido estampado Dolce &amp; Gabbana, a top mostra que os anos passam, mas sua beleza e postura sempre ser\u00e3o as mesmas. Confira:<\/p>\n<div id=\"attachment_92408\" style=\"width: 458px\" class=\"wp-caption aligncenter\"><a href=\"https:\/\/i0.wp.com\/www.agrund.com\/wp-content\/uploads\/sites\/6\/2013\/12\/naomi-campbell-e-a-garota-da-capa.jpg\"><img aria-describedby=\"caption-attachment-92408\" data-attachment-id=\"92408\" data-permalink=\"https:\/\/agrund.com\/index.php\/naomi-campbell-e-a-garota-da-capa\/naomi-campbell-e-a-garota-da-capa\/\" data-orig-file=\"https:\/\/i0.wp.com\/agrund.com\/wp-content\/uploads\/sites\/6\/2013\/12\/naomi-campbell-e-a-garota-da-capa.jpg?fit=640%2C838&amp;ssl=1\" data-orig-size=\"640,838\" data-comments-opened=\"1\" data-image-meta=\"{&quot;aperture&quot;:&quot;0&quot;,&quot;credit&quot;:&quot;&quot;,&quot;camera&quot;:&quot;&quot;,&quot;caption&quot;:&quot;&quot;,&quot;created_timestamp&quot;:&quot;0&quot;,&quot;copyright&quot;:&quot;&quot;,&quot;focal_length&quot;:&quot;0&quot;,&quot;iso&quot;:&quot;0&quot;,&quot;shutter_speed&quot;:&quot;0&quot;,&quot;title&quot;:&quot;&quot;}\" data-image-title=\"naomi-campbell-e-a-garota-da-capa\" data-image-description=\"\" data-image-caption=\"&lt;p&gt;Naomi Campbell \u00e9 a garota da capa&lt;\/p&gt;\n\" data-medium-file=\"https:\/\/i0.wp.com\/agrund.com\/wp-content\/uploads\/sites\/6\/2013\/12\/naomi-campbell-e-a-garota-da-capa.jpg?fit=229%2C300&amp;ssl=1\" data-large-file=\"https:\/\/i0.wp.com\/agrund.com\/wp-content\/uploads\/sites\/6\/2013\/12\/naomi-campbell-e-a-garota-da-capa.jpg?fit=640%2C838&amp;ssl=1\" decoding=\"async\" loading=\"lazy\" class=\" wp-image-92408 \" alt=\"Naomi Campbell \u00e9 a garota da capa\" src=\"https:\/\/i0.wp.com\/www.agrund.com\/wp-content\/uploads\/sites\/6\/cache\/2013\/12\/naomi-campbell-e-a-garota-da-capa\/1598817088.jpg?resize=448%2C587\" width=\"448\" height=\"587\" data-recalc-dims=\"1\" \/><\/a><p id=\"caption-attachment-92408\" class=\"wp-caption-text\">Naomi Campbell \u00e9 a garota da capa<\/p><\/div>\n<p>Imagem: Reprodu\u00e7\u00e3o.<\/p>\n","protected":false},"excerpt":{"rendered":"<p>Naomi Campbell foi a escolhida para estrelar a capa da edi\u00e7\u00e3o janeiro de 2014 da Harper&#8217;s Bazaar Singapura. Em um vestido estampado Dolce &amp; Gabbana, a top mostra que os anos passam, mas sua beleza e postura sempre ser\u00e3o as mesmas. Confira: Imagem: Reprodu\u00e7\u00e3o.<\/p>\n","protected":false},"author":1,"featured_media":92409,"comment_status":"open","ping_status":"open","sticky":false,"template":"","format":"standard","meta":{"jetpack_post_was_ever_published":false,"_jetpack_newsletter_access":"","jetpack_publicize_message":"","jetpack_is_tweetstorm":false,"jetpack_publicize_feature_enabled":true,"jetpack_social_post_already_shared":true,"jetpack_social_options":{"image_generator_settings":{"template":"highway","enabled":false}}},"categories":[2],"tags":[],"jetpack_publicize_connections":[],"jetpack_featured_media_url":"https:\/\/i0.wp.com\/agrund.com\/wp-content\/uploads\/sites\/6\/2013\/12\/slidecapa6.jpg?fit=960%2C300&ssl=1","jetpack_sharing_enabled":true,"jetpack_shortlink":"https:\/\/wp.me\/p3Hz0n-o2r","jetpack_likes_enabled":true,"_links":{"self":[{"href":"https:\/\/agrund.com\/index.php\/wp-json\/wp\/v2\/posts\/92407"}],"collection":[{"href":"https:\/\/agrund.com\/index.php\/wp-json\/wp\/v2\/posts"}],"about":[{"href":"https:\/\/agrund.com\/index.php\/wp-json\/wp\/v2\/types\/post"}],"author":[{"embeddable":true,"href":"https:\/\/agrund.com\/index.php\/wp-json\/wp\/v2\/users\/1"}],"replies":[{"embeddable":true,"href":"https:\/\/agrund.com\/index.php\/wp-json\/wp\/v2\/comments?post=92407"}],"version-history":[{"count":0,"href":"https:\/\/agrund.com\/index.php\/wp-json\/wp\/v2\/posts\/92407\/revisions"}],"wp:featuredmedia":[{"embeddable":true,"href":"https:\/\/agrund.com\/index.php\/wp-json\/wp\/v2\/media\/92409"}],"wp:attachment":[{"href":"https:\/\/agrund.com\/index.php\/wp-json\/wp\/v2\/media?parent=92407"}],"wp:term":[{"taxonomy":"category","embeddable":true,"href":"https:\/\/agrund.com\/index.php\/wp-json\/wp\/v2\/categories?post=92407"},{"taxonomy":"post_tag","embeddable":true,"href":"https:\/\/agrund.com\/index.php\/wp-json\/wp\/v2\/tags?post=92407"}],"curies":[{"name":"wp","href":"https:\/\/api.w.org\/{rel}","templated":true}]}}